{"id":67448,"date":"2023-02-06T10:06:39","date_gmt":"2023-02-06T09:06:39","guid":{"rendered":"https:\/\/www.mojevrijeme.hr\/magazin\/?p=67448"},"modified":"2023-02-08T11:42:46","modified_gmt":"2023-02-08T10:42:46","slug":"potral-mojevrijeme-bio-je-zrtva-hakerskog-napada","status":"publish","type":"post","link":"https:\/\/www.mojevrijeme.hr\/magazin\/2023\/02\/potral-mojevrijeme-bio-je-zrtva-hakerskog-napada\/","title":{"rendered":"Za\u0161to nas nije bilo? Portal MojeVrijeme bio je meta hakerskog napada"},"content":{"rendered":"\n<p>Portal MojeVrijeme.hr nije bio dostupan proteklih dana. Diljem svijeta zabilje\u017eeni su napadi na web poslu\u017eitelje taktikom <em>ransomwarea<\/em>, a me\u0111u njima je bio i na\u0161 poslu\u017eitelj s kojeg se u\u010ditavao i portal koji upravo \u010ditate. Ukratko, kriminalci su iskoristili ranjivost softvera i na na\u0161 server ubacili zlonamjerni k\u00f4d koji je kriptirao datoteke i u\u010dinio ih potpuno nefunkcionalnima.<\/p>\n\n\n\n<p>Na taj na\u010din &#8220;preko no\u0107i&#8221; ukraden je na\u0161 skoro desetljetni rad. Potom su nas ucijenili na iznos od 2.075 bitcoina u zamjenu za klju\u010d s kojim bismo dekriptirali na\u0161 sadr\u017eaj. Kako pla\u0107anje otkupnine u protuvrijednosti d 44.000 eura nije bilo opcija, predano smo radili na spa\u0161avanju sadr\u017eaja i u tome smo uspjeli. <\/p>\n\n\n\n<p>Stoga su u idu\u0107im danima mogu\u0107i manji nedostaci u sadr\u017eaju i&nbsp;gre\u0161ke u radu pa vas molimo da nas o njima obavijestite. O\u010dekujemo da \u0107e do kraja tjedna sav na\u0161 sadr\u017eaj biti ponovno <em>live i online<\/em>.<\/p><div id=\"mojev-2942358910\" class=\"mojev-u-tekstu mojev-entity-placement\" style=\"margin-left: auto;margin-right: auto;text-align: center;\"><div class=\"mojev-adlabel\">oglas<\/div><div style=\"height: 250px;\"><script async src=\"https:\/\/pagead2.googlesyndication.com\/pagead\/js\/adsbygoogle.js?client=ca-pub-8106111766207173\"\r\n     crossorigin=\"anonymous\"><\/script>\r\n<!-- Prikazni 1 u tekstu -->\r\n<ins class=\"adsbygoogle\"\r\n     style=\"display:block\"\r\n     data-ad-client=\"ca-pub-8106111766207173\"\r\n     data-ad-slot=\"8535551207\"\r\n     data-ad-format=\"auto\"\r\n     data-full-width-responsive=\"true\"><\/ins>\r\n<script>\r\n     (adsbygoogle = window.adsbygoogle || []).push({});\r\n<\/script><\/div><\/div><br style=\"clear: both; display: block; float: none;\"\/>\n\n\n\n<figure class=\"wp-block-image size-large\"><img loading=\"lazy\" decoding=\"async\" width=\"740\" height=\"140\" src=\"https:\/\/www.mojevrijeme.hr\/magazin\/wp-content\/uploads\/2023\/02\/hakeri-740x140.png\" alt=\"\" class=\"wp-image-67573\" srcset=\"https:\/\/www.mojevrijeme.hr\/magazin\/wp-content\/uploads\/2023\/02\/hakeri-740x140.png 740w, https:\/\/www.mojevrijeme.hr\/magazin\/wp-content\/uploads\/2023\/02\/hakeri-636x120.png 636w, https:\/\/www.mojevrijeme.hr\/magazin\/wp-content\/uploads\/2023\/02\/hakeri-768x145.png 768w, https:\/\/www.mojevrijeme.hr\/magazin\/wp-content\/uploads\/2023\/02\/hakeri-1536x290.png 1536w, https:\/\/www.mojevrijeme.hr\/magazin\/wp-content\/uploads\/2023\/02\/hakeri-2048x386.png 2048w, https:\/\/www.mojevrijeme.hr\/magazin\/wp-content\/uploads\/2023\/02\/hakeri-1080x204.png 1080w\" sizes=\"auto, (max-width: 740px) 100vw, 740px\" \/><figcaption class=\"wp-element-caption\">Poruka kojom smo obavije\u0161teni o postavljanju ransomwarea na na\u0161 poslu\u017eitelj<\/figcaption><\/figure>\n\n\n\n<p>Agencije javljaju da su tisu\u0107e poslu\u017eitelja kompromitirane i u drugim europskim zemljama poput Italije, Francuske i Finske, kao i u Sjedinjenim Dr\u017eavama i Kanadi. Slu\u010daj smo prijavili policiji.<\/p>\n<div id=\"mojev-1309741897\" class=\"mojev-kraj-teksta mojev-entity-placement\" style=\"margin-bottom: 20px;margin-left: auto;margin-right: auto;text-align: center;\"><div class=\"mojev-adlabel\">oglas<\/div><div style=\"height: 250px;\"><script async src=\"https:\/\/pagead2.googlesyndication.com\/pagead\/js\/adsbygoogle.js?client=ca-pub-8106111766207173\"\r\n     crossorigin=\"anonymous\"><\/script>\r\n<!-- Display-1 -->\r\n<ins class=\"adsbygoogle\"\r\n     style=\"display:block\"\r\n     data-ad-client=\"ca-pub-8106111766207173\"\r\n     data-ad-slot=\"1465712950\"\r\n     data-ad-format=\"auto\"\r\n     data-full-width-responsive=\"true\"><\/ins>\r\n<script>\r\n     (adsbygoogle = window.adsbygoogle || []).push({});\r\n<\/script><\/div><\/div>","protected":false},"excerpt":{"rendered":"<p>Agencije javljaju da su tisu\u0107e poslu\u017eitelja kompromitirane i u drugim europskim zemljama poput Italije, Francuske i Finske, kao i u Sjedinjenim Dr\u017eavama i Kanadi. Slu\u010daj smo prijavili policiji.<\/p>\n","protected":false},"author":1,"featured_media":48114,"comment_status":"closed","ping_status":"closed","sticky":false,"template":"","format":"standard","meta":{"footnotes":""},"categories":[9],"tags":[596,3351,289],"class_list":["post-67448","post","type-post","status-publish","format-standard","has-post-thumbnail","hentry","category-vijesti","tag-crna-kronika","tag-kiberkriminal","tag-kriminal"],"_links":{"self":[{"href":"https:\/\/www.mojevrijeme.hr\/magazin\/wp-json\/wp\/v2\/posts\/67448","targetHints":{"allow":["GET"]}}],"collection":[{"href":"https:\/\/www.mojevrijeme.hr\/magazin\/wp-json\/wp\/v2\/posts"}],"about":[{"href":"https:\/\/www.mojevrijeme.hr\/magazin\/wp-json\/wp\/v2\/types\/post"}],"author":[{"embeddable":true,"href":"https:\/\/www.mojevrijeme.hr\/magazin\/wp-json\/wp\/v2\/users\/1"}],"replies":[{"embeddable":true,"href":"https:\/\/www.mojevrijeme.hr\/magazin\/wp-json\/wp\/v2\/comments?post=67448"}],"version-history":[{"count":0,"href":"https:\/\/www.mojevrijeme.hr\/magazin\/wp-json\/wp\/v2\/posts\/67448\/revisions"}],"wp:featuredmedia":[{"embeddable":true,"href":"https:\/\/www.mojevrijeme.hr\/magazin\/wp-json\/wp\/v2\/media\/48114"}],"wp:attachment":[{"href":"https:\/\/www.mojevrijeme.hr\/magazin\/wp-json\/wp\/v2\/media?parent=67448"}],"wp:term":[{"taxonomy":"category","embeddable":true,"href":"https:\/\/www.mojevrijeme.hr\/magazin\/wp-json\/wp\/v2\/categories?post=67448"},{"taxonomy":"post_tag","embeddable":true,"href":"https:\/\/www.mojevrijeme.hr\/magazin\/wp-json\/wp\/v2\/tags?post=67448"}],"curies":[{"name":"wp","href":"https:\/\/api.w.org\/{rel}","templated":true}]}}