{"id":67529,"date":"2023-02-07T09:20:56","date_gmt":"2023-02-07T08:20:56","guid":{"rendered":"https:\/\/www.mojevrijeme.hr\/magazin\/?p=67529"},"modified":"2023-02-07T09:22:44","modified_gmt":"2023-02-07T08:22:44","slug":"dom-za-umirovljenike-poslao-zivu-zenu-u-krematorij","status":"publish","type":"post","link":"https:\/\/www.mojevrijeme.hr\/magazin\/2023\/02\/dom-za-umirovljenike-poslao-zivu-zenu-u-krematorij\/","title":{"rendered":"Dom za umirovljenike poslao je \u017eivu \u017eenu u krematorij"},"content":{"rendered":"\n<p>Dom za skrb o starijim osobama, koji se nalazi u predgra\u0111u Des Moinesa u ameri\u010dkoj dr\u017eavi Iowi, ka\u017enjen je s 10.000 dolara nakon \u0161okantne pogre\u0161ke &#8211; mrtvom su proglasili 66-godi\u0161nju \u017eenu, koja je kasnije u pogrebnom poduze\u0107u pokazivala znakove \u017eivota, javlja <a href=\"https:\/\/www.jutarnji.hr\/vijesti\/svijet\/u-domu-za-starije-proglasili-je-mrtvom-a-u-pogrebnom-poduzecu-opipali-puls-hvatala-je-zrak-15303264\" target=\"_blank\" rel=\"noreferrer noopener\">Jutarnji<\/a>.<\/p>\n\n\n\n<p>Naime, Centar Glen Oaks, koji skrbi o oboljelima od Alzheimerove bolesti, navodi u izvje\u0161\u0107u da je 66-godi\u0161njakinja 3. sije\u010dnja progla\u0161ena mrtvom. Bolovala je od rane demencije, anksioznosti i depresije, a \u0161ti\u0107enica centra bila je od 28. prosinca 2022.<\/p>\n\n\n\n<p>Njezino tijelo u vre\u0107i s patentnim zatvara\u010dem odvezeno je u pogrebno poduze\u0107e i krematorij Ankeny, no tamo\u0161nji djelatnici ustanovili su da jo\u0161 uvijek di\u0161e te su pozvali hitnu pomo\u0107. Prevezena je u bolnicu Mercy West Lakes. Disala je, ali nije bila pri svijesti. Na kraju su je vratili u dom za specijalnu skrb, gdje je doista preminula 5. sije\u010dnja, kad su uz nju bili \u010dlanovi obitelji, navodi se u izvje\u0161\u0107u.<\/p><div id=\"mojev-3744502656\" class=\"mojev-u-tekstu mojev-entity-placement\" style=\"margin-left: auto;margin-right: auto;text-align: center;\"><div class=\"mojev-adlabel\">oglas<\/div><div style=\"height: 250px;\"><script async src=\"https:\/\/pagead2.googlesyndication.com\/pagead\/js\/adsbygoogle.js?client=ca-pub-8106111766207173\"\r\n     crossorigin=\"anonymous\"><\/script>\r\n<!-- Prikazni 1 u tekstu -->\r\n<ins class=\"adsbygoogle\"\r\n     style=\"display:block\"\r\n     data-ad-client=\"ca-pub-8106111766207173\"\r\n     data-ad-slot=\"8535551207\"\r\n     data-ad-format=\"auto\"\r\n     data-full-width-responsive=\"true\"><\/ins>\r\n<script>\r\n     (adsbygoogle = window.adsbygoogle || []).push({});\r\n<\/script><\/div><\/div><br style=\"clear: both; display: block; float: none;\"\/>\n\n\n\n<p>Zaposlenica Glen Oaksa, koja je radila u smjeni 3. sije\u010dnja kad je 66-godi\u0161njakinja prvi put progla\u0161ena mrtvom, rekla je istra\u017eiteljima da je ona prva medicinskoj sestri rekla da \u017eena ne di\u0161e i nema puls.<\/p>\n\n\n\n<p>Medicinska sestra, koja je cijelu no\u0107 bila pokraj \u0161ti\u0107enice, tako\u0111er nije mogla opipati puls te je utvrdila da \u017eena ne di\u0161e. Pregledavala je \u017eenu jo\u0161 pet minuta nakon \u010dega ju je proglasila mrtvom. Bilo je oko 6.30 ujutro, otprilike 90 minuta nakon prve prijave \u010dlana osoblja.<\/p>\n\n\n\n<p>Zaposlenik pogrebnog poduze\u0107a i druga medicinska sestra, koji su preminulu \u017eenu stavili u vre\u0107u, a zatim prebacili u vozilo pogrebnog poduze\u0107a oko sat vremena kasnije, tako\u0111er nisu utvrdili znakove \u017eivota, navodi se u izvje\u0161\u0107u.<\/p>\n\n\n\n<p>Odjel za inspekcije i \u017ealbe ustvrdio je da centar za skrb &#8220;nije pru\u017eio odgovaraju\u0107e smjernice kako bi osigurao odgovaraju\u0107u skrb&#8221; prije nego \u0161to je \u017eena progla\u0161ena mrtvom. Policija zbog ovog slu\u010daja ipak ne\u0107e uputiti kaznenu prijavu.<\/p>\n<div id=\"mojev-2932511744\" class=\"mojev-kraj-teksta mojev-entity-placement\" style=\"margin-bottom: 20px;margin-left: auto;margin-right: auto;text-align: center;\"><div class=\"mojev-adlabel\">oglas<\/div><div style=\"height: 250px;\"><script async src=\"https:\/\/pagead2.googlesyndication.com\/pagead\/js\/adsbygoogle.js?client=ca-pub-8106111766207173\"\r\n     crossorigin=\"anonymous\"><\/script>\r\n<!-- Display-1 -->\r\n<ins class=\"adsbygoogle\"\r\n     style=\"display:block\"\r\n     data-ad-client=\"ca-pub-8106111766207173\"\r\n     data-ad-slot=\"1465712950\"\r\n     data-ad-format=\"auto\"\r\n     data-full-width-responsive=\"true\"><\/ins>\r\n<script>\r\n     (adsbygoogle = window.adsbygoogle || []).push({});\r\n<\/script><\/div><\/div>","protected":false},"excerpt":{"rendered":"<p>Medicinska sestra, koja je cijelu no\u0107 bila pokraj \u0161ti\u0107enice, tako\u0111er nije mogla opipati puls te je utvrdila da \u017eena ne di\u0161e. Pregledavala je \u017eenu jo\u0161 pet minuta nakon \u010dega ju je proglasila mrtvom.<\/p>\n","protected":false},"author":1,"featured_media":67530,"comment_status":"closed","ping_status":"closed","sticky":false,"template":"","format":"standard","meta":{"footnotes":""},"categories":[9],"tags":[596,2526],"class_list":["post-67529","post","type-post","status-publish","format-standard","has-post-thumbnail","hentry","category-vijesti","tag-crna-kronika","tag-krematorij"],"_links":{"self":[{"href":"https:\/\/www.mojevrijeme.hr\/magazin\/wp-json\/wp\/v2\/posts\/67529","targetHints":{"allow":["GET"]}}],"collection":[{"href":"https:\/\/www.mojevrijeme.hr\/magazin\/wp-json\/wp\/v2\/posts"}],"about":[{"href":"https:\/\/www.mojevrijeme.hr\/magazin\/wp-json\/wp\/v2\/types\/post"}],"author":[{"embeddable":true,"href":"https:\/\/www.mojevrijeme.hr\/magazin\/wp-json\/wp\/v2\/users\/1"}],"replies":[{"embeddable":true,"href":"https:\/\/www.mojevrijeme.hr\/magazin\/wp-json\/wp\/v2\/comments?post=67529"}],"version-history":[{"count":0,"href":"https:\/\/www.mojevrijeme.hr\/magazin\/wp-json\/wp\/v2\/posts\/67529\/revisions"}],"wp:featuredmedia":[{"embeddable":true,"href":"https:\/\/www.mojevrijeme.hr\/magazin\/wp-json\/wp\/v2\/media\/67530"}],"wp:attachment":[{"href":"https:\/\/www.mojevrijeme.hr\/magazin\/wp-json\/wp\/v2\/media?parent=67529"}],"wp:term":[{"taxonomy":"category","embeddable":true,"href":"https:\/\/www.mojevrijeme.hr\/magazin\/wp-json\/wp\/v2\/categories?post=67529"},{"taxonomy":"post_tag","embeddable":true,"href":"https:\/\/www.mojevrijeme.hr\/magazin\/wp-json\/wp\/v2\/tags?post=67529"}],"curies":[{"name":"wp","href":"https:\/\/api.w.org\/{rel}","templated":true}]}}