{"id":6802,"date":"2016-03-18T08:34:58","date_gmt":"2016-03-18T07:34:58","guid":{"rendered":"http:\/\/www.mojevrijeme.hr\/magazin\/?p=6802"},"modified":"2016-03-18T08:37:38","modified_gmt":"2016-03-18T07:37:38","slug":"pogledajte-sto-sunce-radi-ljudskoj-kozi","status":"publish","type":"post","link":"https:\/\/www.mojevrijeme.hr\/magazin\/2016\/03\/pogledajte-sto-sunce-radi-ljudskoj-kozi\/","title":{"rendered":"Prona\u0111ite razlike i pogledajte \u0161to sunce radi ljudskoj ko\u017ei"},"content":{"rendered":"<p>69-godi\u0161nji voza\u010d kamiona otkrio je kakvu je \u0161tetu njegovom licu u\u010dinilo 28 godina izlaganja suncu.\u00a0To\u010dnije, kakvu je \u0161tetu sunce nanijelo polovini njegovog lice jer je u tih 28 godina sunce dopiralo uvijek s iste strane, kroz prozor na mjestu voza\u010da.\u00a0Jedna strana njegovog lica izgleda bitno starije od druge, puna je bora i o\u0161te\u0107enja.<\/p>\n<p>Ova se fotografije prvi puta pojavila u <a href=\"http:\/\/www.nejm.org\/doi\/full\/10.1056\/NEJMicm1104059#t=article\" target=\"_blank\">New England Journal of Medicine<\/a>\u00a0jo\u0161 2012. godine, no ovih je dana ponovno osvanula na dru\u0161tvenoj mre\u017ei Reddit.\u00a0Fotografija je tada \u2013 ali i sada \u2013 mnoge ljude nagnala da dobro promile prije nego odlu\u010de po\u0107i na sunce bez za\u0161tite.<\/p>\n<p>Dermatolozi su rekla kako je ovo stanje poznato pod nazivom dermatohelioza. Ultraljubi\u010daste zrake mogu pro\u0107i kroz staklo i prodrijeti do epidermalnog sloja ko\u017ee. Kroni\u010dna izlo\u017eenost UVA zrakama rezultira zadebljanjem ko\u017ee kao i drasti\u010dnom smanjenju elasti\u010dnosti. Tako\u0111er, ovo stanje mo\u017ee dovesti i do razvoja raka ko\u017ee.<\/p><div id=\"mojev-2993139110\" class=\"mojev-u-tekstu mojev-entity-placement\" style=\"margin-left: auto;margin-right: auto;text-align: center;\"><div class=\"mojev-adlabel\">oglas<\/div><div style=\"height: 250px;\"><script async src=\"https:\/\/pagead2.googlesyndication.com\/pagead\/js\/adsbygoogle.js?client=ca-pub-8106111766207173\"\r\n     crossorigin=\"anonymous\"><\/script>\r\n<!-- Prikazni 1 u tekstu -->\r\n<ins class=\"adsbygoogle\"\r\n     style=\"display:block\"\r\n     data-ad-client=\"ca-pub-8106111766207173\"\r\n     data-ad-slot=\"8535551207\"\r\n     data-ad-format=\"auto\"\r\n     data-full-width-responsive=\"true\"><\/ins>\r\n<script>\r\n     (adsbygoogle = window.adsbygoogle || []).push({});\r\n<\/script><\/div><\/div><br style=\"clear: both; display: block; float: none;\"\/>\n<div id=\"attachment_6834\" style=\"width: 750px\" class=\"wp-caption aligncenter\"><img loading=\"lazy\" decoding=\"async\" aria-describedby=\"caption-attachment-6834\" class=\"wp-image-6834 size-full\" src=\"http:\/\/www.mojevrijeme.hr\/magazin\/wp-content\/uploads\/2016\/03\/kako-sunce-djeluje-na-kozu.jpg\" alt=\"Kako se najbolje za\u0161titi od sunca? \" width=\"740\" height=\"1107\" srcset=\"https:\/\/www.mojevrijeme.hr\/magazin\/wp-content\/uploads\/2016\/03\/kako-sunce-djeluje-na-kozu.jpg 740w, https:\/\/www.mojevrijeme.hr\/magazin\/wp-content\/uploads\/2016\/03\/kako-sunce-djeluje-na-kozu-425x636.jpg 425w, https:\/\/www.mojevrijeme.hr\/magazin\/wp-content\/uploads\/2016\/03\/kako-sunce-djeluje-na-kozu-495x740.jpg 495w\" sizes=\"auto, (max-width: 740px) 100vw, 740px\" \/><p id=\"caption-attachment-6834\" class=\"wp-caption-text\">foto: New England Journal of Medicine<\/p><\/div>\n<div id=\"mojev-2607541443\" class=\"mojev-kraj-teksta mojev-entity-placement\" style=\"margin-bottom: 20px;margin-left: auto;margin-right: auto;text-align: center;\"><div class=\"mojev-adlabel\">oglas<\/div><div style=\"height: 250px;\"><script async src=\"https:\/\/pagead2.googlesyndication.com\/pagead\/js\/adsbygoogle.js?client=ca-pub-8106111766207173\"\r\n     crossorigin=\"anonymous\"><\/script>\r\n<!-- Display-1 -->\r\n<ins class=\"adsbygoogle\"\r\n     style=\"display:block\"\r\n     data-ad-client=\"ca-pub-8106111766207173\"\r\n     data-ad-slot=\"1465712950\"\r\n     data-ad-format=\"auto\"\r\n     data-full-width-responsive=\"true\"><\/ins>\r\n<script>\r\n     (adsbygoogle = window.adsbygoogle || []).push({});\r\n<\/script><\/div><\/div>","protected":false},"excerpt":{"rendered":"<p>69-godi\u0161nji voza\u010d kamiona otkrio je kakvu je \u0161tetu njegovom licu u\u010dinilo 28 godina izlaganja suncu. U tih 28 godina sunce dopiralo uvijek s iste strane, kroz prozor na mjestu voza\u010da pa je jedna strana njegovog lica bila za\u0161ti\u0107ena, dok je druga bila izlo\u017eena razornim zrakama. <\/p>\n","protected":false},"author":4,"featured_media":6833,"comment_status":"closed","ping_status":"open","sticky":false,"template":"","format":"standard","meta":{"footnotes":""},"categories":[3],"tags":[43,80,624],"class_list":["post-6802","post","type-post","status-publish","format-standard","has-post-thumbnail","hentry","category-zdravlje","tag-karcinom","tag-starenje","tag-sunce"],"_links":{"self":[{"href":"https:\/\/www.mojevrijeme.hr\/magazin\/wp-json\/wp\/v2\/posts\/6802","targetHints":{"allow":["GET"]}}],"collection":[{"href":"https:\/\/www.mojevrijeme.hr\/magazin\/wp-json\/wp\/v2\/posts"}],"about":[{"href":"https:\/\/www.mojevrijeme.hr\/magazin\/wp-json\/wp\/v2\/types\/post"}],"author":[{"embeddable":true,"href":"https:\/\/www.mojevrijeme.hr\/magazin\/wp-json\/wp\/v2\/users\/4"}],"replies":[{"embeddable":true,"href":"https:\/\/www.mojevrijeme.hr\/magazin\/wp-json\/wp\/v2\/comments?post=6802"}],"version-history":[{"count":0,"href":"https:\/\/www.mojevrijeme.hr\/magazin\/wp-json\/wp\/v2\/posts\/6802\/revisions"}],"wp:featuredmedia":[{"embeddable":true,"href":"https:\/\/www.mojevrijeme.hr\/magazin\/wp-json\/wp\/v2\/media\/6833"}],"wp:attachment":[{"href":"https:\/\/www.mojevrijeme.hr\/magazin\/wp-json\/wp\/v2\/media?parent=6802"}],"wp:term":[{"taxonomy":"category","embeddable":true,"href":"https:\/\/www.mojevrijeme.hr\/magazin\/wp-json\/wp\/v2\/categories?post=6802"},{"taxonomy":"post_tag","embeddable":true,"href":"https:\/\/www.mojevrijeme.hr\/magazin\/wp-json\/wp\/v2\/tags?post=6802"}],"curies":[{"name":"wp","href":"https:\/\/api.w.org\/{rel}","templated":true}]}}