{"id":68100,"date":"2023-02-22T18:42:19","date_gmt":"2023-02-22T17:42:19","guid":{"rendered":"https:\/\/www.mojevrijeme.hr\/magazin\/?p=68100"},"modified":"2023-02-22T18:43:31","modified_gmt":"2023-02-22T17:43:31","slug":"gabricevic-nakon-izbacivanja-hrelje-trebaju-nam-mladi-clanovi-stranka-je-jako-stara","status":"publish","type":"post","link":"https:\/\/www.mojevrijeme.hr\/magazin\/2023\/02\/gabricevic-nakon-izbacivanja-hrelje-trebaju-nam-mladi-clanovi-stranka-je-jako-stara\/","title":{"rendered":"Gabri\u010devi\u0107 nakon izbacivanja Hrelje: Trebaju nam mladi \u010dlanovi, stranka je jako stara"},"content":{"rendered":"\n<p>Predsjedni\u0161tvo Hrvatske stranke umirovljenika (HSU) isklju\u010dilo je u ponedjeljak&nbsp;<strong>Silvana Hrelju<\/strong>&nbsp;iz stranke zbog sudjelovanja na skupu koalicije stranaka Umirovljenici zajedno, no Silvano Hrelja ka\u017ee da je na skup do\u0161ao kao saborski zastupnik i predstavnik umirovljenika. Stranci je poru\u010dio &#8220;neka rade \u0161to ho\u0107e&#8221;.<\/p>\n\n\n\n<p>\u201cNije potres u stranci. Stranka ne mo\u017ee ovisiti o jednom \u010dovjeku. HSU je i dalje parlametnarna stranka jedino \u0161to na\u0161 saborski zastupnik nije vi\u0161e \u010dlan stranke. Ja sam&nbsp;primio du\u017enost predsjednika od Hrelje 8. 12. 2020. i odmah na prvom zajedni\u010dkom sastanku sam mu predlo\u017eio da bi bilo dobro da zbog rje\u0161enja niza problema i pitanja koja pritu\u0161\u0107u umirovljenike, da bismo to lak\u0161e rije\u0161ili kad bi na\u0161 saborski zastupnik dao potporu vladaju\u0107oj ve\u0107ini&#8221;, komentirao je predsjednik HSU-a Veselko Gabri\u010devi\u0107 u programu <a href=\"https:\/\/n1info.hr\/vijesti\/sef-stranke-umirovljenika-stranka-nam-je-jako-stara-trebaju-nam-mladi-clanovi\/\" target=\"_blank\" rel=\"noreferrer noopener\">N1<\/a> televizije.<\/p>\n\n\n\n<p>&#8220;Njegov odgovor je bio: &#8216;ne mogu to u\u010diniti niti \u0107u ikada u\u010diniti. Ja sam izabran na listi Restart koaliciji, ja sam du\u017enik SDP-a. Da to u\u010dinim, nikad se ne bih mogao vratiti u Istru.&#8217; I\u00a0to je tako nekako stajalo da bi 10. 6. 2021. kada je na sjednici Sredi\u0161njeg odbora poku\u0161ao s jednom skupinom svojih istomi\u0161ljenika mene vjerojatno smijeniti. U pauzi mi je pri\u0161ao i rekao &#8216;smijenjen \u0107e\u0161 biti danas, ja sam rekao da ne\u0107u. Poslije toga, odmah istog dana poslijepodne oti\u0161ao je kod vladaju\u0107ih i dao izjavu da on daje potporu HDZ-u i vladaju\u0107ima i da je to njegova osobna inicijativa i osobni stav, a ne stav stranke&#8221;, ispri\u010dao je Gabri\u010devi\u0107 za N1. Dodaje da bi bilo po\u0161teno da Hrelja vrati mandat stranci, no ne vjeruje da \u0107e se to dogoditi. (Vi\u0161e o razlozima izbacivanja Silvana Hrelje iz HSU-a, <a rel=\"noreferrer noopener\" href=\"https:\/\/www.mojevrijeme.hr\/magazin\/2023\/02\/hsu-izbacio-silvana-hrelju-kazu-da-je-to-higijensko-pitanje\/\" data-type=\"post\" data-id=\"68045\" target=\"_blank\">pro\u010ditajte ovdje<\/a>.)<\/p><div id=\"mojev-905170504\" class=\"mojev-u-tekstu mojev-entity-placement\" style=\"margin-left: auto;margin-right: auto;text-align: center;\"><div class=\"mojev-adlabel\">oglas<\/div><div style=\"height: 250px;\"><script async src=\"https:\/\/pagead2.googlesyndication.com\/pagead\/js\/adsbygoogle.js?client=ca-pub-8106111766207173\"\r\n     crossorigin=\"anonymous\"><\/script>\r\n<!-- Prikazni 1 u tekstu -->\r\n<ins class=\"adsbygoogle\"\r\n     style=\"display:block\"\r\n     data-ad-client=\"ca-pub-8106111766207173\"\r\n     data-ad-slot=\"8535551207\"\r\n     data-ad-format=\"auto\"\r\n     data-full-width-responsive=\"true\"><\/ins>\r\n<script>\r\n     (adsbygoogle = window.adsbygoogle || []).push({});\r\n<\/script><\/div><\/div><br style=\"clear: both; display: block; float: none;\"\/>\n\n\n\n<h3 class=\"wp-block-heading\">O jo\u0161 jednoj najavi poskupljenja<\/h3>\n\n\n\n<p>&#8220;Za o\u010dekivati je odre\u0111eni porast cijena, ali nadam se da ne\u0107e biti tako drasti\u010dno kao \u0161to neki najavljuju. Vlada je i ranije poduzela niz mjera kako bi se za\u0161titio standard umjerovnika. Znamo da su mjere na snazi do 1. travnja, za o\u010dekivati je da, ako \u0107e do\u0107i do velikog udara cijena, da \u0107e vlada i tada intervenirati i pomo\u0107i onima koji su najugro\u017eeniji. Bez obzira \u0161to su sve te mjere poduzete, s obzirom na rast inflacije, standard umirovljenika je sve ni\u017ei i ni\u017ei i njima je sve te\u017ee i te\u017ee \u017eivjeti&#8221;, rekao je Gabri\u010devi\u0107.<\/p>\n\n\n\n<p>&#8220;Nisam od onih koji \u0107e mo\u0107i kupovati obveznice jer nemam u pri\u010duvi sredstava, \u017eivim s mirovinom od 1. do 1., pokrivam se. A ta aplikacija, mislim da \u0107e pomo\u0107i onima koji te\u0161ko sastavljaju kraj s krajem. Njima je svaki cent va\u017ean. Daleko vi\u0161e umirovljenika se slu\u017ei novim tehnologijama nego \u0161to to neki misle. Mobitel je na svakom koraku&#8221;, komentirao je izlazak narodnih obveznica.<\/p>\n\n\n\n<h3 class=\"wp-block-heading\">O budu\u0107nosti stranke<\/h3>\n\n\n\n<p>&#8220;Na nama je da oja\u010damo kadrovski stranku, pomladimo stranku, da se borimo i za budu\u0107e umirovljenike jer mo\u017eda njih \u010dekaju te\u017ei dani i mi smo na zadnjim izborima u stranci dosta pomladili stranku, imamo dosta novog kadra, ljudi koji su spremni raditi, dovoditi mla\u0111e ljude i da obja\u0161njavamo ciljeve mladima kako bi se mladi priklju\u010dili. Stranka nam je bila jako stara, i dalje je, trebaju nam mladi \u010dlanovi&#8221;, rekao je Gabri\u010devi\u0107.<\/p>\n<div id=\"mojev-3522233498\" class=\"mojev-kraj-teksta mojev-entity-placement\" style=\"margin-bottom: 20px;margin-left: auto;margin-right: auto;text-align: center;\"><div class=\"mojev-adlabel\">oglas<\/div><div style=\"height: 250px;\"><script async src=\"https:\/\/pagead2.googlesyndication.com\/pagead\/js\/adsbygoogle.js?client=ca-pub-8106111766207173\"\r\n     crossorigin=\"anonymous\"><\/script>\r\n<!-- Display-1 -->\r\n<ins class=\"adsbygoogle\"\r\n     style=\"display:block\"\r\n     data-ad-client=\"ca-pub-8106111766207173\"\r\n     data-ad-slot=\"1465712950\"\r\n     data-ad-format=\"auto\"\r\n     data-full-width-responsive=\"true\"><\/ins>\r\n<script>\r\n     (adsbygoogle = window.adsbygoogle || []).push({});\r\n<\/script><\/div><\/div>","protected":false},"excerpt":{"rendered":"<p>Predsjednik Hrvatske stranke umirovljenika Veselko Gabri\u010devi\u0107 komentirao je u programu N1 televizije brojne teme; od porasta cijena do izbacivanja dugogodi\u0161njeg vo\u0111e HSU-a Silvana Hrelje iz stranke. <\/p>\n","protected":false},"author":1,"featured_media":46711,"comment_status":"closed","ping_status":"closed","sticky":false,"template":"","format":"standard","meta":{"footnotes":""},"categories":[9],"tags":[111,553,2584],"class_list":["post-68100","post","type-post","status-publish","format-standard","has-post-thumbnail","hentry","category-vijesti","tag-hrvatska-stranka-umirovljenika","tag-silvano-hrelja","tag-veselko-gabricevic"],"_links":{"self":[{"href":"https:\/\/www.mojevrijeme.hr\/magazin\/wp-json\/wp\/v2\/posts\/68100","targetHints":{"allow":["GET"]}}],"collection":[{"href":"https:\/\/www.mojevrijeme.hr\/magazin\/wp-json\/wp\/v2\/posts"}],"about":[{"href":"https:\/\/www.mojevrijeme.hr\/magazin\/wp-json\/wp\/v2\/types\/post"}],"author":[{"embeddable":true,"href":"https:\/\/www.mojevrijeme.hr\/magazin\/wp-json\/wp\/v2\/users\/1"}],"replies":[{"embeddable":true,"href":"https:\/\/www.mojevrijeme.hr\/magazin\/wp-json\/wp\/v2\/comments?post=68100"}],"version-history":[{"count":0,"href":"https:\/\/www.mojevrijeme.hr\/magazin\/wp-json\/wp\/v2\/posts\/68100\/revisions"}],"wp:featuredmedia":[{"embeddable":true,"href":"https:\/\/www.mojevrijeme.hr\/magazin\/wp-json\/wp\/v2\/media\/46711"}],"wp:attachment":[{"href":"https:\/\/www.mojevrijeme.hr\/magazin\/wp-json\/wp\/v2\/media?parent=68100"}],"wp:term":[{"taxonomy":"category","embeddable":true,"href":"https:\/\/www.mojevrijeme.hr\/magazin\/wp-json\/wp\/v2\/categories?post=68100"},{"taxonomy":"post_tag","embeddable":true,"href":"https:\/\/www.mojevrijeme.hr\/magazin\/wp-json\/wp\/v2\/tags?post=68100"}],"curies":[{"name":"wp","href":"https:\/\/api.w.org\/{rel}","templated":true}]}}