{"id":68332,"date":"2023-03-06T11:57:25","date_gmt":"2023-03-06T10:57:25","guid":{"rendered":"https:\/\/www.mojevrijeme.hr\/magazin\/?p=68332"},"modified":"2023-03-06T12:23:29","modified_gmt":"2023-03-06T11:23:29","slug":"jedino-sto-ne-biste-trebali-nositi-nakon-50-je-teret-tudeg-misljenja","status":"publish","type":"post","link":"https:\/\/www.mojevrijeme.hr\/magazin\/2023\/03\/jedino-sto-ne-biste-trebali-nositi-nakon-50-je-teret-tudeg-misljenja\/","title":{"rendered":"&#8216;Jedino \u0161to ne biste trebali nositi nakon pedesete je teret tu\u0111eg mi\u0161ljenja&#8217;"},"content":{"rendered":"\n<p>\u017dene koje su napunile 50 godna vi\u0161e ne bi smjele nositi dugu kosu, kratku suknju, usku majicu ili vrtoglave potpetice. Sigurno ste se nekad susreli s mi\u0161ljenjem da su \u017eenama odre\u0111ene dobi neke stvari jednostavno zabranjene. No vremena se mijenjaju i sve se manje ljudi sla\u017ee s time.<\/p>\n\n\n\n<p>Australska manekenka <strong>Luisa<\/strong> stekla je na dru\u0161tvenoj mre\u017ei TikTok svu silo pratitelja promoviraju\u0107i stav da u modi treba u\u017eivati u svim \u017eivotnim fazama. Iako su joj ve\u0107 52 godine, Louisa redovito krasi stranice \u010dasopisa i kataloga kao model, a prikupila je i brojne pratitelje na internetu promoviraju\u0107i ideju da je starenje ne\u0161to \u0161to se jednostavno mora prihvatiti.<\/p>\n\n\n\n<p>Svoju odje\u0107u bira ne razmi\u0161ljaju\u0107i o godinama te poti\u010de i druge \u017eene da ne dopuste da im godine odre\u0111uju kako \u0107e se odijevati. Tako\u0111er u svojim objavama vodi svoje pratitelje iza kulisa modnih snimanja i otkriva manje glamuroznu stranu modne industrije.<\/p><div id=\"mojev-3799474179\" class=\"mojev-u-tekstu mojev-entity-placement\" style=\"margin-left: auto;margin-right: auto;text-align: center;\"><div class=\"mojev-adlabel\">oglas<\/div><div style=\"height: 250px;\"><script async src=\"https:\/\/pagead2.googlesyndication.com\/pagead\/js\/adsbygoogle.js?client=ca-pub-8106111766207173\"\r\n     crossorigin=\"anonymous\"><\/script>\r\n<!-- Prikazni 1 u tekstu -->\r\n<ins class=\"adsbygoogle\"\r\n     style=\"display:block\"\r\n     data-ad-client=\"ca-pub-8106111766207173\"\r\n     data-ad-slot=\"8535551207\"\r\n     data-ad-format=\"auto\"\r\n     data-full-width-responsive=\"true\"><\/ins>\r\n<script>\r\n     (adsbygoogle = window.adsbygoogle || []).push({});\r\n<\/script><\/div><\/div><br style=\"clear: both; display: block; float: none;\"\/>\n\n\n\n<p>U jednom videu, tako, pokazuje glamurozne fotografije na kojima \u0161e\u0107e pla\u017eom u plavoj ljetnoj haljini. No, sljede\u0107a snimka otkriva kako su nastale fotografije: stalno se morala izmicati naletu hladnih valova i sve je izgledalo mnogo manje privla\u010dno.<\/p>\n\n\n\n<p>Luisa \u010desto u svojim videima poti\u010de \u017eene da se odijevaju kako god \u017eele, bez obzira na godine. &#8220;U modi treba u\u017eivati, u bilo kojoj dobi. Nosite sve \u0161to vas \u010dini sretnima&#8221;, ka\u017ee.<\/p>\n\n\n\n<figure class=\"wp-block-embed is-type-video is-provider-tiktok wp-block-embed-tiktok\"><div class=\"wp-block-embed__wrapper\">\n<blockquote class=\"tiktok-embed\" cite=\"https:\/\/www.tiktok.com\/@thesilverlining_1970\/video\/7203492100111961345\" data-video-id=\"7203492100111961345\" data-embed-from=\"oembed\" style=\"max-width: 605px;min-width: 325px;\" > <section> <a target=\"_blank\" title=\"@thesilverlining_1970\" href=\"https:\/\/www.tiktok.com\/@thesilverlining_1970?refer=embed\">@thesilverlining_1970<\/a> <p><a title=\"agepositive\" target=\"_blank\" href=\"https:\/\/www.tiktok.com\/tag\/agepositive?refer=embed\">#agepositive<\/a> <a title=\"50pluswomen\" target=\"_blank\" href=\"https:\/\/www.tiktok.com\/tag\/50pluswomen?refer=embed\">#50pluswomen<\/a> <a title=\"agevisibility\" target=\"_blank\" href=\"https:\/\/www.tiktok.com\/tag\/agevisibility?refer=embed\">#agevisibility<\/a> <a title=\"greyhair\" target=\"_blank\" href=\"https:\/\/www.tiktok.com\/tag\/greyhair?refer=embed\">#greyhair<\/a> <a title=\"proagewoman\" target=\"_blank\" href=\"https:\/\/www.tiktok.com\/tag\/proagewoman?refer=embed\">#proagewoman<\/a> <a title=\"fashionover50\" target=\"_blank\" href=\"https:\/\/www.tiktok.com\/tag\/fashionover50?refer=embed\">#fashionover50<\/a> <a title=\"ageisjustanumber\" target=\"_blank\" href=\"https:\/\/www.tiktok.com\/tag\/ageisjustanumber?refer=embed\">#ageisjustanumber<\/a> <\/p> <a target=\"_blank\" title=\"\u266c Don't Start Now - Dua Lipa\" href=\"https:\/\/www.tiktok.com\/music\/Don't-Start-Now-6753131843043756034?refer=embed\">\u266c Don&#8217;t Start Now &#8211; Dua Lipa<\/a> <\/section> <\/blockquote> <script async src=\"https:\/\/www.tiktok.com\/embed.js\"><\/script>\n<\/div><\/figure>\n\n\n\n<p>Jedna od Luisinih najistaknutijih zna\u010dajki nedvojbeno su njezini upe\u010datljivi srebrni uvojci. U jednom videu objavila je i mno\u0161tvo snimaka svoje kose, uz tekst: &#8220;Niti jedna osoba na planetu nema istu kombinaciju srebrnih vlasi.&#8221;<\/p>\n\n\n\n<p>U drugom videu, u kojem je podijelila fotografije snimanja na stijenama uz more, Luisa je rekla: &#8220;Nisam prestara ni za \u0161to. Ako postoji ne\u0161to \u0161to biste trebali prestati nositi nakon 50. godine, to je teret mi\u0161ljenja drugih ljudi.&#8221;<\/p>\n\n\n\n<figure class=\"wp-block-embed is-type-video is-provider-tiktok wp-block-embed-tiktok\"><div class=\"wp-block-embed__wrapper\">\n<blockquote class=\"tiktok-embed\" cite=\"https:\/\/www.tiktok.com\/@thesilverlining_1970\/video\/7193890711509536001\" data-video-id=\"7193890711509536001\" data-embed-from=\"oembed\" style=\"max-width: 605px;min-width: 325px;\" > <section> <a target=\"_blank\" title=\"@thesilverlining_1970\" href=\"https:\/\/www.tiktok.com\/@thesilverlining_1970?refer=embed\">@thesilverlining_1970<\/a> <p>On occasion I am required to do my own hair and makeup for booked modelling jobs, which is partly why I enjoy refining and improving my skills when it comes to creating different looks.  I tend to stay away from using too many highlighter products for modelling jobs as they can create unwanted image highlights.  I curled my hair using the @ghdhair curling rod Here is the list of products used: @endotaspa hydrating me mist and deep moisturising cream @lauragellerbeauty spackle primer @eyeofhoruscosmetics tinted serum in medium mixed with @rageismbeautyau foundation medium Merit bronze balm \u201cLeo\u201d @sephora  @patrickta She\u2019s Sculped @charlottetilbury eye palette the super nudes @benefitcosmetics brow pencil in grey @roseinc lip &#038; cheek colour Azalea @iliabeauty gel liner brown  @iliabeauty mascara black @benefitcosmetics hydrating concealer @db_cosmetics nude waterproof eyeliner  @anastasiabeverlyhills gloss in Soft Pink (new release)<\/p> <a target=\"_blank\" title=\"\u266c original sound - Daxtyn_lbz\" href=\"https:\/\/www.tiktok.com\/music\/original-sound-7129143681348668206?refer=embed\">\u266c original sound &#8211; Daxtyn_lbz<\/a> <\/section> <\/blockquote> <script async src=\"https:\/\/www.tiktok.com\/embed.js\"><\/script>\n<\/div><\/figure>\n\n\n\n<p>Dok dijeli svoju pozitivnu poruku o starenju i poti\u010de druge \u017eene da slijede njezin primjer u odijevanju, Luisa je osvojila mnogo obo\u017eavatelja. Jedna je \u017eena komentirala jedan od Luisinih videa rije\u010dima: &#8220;Mama je imala hrabrosti re\u0107i mi da se obla\u010dim previ\u0161e mladena\u010dki. Naravno da me nije briga, imam 48 godina.&#8221; Druga obo\u017eavateljica je rekla: &#8220;Trebalo mi je ovo danas. Volim \u017eene koje popravljaju krune drugim damama.&#8221;<\/p>\n<div id=\"mojev-1303199510\" class=\"mojev-kraj-teksta mojev-entity-placement\" style=\"margin-bottom: 20px;margin-left: auto;margin-right: auto;text-align: center;\"><div class=\"mojev-adlabel\">oglas<\/div><div style=\"height: 250px;\"><script async src=\"https:\/\/pagead2.googlesyndication.com\/pagead\/js\/adsbygoogle.js?client=ca-pub-8106111766207173\"\r\n     crossorigin=\"anonymous\"><\/script>\r\n<!-- Display-1 -->\r\n<ins class=\"adsbygoogle\"\r\n     style=\"display:block\"\r\n     data-ad-client=\"ca-pub-8106111766207173\"\r\n     data-ad-slot=\"1465712950\"\r\n     data-ad-format=\"auto\"\r\n     data-full-width-responsive=\"true\"><\/ins>\r\n<script>\r\n     (adsbygoogle = window.adsbygoogle || []).push({});\r\n<\/script><\/div><\/div>","protected":false},"excerpt":{"rendered":"<p>Duga kosa ili kratke suknje nisu samo za mlade. \u017dene svih dobi trebale bi u\u017eivati u modi i nositi \u0161to ih je volja.  <\/p>\n","protected":false},"author":4,"featured_media":68508,"comment_status":"closed","ping_status":"closed","sticky":false,"template":"","format":"standard","meta":{"footnotes":""},"categories":[86],"tags":[276,374,80],"class_list":["post-68332","post","type-post","status-publish","format-standard","has-post-thumbnail","hentry","category-stil-i-ljepota","tag-moda","tag-odjeca","tag-starenje"],"_links":{"self":[{"href":"https:\/\/www.mojevrijeme.hr\/magazin\/wp-json\/wp\/v2\/posts\/68332","targetHints":{"allow":["GET"]}}],"collection":[{"href":"https:\/\/www.mojevrijeme.hr\/magazin\/wp-json\/wp\/v2\/posts"}],"about":[{"href":"https:\/\/www.mojevrijeme.hr\/magazin\/wp-json\/wp\/v2\/types\/post"}],"author":[{"embeddable":true,"href":"https:\/\/www.mojevrijeme.hr\/magazin\/wp-json\/wp\/v2\/users\/4"}],"replies":[{"embeddable":true,"href":"https:\/\/www.mojevrijeme.hr\/magazin\/wp-json\/wp\/v2\/comments?post=68332"}],"version-history":[{"count":0,"href":"https:\/\/www.mojevrijeme.hr\/magazin\/wp-json\/wp\/v2\/posts\/68332\/revisions"}],"wp:featuredmedia":[{"embeddable":true,"href":"https:\/\/www.mojevrijeme.hr\/magazin\/wp-json\/wp\/v2\/media\/68508"}],"wp:attachment":[{"href":"https:\/\/www.mojevrijeme.hr\/magazin\/wp-json\/wp\/v2\/media?parent=68332"}],"wp:term":[{"taxonomy":"category","embeddable":true,"href":"https:\/\/www.mojevrijeme.hr\/magazin\/wp-json\/wp\/v2\/categories?post=68332"},{"taxonomy":"post_tag","embeddable":true,"href":"https:\/\/www.mojevrijeme.hr\/magazin\/wp-json\/wp\/v2\/tags?post=68332"}],"curies":[{"name":"wp","href":"https:\/\/api.w.org\/{rel}","templated":true}]}}