{"id":68352,"date":"2023-03-01T17:17:53","date_gmt":"2023-03-01T16:17:53","guid":{"rendered":"https:\/\/www.mojevrijeme.hr\/magazin\/?p=68352"},"modified":"2023-03-01T17:20:03","modified_gmt":"2023-03-01T16:20:03","slug":"milivoj-spika-da-se-masa-za-mirovine-sutra-poveca-za-50-posto-iskorijenilo-bi-se-siromastvo","status":"publish","type":"post","link":"https:\/\/www.mojevrijeme.hr\/magazin\/2023\/03\/milivoj-spika-da-se-masa-za-mirovine-sutra-poveca-za-50-posto-iskorijenilo-bi-se-siromastvo\/","title":{"rendered":"Milivoj \u0160pika: Da se masa za mirovine sutra pove\u0107a za 50 posto, iskorijenilo bi se siroma\u0161tvo"},"content":{"rendered":"\n<p><strong>Milivoj \u0160pika<\/strong>, predsjednik Bloka umirovljenika zajedno i koordinator za medije platforme Umirovljenici zajedno, govorio je za <a href=\"https:\/\/n1info.hr\/vijesti\/zabiljezba-drzave-na-kuce-siromasnih-mislim-da-je-doslo-do-kratkog-spoja\/\" target=\"_blank\" rel=\"noreferrer noopener\">N1<\/a> televiziju o te\u0161kom polo\u017eaju umirovljenika, pitanju upisivanja dr\u017eave na imovinu korisnika socijalnih naknada te pripremama za zajedni\u010dki izlazak umirovljeni\u010dkih stranaka na nadolaze\u0107e izbore.<\/p>\n\n\n\n<p>Osvr\u0107u\u0107i se na izmjene zakona na temelju kojih se dr\u017eava sada \u017eeli&nbsp;<strong>upisati u imovinu<\/strong>&nbsp;onih koji dobivaju socijalne naknade te kritike da korisnici nisu dobro upoznati s cijelom pri\u010dom, \u0160pika je kazao da se mnogi osje\u0107aju prevareno.<\/p>\n\n\n\n<p>&#8220;Dosad smo poznavali Ugovor o dosmrtnom uzdr\u017eavanju, Ugovor o do\u017eivotnom uzdr\u017eavanju, a ovo je sada jedna opcija u kojoj se dr\u017eava uklju\u010duje u jednu varijantu ugovora o do\u017eivotnom uzdr\u017eavanju. Ovo je&nbsp;<strong>socijalna naknada<\/strong>, a nije&nbsp;<strong>socijalna pomo\u0107<\/strong>, \u0161to su mnogi koji su \u017eeljeli uzeti tu naknadu mislili da jest. Mislim da je do\u0161lo do kratkog spoja izme\u0111u korisnika i dr\u017eave&#8221;, rekao je \u0160pika pa dodao:<\/p><div id=\"mojev-2653277768\" class=\"mojev-u-tekstu mojev-entity-placement\" style=\"margin-left: auto;margin-right: auto;text-align: center;\"><div class=\"mojev-adlabel\">oglas<\/div><div style=\"height: 250px;\"><script async src=\"https:\/\/pagead2.googlesyndication.com\/pagead\/js\/adsbygoogle.js?client=ca-pub-8106111766207173\"\r\n     crossorigin=\"anonymous\"><\/script>\r\n<!-- Prikazni 1 u tekstu -->\r\n<ins class=\"adsbygoogle\"\r\n     style=\"display:block\"\r\n     data-ad-client=\"ca-pub-8106111766207173\"\r\n     data-ad-slot=\"8535551207\"\r\n     data-ad-format=\"auto\"\r\n     data-full-width-responsive=\"true\"><\/ins>\r\n<script>\r\n     (adsbygoogle = window.adsbygoogle || []).push({});\r\n<\/script><\/div><\/div><br style=\"clear: both; display: block; float: none;\"\/>\n\n\n\n<p>&#8220;Sad su mnogi ostali iznena\u0111eni jer im se stavlja zabilje\u017eba na imovinu, a dr\u017eava daje novce. Vrlo je ru\u017eno to ispalo s obzirom na to da ve\u0107ina od njih nije znala da \u0107e dr\u017eava i\u0107i sa zabilje\u017ebom pa ispada da su na neki na\u010din<strong>&nbsp;prevareni<\/strong>.&#8221;<\/p>\n\n\n\n<p>&#8220;Ono \u0161to nije dobro je \u0161to dr\u017eava nije uzimala u obzir koliko&nbsp;<strong>nekretnina<\/strong>&nbsp;ima osoba koja uzima tu naknadu&#8221;, rekao je \u0160pika koji smatra da se ne bi smjela uzeti jedina nekretnina. <\/p>\n\n\n\n<p>Isti\u010de da se zala\u017eu za novi model izra\u010duna mirovina, kao i da novaca za zna\u010dajna pove\u0107anja ima. &#8220;Zamislite da ka\u017eemo da \u0107emo od sutra masu za mirovine pove\u0107ati za\u00a0<strong>50 posto<\/strong>. Preko no\u0107i bi iskorijenili siroma\u0161tvo ili ga sveli na najmanju razinu. Novaca ima u prora\u010dunu. Vidite li koliko dr\u017eava uprihoduje od PDV-a, to su stra\u0161ni prihodi&#8221;, rekao je \u0160pika za <a href=\"https:\/\/n1info.hr\/vijesti\/zabiljezba-drzave-na-kuce-siromasnih-mislim-da-je-doslo-do-kratkog-spoja\/\" target=\"_blank\" rel=\"noreferrer noopener\">N1<\/a>.<\/p>\n\n\n\n<p>Govore\u0107i o nadolaze\u0107im parlamentarnim izborima, rekao je da je uvjeren da platforma Umirovljenici zajedno mo\u017ee biti me\u0111u 5 najja\u010dih stranaka.<\/p>\n<div id=\"mojev-2571919228\" class=\"mojev-kraj-teksta mojev-entity-placement\" style=\"margin-bottom: 20px;margin-left: auto;margin-right: auto;text-align: center;\"><div class=\"mojev-adlabel\">oglas<\/div><div style=\"height: 250px;\"><script async src=\"https:\/\/pagead2.googlesyndication.com\/pagead\/js\/adsbygoogle.js?client=ca-pub-8106111766207173\"\r\n     crossorigin=\"anonymous\"><\/script>\r\n<!-- Display-1 -->\r\n<ins class=\"adsbygoogle\"\r\n     style=\"display:block\"\r\n     data-ad-client=\"ca-pub-8106111766207173\"\r\n     data-ad-slot=\"1465712950\"\r\n     data-ad-format=\"auto\"\r\n     data-full-width-responsive=\"true\"><\/ins>\r\n<script>\r\n     (adsbygoogle = window.adsbygoogle || []).push({});\r\n<\/script><\/div><\/div>","protected":false},"excerpt":{"rendered":"<p>Govore\u0107i o nadolaze\u0107im parlamentarnim izborima, rekao je da je uvjeren da platforma Umirovljenici zajedno mo\u017ee biti me\u0111u 5 najja\u010dih stranaka.<\/p>\n","protected":false},"author":1,"featured_media":63835,"comment_status":"closed","ping_status":"closed","sticky":false,"template":"","format":"standard","meta":{"footnotes":""},"categories":[9],"tags":[854,18,237,1865],"class_list":["post-68352","post","type-post","status-publish","format-standard","has-post-thumbnail","hentry","category-vijesti","tag-milivoj-spika","tag-mirovine","tag-siromastvo","tag-socijalne-naknade"],"_links":{"self":[{"href":"https:\/\/www.mojevrijeme.hr\/magazin\/wp-json\/wp\/v2\/posts\/68352","targetHints":{"allow":["GET"]}}],"collection":[{"href":"https:\/\/www.mojevrijeme.hr\/magazin\/wp-json\/wp\/v2\/posts"}],"about":[{"href":"https:\/\/www.mojevrijeme.hr\/magazin\/wp-json\/wp\/v2\/types\/post"}],"author":[{"embeddable":true,"href":"https:\/\/www.mojevrijeme.hr\/magazin\/wp-json\/wp\/v2\/users\/1"}],"replies":[{"embeddable":true,"href":"https:\/\/www.mojevrijeme.hr\/magazin\/wp-json\/wp\/v2\/comments?post=68352"}],"version-history":[{"count":0,"href":"https:\/\/www.mojevrijeme.hr\/magazin\/wp-json\/wp\/v2\/posts\/68352\/revisions"}],"wp:featuredmedia":[{"embeddable":true,"href":"https:\/\/www.mojevrijeme.hr\/magazin\/wp-json\/wp\/v2\/media\/63835"}],"wp:attachment":[{"href":"https:\/\/www.mojevrijeme.hr\/magazin\/wp-json\/wp\/v2\/media?parent=68352"}],"wp:term":[{"taxonomy":"category","embeddable":true,"href":"https:\/\/www.mojevrijeme.hr\/magazin\/wp-json\/wp\/v2\/categories?post=68352"},{"taxonomy":"post_tag","embeddable":true,"href":"https:\/\/www.mojevrijeme.hr\/magazin\/wp-json\/wp\/v2\/tags?post=68352"}],"curies":[{"name":"wp","href":"https:\/\/api.w.org\/{rel}","templated":true}]}}