{"id":68374,"date":"2023-03-02T08:29:56","date_gmt":"2023-03-02T07:29:56","guid":{"rendered":"https:\/\/www.mojevrijeme.hr\/magazin\/?p=68374"},"modified":"2023-03-02T08:29:57","modified_gmt":"2023-03-02T07:29:57","slug":"ministar-najavio-reviziju-zakona-kojim-se-sirotinji-drzava-upisuje-na-imovinu","status":"publish","type":"post","link":"https:\/\/www.mojevrijeme.hr\/magazin\/2023\/03\/ministar-najavio-reviziju-zakona-kojim-se-sirotinji-drzava-upisuje-na-imovinu\/","title":{"rendered":"Ministar najavio reviziju zakona kojim se sirotinji dr\u017eava upisuje na imovinu"},"content":{"rendered":"\n<p>Nakon sastanka koalicijskih partnera u Banskim dvorima, pred novinare je stao ministar rada, mirovinskoga sustava, obitelji i socijalne politike <strong>Marin Pileti\u0107<\/strong>. Tema njegovog obra\u0107anja bila je zabilje\u017eba dr\u017eave na nekretnine korisnika zajam\u010dene minimalne naknade, a koja je uzbunila hrvatsku javnost. <\/p>\n\n\n\n<p>&#8220;Jedna od tema sastanka bila je i aktualna medijska tema zabilje\u017ebe na nekretnine korisnika zajam\u010dene minimalne naknade. Ja sam u nekoliko istupa u javnosti rekao zbog \u010dega je bila donesena ta uredba, odnosno taj \u010dlanak u Zakon 2022. ali i zbog opse\u017enih reformi na kojima radimo moramo ponovno\u00a0 i\u0107i u izmjene i dopune Zakona o socijalnoj skrbi, vezano i za osobnu asistenciju i uz inkluzivni dodatak, i da \u0107e to biti materija kojom \u0107emo se baviti u 2023. godini&#8221;, rekao je ministar Marin Pileti\u0107 novinarima.<br>\u00a0<br>Istaknuo je da \u0107e taj \u010dlanak Zakona o socijalnoj skrbi bit \u0107e temeljito preispitan. &#8220;Upravo je to konsenzus nakon dana\u0161njeg sastanka vladaju\u0107e koalicije, gdje smo rekli da u izmjenama i dopunama Zakona koji \u0107emo predlo\u017eiti, minimalno \u0161to \u0107emo u\u010diniti jest da \u0107emo maknuti prvu nekretninu, odnosno nekretninu koju su koristili korisnici zajam\u010dene minimalne naknade. Jo\u0161 jedanput \u017eelim izraziti stav Vlade da ovo nije Vlada koja \u017eeli otimati, nego pomagati, kao \u0161to smo \u010dinili ne samo pro\u0161le godine, nego \u0161to \u0107emo \u010diniti i do kraja mandata.&#8221;<\/p>\n\n\n\n<p>&#8220;Ova Vlada nije Vlada koja otima, ve\u0107 Vlada koja \u017eeli pomagati, a uredba je potrebna radi opse\u017enih reformi zbog kojih su nu\u017ene izmjene i dopune Zakona o socijalnoj skrbi&#8221;, kazao je Pileti\u0107 uz dodatak da se korisnici minimalne naknade ne moraju bojati.<\/p><div id=\"mojev-512215183\" class=\"mojev-u-tekstu mojev-entity-placement\" style=\"margin-left: auto;margin-right: auto;text-align: center;\"><div class=\"mojev-adlabel\">oglas<\/div><div style=\"height: 250px;\"><script async src=\"https:\/\/pagead2.googlesyndication.com\/pagead\/js\/adsbygoogle.js?client=ca-pub-8106111766207173\"\r\n     crossorigin=\"anonymous\"><\/script>\r\n<!-- Prikazni 1 u tekstu -->\r\n<ins class=\"adsbygoogle\"\r\n     style=\"display:block\"\r\n     data-ad-client=\"ca-pub-8106111766207173\"\r\n     data-ad-slot=\"8535551207\"\r\n     data-ad-format=\"auto\"\r\n     data-full-width-responsive=\"true\"><\/ins>\r\n<script>\r\n     (adsbygoogle = window.adsbygoogle || []).push({});\r\n<\/script><\/div><\/div><br style=\"clear: both; display: block; float: none;\"\/>\n<div id=\"mojev-3721786821\" class=\"mojev-kraj-teksta mojev-entity-placement\" style=\"margin-bottom: 20px;margin-left: auto;margin-right: auto;text-align: center;\"><div class=\"mojev-adlabel\">oglas<\/div><div style=\"height: 250px;\"><script async src=\"https:\/\/pagead2.googlesyndication.com\/pagead\/js\/adsbygoogle.js?client=ca-pub-8106111766207173\"\r\n     crossorigin=\"anonymous\"><\/script>\r\n<!-- Display-1 -->\r\n<ins class=\"adsbygoogle\"\r\n     style=\"display:block\"\r\n     data-ad-client=\"ca-pub-8106111766207173\"\r\n     data-ad-slot=\"1465712950\"\r\n     data-ad-format=\"auto\"\r\n     data-full-width-responsive=\"true\"><\/ins>\r\n<script>\r\n     (adsbygoogle = window.adsbygoogle || []).push({});\r\n<\/script><\/div><\/div>","protected":false},"excerpt":{"rendered":"<p>Ova Vlada nije Vlada koja otima, ve\u0107 Vlada koja \u017eeli pomagati, a uredba je potrebna radi opse\u017enih reformi zbog kojih su nu\u017ene izmjene i dopune Zakona o socijalnoj skrbi, ka\u017ee ministar Marin Pileti\u0107.<\/p>\n","protected":false},"author":1,"featured_media":60374,"comment_status":"closed","ping_status":"closed","sticky":false,"template":"","format":"standard","meta":{"footnotes":""},"categories":[9],"tags":[3231,1865],"class_list":["post-68374","post","type-post","status-publish","format-standard","has-post-thumbnail","hentry","category-vijesti","tag-marin-piletic","tag-socijalne-naknade"],"_links":{"self":[{"href":"https:\/\/www.mojevrijeme.hr\/magazin\/wp-json\/wp\/v2\/posts\/68374","targetHints":{"allow":["GET"]}}],"collection":[{"href":"https:\/\/www.mojevrijeme.hr\/magazin\/wp-json\/wp\/v2\/posts"}],"about":[{"href":"https:\/\/www.mojevrijeme.hr\/magazin\/wp-json\/wp\/v2\/types\/post"}],"author":[{"embeddable":true,"href":"https:\/\/www.mojevrijeme.hr\/magazin\/wp-json\/wp\/v2\/users\/1"}],"replies":[{"embeddable":true,"href":"https:\/\/www.mojevrijeme.hr\/magazin\/wp-json\/wp\/v2\/comments?post=68374"}],"version-history":[{"count":0,"href":"https:\/\/www.mojevrijeme.hr\/magazin\/wp-json\/wp\/v2\/posts\/68374\/revisions"}],"wp:featuredmedia":[{"embeddable":true,"href":"https:\/\/www.mojevrijeme.hr\/magazin\/wp-json\/wp\/v2\/media\/60374"}],"wp:attachment":[{"href":"https:\/\/www.mojevrijeme.hr\/magazin\/wp-json\/wp\/v2\/media?parent=68374"}],"wp:term":[{"taxonomy":"category","embeddable":true,"href":"https:\/\/www.mojevrijeme.hr\/magazin\/wp-json\/wp\/v2\/categories?post=68374"},{"taxonomy":"post_tag","embeddable":true,"href":"https:\/\/www.mojevrijeme.hr\/magazin\/wp-json\/wp\/v2\/tags?post=68374"}],"curies":[{"name":"wp","href":"https:\/\/api.w.org\/{rel}","templated":true}]}}