{"id":68581,"date":"2023-03-09T08:04:26","date_gmt":"2023-03-09T07:04:26","guid":{"rendered":"https:\/\/www.mojevrijeme.hr\/magazin\/?p=68581"},"modified":"2023-03-09T08:04:50","modified_gmt":"2023-03-09T07:04:50","slug":"grabar-kitarovic-nema-zene-koja-se-nije-susrela-sa-seksualnim-zlostavljanjem","status":"publish","type":"post","link":"https:\/\/www.mojevrijeme.hr\/magazin\/2023\/03\/grabar-kitarovic-nema-zene-koja-se-nije-susrela-sa-seksualnim-zlostavljanjem\/","title":{"rendered":"Grabar-Kitarovi\u0107: Nema \u017eene koja se nije susrela sa seksualnim zlostavljanjem"},"content":{"rendered":"\n<p>Biv\u0161a hrvatska predsjednica <strong>Kolinda Grabar-Kitarovi\u0107<\/strong>, za <a rel=\"noreferrer noopener\" href=\"https:\/\/danas.hr\/rtl-direkt\/nema-zene-koja-se-nije-susrela-sa-zlostavljanjem-posljednjih-godina-vratili-smo-se-puno-koraka-unazad-dd127ca6-bdfe-11ed-b4c4-7a2310d733b1\" target=\"_blank\">RTL<\/a> je progovorila o polo\u017eaju \u017eena u Hrvatskoj, a povodom Me\u0111unarodnog dana \u017eena. Na pitanje je li ona bila \u017ertva predrasuda, dok je obna\u0161ala predsjedni\u010dki mandat, Grabar-Kitarovi\u0107 je odgovorila: &#8220;Apsolutno, nikada ne\u0107ete \u010ditati kao prvu vijest nekog dr\u017eavnog posjeta \u0161to je obukao neki predsjednik dr\u017eave ili vlade. Jesam li bila \u017ertva? Ne\u0107u to re\u0107i. Nikad se ne \u017eelim smatrati \u017ertvom, svatko od nad odgovara za ono \u0161to radi i svatko je kova\u010d svoje sudbine. Ali da sam se susretala s ogromnim predrasudama, jesam.&#8221;<\/p>\n\n\n\n<p>&#8220;Poku\u0161ala sam to mijenjati koliko sam mogla. Nekako o\u010dvrsnete, nau\u010dite se nositi. Ali uvijek me zabrinjavalo kako takva retorika, ako je usmjerena prema \u017eenama, utje\u010de na op\u0107e stanje u dru\u0161tvu, kako to djeluje kao presedan kako \u0107e se kolege pona\u0161ati prema kolegicama, ili \u010dlanovi obitelji prema \u017eenama. Bojim se da smo zadnjih godina napravili puno koraka unatrag. Tome nije kriva samo pandemija, nego i razina rasprave u dru\u0161tvu.&#8221;<\/p>\n\n\n\n<p>Na pitanje jesu li poba\u010daj, nasilje nad \u017eenama ili ne\u0161to tre\u0107e prioritetne teme s kojima se Hrvatska treba pozabaviti, biv\u0161a predsjednica je odgovorila: &#8220;To su oni koji se odnose na najve\u0107i postotak stanovni\u0161tva, na sve \u017eene. Neki govore da to nije tako, ali nema \u017eene koja se nije susrela s nekom vrstom seksualnog ili drugog zlostavljanja.&#8221;<\/p><div id=\"mojev-3003775439\" class=\"mojev-u-tekstu mojev-entity-placement\" style=\"margin-left: auto;margin-right: auto;text-align: center;\"><div class=\"mojev-adlabel\">oglas<\/div><div style=\"height: 250px;\"><script async src=\"https:\/\/pagead2.googlesyndication.com\/pagead\/js\/adsbygoogle.js?client=ca-pub-8106111766207173\"\r\n     crossorigin=\"anonymous\"><\/script>\r\n<!-- Prikazni 1 u tekstu -->\r\n<ins class=\"adsbygoogle\"\r\n     style=\"display:block\"\r\n     data-ad-client=\"ca-pub-8106111766207173\"\r\n     data-ad-slot=\"8535551207\"\r\n     data-ad-format=\"auto\"\r\n     data-full-width-responsive=\"true\"><\/ins>\r\n<script>\r\n     (adsbygoogle = window.adsbygoogle || []).push({});\r\n<\/script><\/div><\/div><br style=\"clear: both; display: block; float: none;\"\/>\n\n\n\n<figure class=\"wp-block-image size-large\"><img loading=\"lazy\" decoding=\"async\" width=\"740\" height=\"410\" src=\"https:\/\/www.mojevrijeme.hr\/magazin\/wp-content\/uploads\/2018\/07\/kolinda-lukasenko-740x410.jpg\" alt=\"\" class=\"wp-image-16909\" srcset=\"https:\/\/www.mojevrijeme.hr\/magazin\/wp-content\/uploads\/2018\/07\/kolinda-lukasenko.jpg 740w, https:\/\/www.mojevrijeme.hr\/magazin\/wp-content\/uploads\/2018\/07\/kolinda-lukasenko-636x352.jpg 636w\" sizes=\"auto, (max-width: 740px) 100vw, 740px\" \/><figcaption class=\"wp-element-caption\">Kolinda Grabar-Kitarovi\u0107 s bjeloruskim predsjednikom Aleksandrom Luka\u0161enkom<\/figcaption><\/figure>\n\n\n\n<p>&#8220;Na\u0161e kavalirsko dru\u0161tvo misli ako date nekom kompliment, ako malo \u017eenu zagrlite i potap\u0161ate ju po ramenu da je to znak bliskosti. Ne, to mo\u017ee biti vrlo uvredljivo. I nasilje, seksualno, ekonomsko, verbalno, zlostavljanje najve\u0107i problem. Time se moramo jako pozabaviti, ne samo po pitanju \u017eene nego i ostatka dru\u0161tva&#8221;, zaklju\u010dila je Grabar-Kitarovi\u0107. <\/p>\n\n\n\n<p><a href=\"https:\/\/danas.hr\/rtl-direkt\/odvjetnica-i-glumica-o-uspjehu-u-muskom-drustvu-od-nizih-placa-do-komentara-da-uz-posao-ne-idu-djeca-9f6a164c-bdfa-11ed-add7-1e1b6dcdc02d\"><\/a><a href=\"https:\/\/danas.hr\/rtl-direkt\/odvjetnica-i-glumica-o-uspjehu-u-muskom-drustvu-od-nizih-placa-do-komentara-da-uz-posao-ne-idu-djeca-9f6a164c-bdfa-11ed-add7-1e1b6dcdc02d\"><\/a><\/p>\n<div id=\"mojev-2459298073\" class=\"mojev-kraj-teksta mojev-entity-placement\" style=\"margin-bottom: 20px;margin-left: auto;margin-right: auto;text-align: center;\"><div class=\"mojev-adlabel\">oglas<\/div><div style=\"height: 250px;\"><script async src=\"https:\/\/pagead2.googlesyndication.com\/pagead\/js\/adsbygoogle.js?client=ca-pub-8106111766207173\"\r\n     crossorigin=\"anonymous\"><\/script>\r\n<!-- Display-1 -->\r\n<ins class=\"adsbygoogle\"\r\n     style=\"display:block\"\r\n     data-ad-client=\"ca-pub-8106111766207173\"\r\n     data-ad-slot=\"1465712950\"\r\n     data-ad-format=\"auto\"\r\n     data-full-width-responsive=\"true\"><\/ins>\r\n<script>\r\n     (adsbygoogle = window.adsbygoogle || []).push({});\r\n<\/script><\/div><\/div>","protected":false},"excerpt":{"rendered":"<p>Na\u0161e kavalirsko dru\u0161tvo misli ako date nekom kompliment, ako malo \u017eenu zagrlite i potap\u0161ate ju po ramenu da je to znak bliskosti. Ne, to mo\u017ee biti vrlo uvredljivo, ka\u017ee biv\u0161a hrvatska predsjednica.<\/p>\n","protected":false},"author":1,"featured_media":16970,"comment_status":"closed","ping_status":"closed","sticky":false,"template":"","format":"standard","meta":{"footnotes":""},"categories":[9],"tags":[772,285,359],"class_list":["post-68581","post","type-post","status-publish","format-standard","has-post-thumbnail","hentry","category-vijesti","tag-dan-zena","tag-feminizam","tag-kolinda"],"_links":{"self":[{"href":"https:\/\/www.mojevrijeme.hr\/magazin\/wp-json\/wp\/v2\/posts\/68581","targetHints":{"allow":["GET"]}}],"collection":[{"href":"https:\/\/www.mojevrijeme.hr\/magazin\/wp-json\/wp\/v2\/posts"}],"about":[{"href":"https:\/\/www.mojevrijeme.hr\/magazin\/wp-json\/wp\/v2\/types\/post"}],"author":[{"embeddable":true,"href":"https:\/\/www.mojevrijeme.hr\/magazin\/wp-json\/wp\/v2\/users\/1"}],"replies":[{"embeddable":true,"href":"https:\/\/www.mojevrijeme.hr\/magazin\/wp-json\/wp\/v2\/comments?post=68581"}],"version-history":[{"count":0,"href":"https:\/\/www.mojevrijeme.hr\/magazin\/wp-json\/wp\/v2\/posts\/68581\/revisions"}],"wp:featuredmedia":[{"embeddable":true,"href":"https:\/\/www.mojevrijeme.hr\/magazin\/wp-json\/wp\/v2\/media\/16970"}],"wp:attachment":[{"href":"https:\/\/www.mojevrijeme.hr\/magazin\/wp-json\/wp\/v2\/media?parent=68581"}],"wp:term":[{"taxonomy":"category","embeddable":true,"href":"https:\/\/www.mojevrijeme.hr\/magazin\/wp-json\/wp\/v2\/categories?post=68581"},{"taxonomy":"post_tag","embeddable":true,"href":"https:\/\/www.mojevrijeme.hr\/magazin\/wp-json\/wp\/v2\/tags?post=68581"}],"curies":[{"name":"wp","href":"https:\/\/api.w.org\/{rel}","templated":true}]}}