{"id":68632,"date":"2023-03-10T09:18:20","date_gmt":"2023-03-10T08:18:20","guid":{"rendered":"https:\/\/www.mojevrijeme.hr\/magazin\/?p=68632"},"modified":"2023-03-10T09:18:21","modified_gmt":"2023-03-10T08:18:21","slug":"senatori-su-odobrili-podizanje-dobi-za-umirovljenje-macronova-mirovinska-reforma-ide-dalje","status":"publish","type":"post","link":"https:\/\/www.mojevrijeme.hr\/magazin\/2023\/03\/senatori-su-odobrili-podizanje-dobi-za-umirovljenje-macronova-mirovinska-reforma-ide-dalje\/","title":{"rendered":"Senatori su odobrili podizanje dobi za umirovljenje, Macronova mirovinska reforma ide dalje"},"content":{"rendered":"\n<p>Francuski senatori su izglasali pove\u0107anje zakonske dobi za umirovljenje sa 62 na 64 godine \u017eivota. To je prva pobjeda u reformi mirovinskog sustava koju gura predsjednik <strong>Emmanuel Macron<\/strong>, a koja je potaknula prosvjede i \u0161trajkove diljem zemlje.<\/p>\n\n\n\n<p>201 \u010dlan Senata, kojim dominira konzervativna stranka <em>Les Republicains<\/em>, glasovalo je za \u010dlanak 7 reforme o dobi za umirovljenje, dok ih je 115 glasovalo protiv.<\/p>\n\n\n\n<p>O\u010dekuje se da \u0107e francuski Gornji dom parlamenta odobriti preostale \u010dlanke zakona o reformi. Zakon bi idu\u0107eg tjedna trebao biti predan medijacijskom odboru koji posreduje izme\u0111u zakonodavaca iz Senata i Nacionalne skup\u0161tine.<\/p><div id=\"mojev-3259324207\" class=\"mojev-u-tekstu mojev-entity-placement\" style=\"margin-left: auto;margin-right: auto;text-align: center;\"><div class=\"mojev-adlabel\">oglas<\/div><div style=\"height: 250px;\"><script async src=\"https:\/\/pagead2.googlesyndication.com\/pagead\/js\/adsbygoogle.js?client=ca-pub-8106111766207173\"\r\n     crossorigin=\"anonymous\"><\/script>\r\n<!-- Prikazni 1 u tekstu -->\r\n<ins class=\"adsbygoogle\"\r\n     style=\"display:block\"\r\n     data-ad-client=\"ca-pub-8106111766207173\"\r\n     data-ad-slot=\"8535551207\"\r\n     data-ad-format=\"auto\"\r\n     data-full-width-responsive=\"true\"><\/ins>\r\n<script>\r\n     (adsbygoogle = window.adsbygoogle || []).push({});\r\n<\/script><\/div><\/div><br style=\"clear: both; display: block; float: none;\"\/>\n\n\n\n<p>Vlada se nada da \u0107e promjene u mirovinskom sustavu biti usvojene u parlamentu do kraja mjeseca. No Macron nema apsolutnu ve\u0107inu u Nacionalnoj skup\u0161tini i morat \u0107e pridobiti nekoliko desetaka konzervativnih zastupnika ili koristiti svoje ustavne ovlasti za zaobila\u017eenje parlamenta.<\/p>\n<div id=\"mojev-4241963467\" class=\"mojev-kraj-teksta mojev-entity-placement\" style=\"margin-bottom: 20px;margin-left: auto;margin-right: auto;text-align: center;\"><div class=\"mojev-adlabel\">oglas<\/div><div style=\"height: 250px;\"><script async src=\"https:\/\/pagead2.googlesyndication.com\/pagead\/js\/adsbygoogle.js?client=ca-pub-8106111766207173\"\r\n     crossorigin=\"anonymous\"><\/script>\r\n<!-- Display-1 -->\r\n<ins class=\"adsbygoogle\"\r\n     style=\"display:block\"\r\n     data-ad-client=\"ca-pub-8106111766207173\"\r\n     data-ad-slot=\"1465712950\"\r\n     data-ad-format=\"auto\"\r\n     data-full-width-responsive=\"true\"><\/ins>\r\n<script>\r\n     (adsbygoogle = window.adsbygoogle || []).push({});\r\n<\/script><\/div><\/div>","protected":false},"excerpt":{"rendered":"<p>Vlada se nada da \u0107e promjene u mirovinskom sustavu biti usvojene u parlamentu do kraja mjeseca.<\/p>\n","protected":false},"author":1,"featured_media":32485,"comment_status":"closed","ping_status":"closed","sticky":false,"template":"","format":"standard","meta":{"footnotes":""},"categories":[9],"tags":[2964,734,1116],"class_list":["post-68632","post","type-post","status-publish","format-standard","has-post-thumbnail","hentry","category-vijesti","tag-emmanuel-macron","tag-francuska","tag-mirovinska-reforma"],"_links":{"self":[{"href":"https:\/\/www.mojevrijeme.hr\/magazin\/wp-json\/wp\/v2\/posts\/68632","targetHints":{"allow":["GET"]}}],"collection":[{"href":"https:\/\/www.mojevrijeme.hr\/magazin\/wp-json\/wp\/v2\/posts"}],"about":[{"href":"https:\/\/www.mojevrijeme.hr\/magazin\/wp-json\/wp\/v2\/types\/post"}],"author":[{"embeddable":true,"href":"https:\/\/www.mojevrijeme.hr\/magazin\/wp-json\/wp\/v2\/users\/1"}],"replies":[{"embeddable":true,"href":"https:\/\/www.mojevrijeme.hr\/magazin\/wp-json\/wp\/v2\/comments?post=68632"}],"version-history":[{"count":0,"href":"https:\/\/www.mojevrijeme.hr\/magazin\/wp-json\/wp\/v2\/posts\/68632\/revisions"}],"wp:featuredmedia":[{"embeddable":true,"href":"https:\/\/www.mojevrijeme.hr\/magazin\/wp-json\/wp\/v2\/media\/32485"}],"wp:attachment":[{"href":"https:\/\/www.mojevrijeme.hr\/magazin\/wp-json\/wp\/v2\/media?parent=68632"}],"wp:term":[{"taxonomy":"category","embeddable":true,"href":"https:\/\/www.mojevrijeme.hr\/magazin\/wp-json\/wp\/v2\/categories?post=68632"},{"taxonomy":"post_tag","embeddable":true,"href":"https:\/\/www.mojevrijeme.hr\/magazin\/wp-json\/wp\/v2\/tags?post=68632"}],"curies":[{"name":"wp","href":"https:\/\/api.w.org\/{rel}","templated":true}]}}