{"id":68667,"date":"2023-03-11T11:51:08","date_gmt":"2023-03-11T10:51:08","guid":{"rendered":"https:\/\/www.mojevrijeme.hr\/magazin\/?p=68667"},"modified":"2023-03-11T12:02:44","modified_gmt":"2023-03-11T11:02:44","slug":"povratak-maje-blagdan-molitva-i-misa-su-mi-temelj-i-putokaz-zivota","status":"publish","type":"post","link":"https:\/\/www.mojevrijeme.hr\/magazin\/2023\/03\/povratak-maje-blagdan-molitva-i-misa-su-mi-temelj-i-putokaz-zivota\/","title":{"rendered":"Povratak Maje Blagdan: Molitva i misa su temelj i putokaz mog \u017eivota"},"content":{"rendered":"\n<p>Pjeva\u010dica <strong>Maja Blagdan<\/strong> (54) uskoro izdaje dvostruki album koji s \u010detrdeset pjesama objedinjuje blistavu karijeru. Izlaskom kompilacije obilje\u017eit \u0107e trideset godina od izdavanja svojeg prvog albuma. No mnogi se pitaju gdje je i \u0161to radi ova glazbena zvijezda koja je nekada s pjesmom <em>Sveta ljubav<\/em> predstavljala Hrvatsku 1996. na Eurosongu u Oslu.<\/p>\n\n\n\n<p>&#8220;Proteklih desetak godina glazbu nisam zapustila, posvetila sam joj se u nekom drugom izri\u010daju. Tempo kojim sam dotad \u017eivjela u jednom je trenutku postao preintenzivan i nije ostavljao mjesta za neke moje druge potrebe. Sve je do\u0161lo do nekog svog ruba i osjetila sam da je vrijeme za povla\u010denje. Odgovaralo mi je da se maknem od prejakih svjetala reflektora. Htjela sam jedan novi \u017eivot!&#8221;, kazala je Blagdan za <a href=\"https:\/\/www.jutarnji.hr\/scena\/domace-zvijezde\/povratak-nekad-velike-zvijezde-hrvatske-estrade-molitva-i-misa-danas-su-putokazi-mog-zivota-15314463\" target=\"_blank\" rel=\"noreferrer noopener\">Jutarnji list<\/a>. <\/p>\n\n\n\n<p>Posljednjih petnaest godina Blagdan se posvetila duhovnoj glazbi, sudjeluje na seminarima duhovne obnove, kao glazbeni animator, a koncerti duhovne glazbe, koje odr\u017eava s bendom, postali su ono \u0161to je veseli i ispunjava.<\/p><div id=\"mojev-401496751\" class=\"mojev-u-tekstu mojev-entity-placement\" style=\"margin-left: auto;margin-right: auto;text-align: center;\"><div class=\"mojev-adlabel\">oglas<\/div><div style=\"height: 250px;\"><script async src=\"https:\/\/pagead2.googlesyndication.com\/pagead\/js\/adsbygoogle.js?client=ca-pub-8106111766207173\"\r\n     crossorigin=\"anonymous\"><\/script>\r\n<!-- Prikazni 1 u tekstu -->\r\n<ins class=\"adsbygoogle\"\r\n     style=\"display:block\"\r\n     data-ad-client=\"ca-pub-8106111766207173\"\r\n     data-ad-slot=\"8535551207\"\r\n     data-ad-format=\"auto\"\r\n     data-full-width-responsive=\"true\"><\/ins>\r\n<script>\r\n     (adsbygoogle = window.adsbygoogle || []).push({});\r\n<\/script><\/div><\/div><br style=\"clear: both; display: block; float: none;\"\/>\n\n\n\n<p>&#8220;Puno putujem i obi\u0161la sam mnoga poznata sveti\u0161ta, od kojih izdvajam put u Lourdes i Jeruzalem u Svetoj zemlji. Ta putovanja su zaista posebna jer se s odmakom od svega, uranjaju\u0107i jo\u0161 potpunije u neke duhovne stvarnosti, vrati\u0161 svakodnevnici osna\u017een i inspiriran&#8221;, kazala je za Jutarnji dodav\u0161i: &#8220;Vjera je moj \u017eivotni oslonac. Molitva i odlazak na svetu misu su temelj i putokaz mog \u017eivota.&#8221;<\/p>\n\n\n\n<figure class=\"wp-block-embed is-type-video is-provider-youtube wp-block-embed-youtube wp-embed-aspect-4-3 wp-has-aspect-ratio\"><div class=\"wp-block-embed__wrapper\">\n<iframe loading=\"lazy\" title=\"Sveta ljubav - Croatia 1996 - Eurovision songs with live orchestra\" width=\"740\" height=\"555\" src=\"https:\/\/www.youtube.com\/embed\/Wzgful7Gl8U?feature=oembed\" frameborder=\"0\" allow=\"accelerometer; autoplay; clipboard-write; encrypted-media; gyroscope; picture-in-picture; web-share\" allowfullscreen><\/iframe>\n<\/div><\/figure>\n<div id=\"mojev-2431480538\" class=\"mojev-kraj-teksta mojev-entity-placement\" style=\"margin-bottom: 20px;margin-left: auto;margin-right: auto;text-align: center;\"><div class=\"mojev-adlabel\">oglas<\/div><div style=\"height: 250px;\"><script async src=\"https:\/\/pagead2.googlesyndication.com\/pagead\/js\/adsbygoogle.js?client=ca-pub-8106111766207173\"\r\n     crossorigin=\"anonymous\"><\/script>\r\n<!-- Display-1 -->\r\n<ins class=\"adsbygoogle\"\r\n     style=\"display:block\"\r\n     data-ad-client=\"ca-pub-8106111766207173\"\r\n     data-ad-slot=\"1465712950\"\r\n     data-ad-format=\"auto\"\r\n     data-full-width-responsive=\"true\"><\/ins>\r\n<script>\r\n     (adsbygoogle = window.adsbygoogle || []).push({});\r\n<\/script><\/div><\/div>","protected":false},"excerpt":{"rendered":"<p>Posljednjih petnaest godina Blagdan se posvetila duhovnoj glazbi, sudjeluje na seminarima duhovne obnove, kao glazbeni animator, a koncerti duhovne glazbe, koje odr\u017eava s bendom, postali su ono \u0161to je veseli i ispunjava.<\/p>\n","protected":false},"author":1,"featured_media":68669,"comment_status":"closed","ping_status":"closed","sticky":false,"template":"","format":"standard","meta":{"footnotes":""},"categories":[84],"tags":[3366,270],"class_list":["post-68667","post","type-post","status-publish","format-standard","has-post-thumbnail","hentry","category-show","tag-maja-blagdan","tag-pjevaci"],"_links":{"self":[{"href":"https:\/\/www.mojevrijeme.hr\/magazin\/wp-json\/wp\/v2\/posts\/68667","targetHints":{"allow":["GET"]}}],"collection":[{"href":"https:\/\/www.mojevrijeme.hr\/magazin\/wp-json\/wp\/v2\/posts"}],"about":[{"href":"https:\/\/www.mojevrijeme.hr\/magazin\/wp-json\/wp\/v2\/types\/post"}],"author":[{"embeddable":true,"href":"https:\/\/www.mojevrijeme.hr\/magazin\/wp-json\/wp\/v2\/users\/1"}],"replies":[{"embeddable":true,"href":"https:\/\/www.mojevrijeme.hr\/magazin\/wp-json\/wp\/v2\/comments?post=68667"}],"version-history":[{"count":0,"href":"https:\/\/www.mojevrijeme.hr\/magazin\/wp-json\/wp\/v2\/posts\/68667\/revisions"}],"wp:featuredmedia":[{"embeddable":true,"href":"https:\/\/www.mojevrijeme.hr\/magazin\/wp-json\/wp\/v2\/media\/68669"}],"wp:attachment":[{"href":"https:\/\/www.mojevrijeme.hr\/magazin\/wp-json\/wp\/v2\/media?parent=68667"}],"wp:term":[{"taxonomy":"category","embeddable":true,"href":"https:\/\/www.mojevrijeme.hr\/magazin\/wp-json\/wp\/v2\/categories?post=68667"},{"taxonomy":"post_tag","embeddable":true,"href":"https:\/\/www.mojevrijeme.hr\/magazin\/wp-json\/wp\/v2\/tags?post=68667"}],"curies":[{"name":"wp","href":"https:\/\/api.w.org\/{rel}","templated":true}]}}