{"id":68858,"date":"2023-03-15T19:23:25","date_gmt":"2023-03-15T18:23:25","guid":{"rendered":"https:\/\/www.mojevrijeme.hr\/magazin\/?p=68858"},"modified":"2023-03-15T19:23:50","modified_gmt":"2023-03-15T18:23:50","slug":"hrvatska-stranka-umirovljenika-pozdravljamo-vladine-mjere-ali-nastavljamo-borbu","status":"publish","type":"post","link":"https:\/\/www.mojevrijeme.hr\/magazin\/2023\/03\/hrvatska-stranka-umirovljenika-pozdravljamo-vladine-mjere-ali-nastavljamo-borbu\/","title":{"rendered":"Hrvatska stranka umirovljenika: Pozdravljamo vladine mjere, ali nastavljamo borbu"},"content":{"rendered":"\n<p>Umirovljenici u Hrvatskoj jedva su pre\u017eivljavali i prije rasta inflacije i vala poskupljenja pa su im Vladine mjere pomo\u0107i vrlo va\u017ene, rekao je na konferenciji za novinare predsjednik Hrvatske stranke umirovljenika<strong>&nbsp;Veselko Gabri\u010devi\u0107<\/strong>.<\/p>\n\n\n\n<p>Kako prenosi <a href=\"https:\/\/vijesti.hrt.hr\/hrvatska\/hsu-pozdravlja-sve-oblike-pomoci-umirovljenicima-10662665\" target=\"_blank\" rel=\"noreferrer noopener\">HRT<\/a>, HSU pozdravlja sve oblike pomo\u0107i od jednokratnog nov\u010danog dodatka preko zamrzavanja cijena u trgovinama do subvencije za elektri\u010dnu energiju i plin. Ipak, ka\u017eu, to su vatrogasne mjere, a jedino pravo rje\u0161enje bilo bi pove\u0107anje mirovina.\u00a0<\/p>\n\n\n\n<p>&#8220;Ne zna\u010di to da smo jo\u0161 uvijek u potpunosti zadovoljni i mo\u017eemo biti mirni jer jo\u0161 uvijek imamo veliki broj umirovljenika u Republici Hrvatskoj \u010dija je mirovina vrlo niska. Smatramo u HSU da se mirovine zaista moraju pove\u0107ati minimalno za 10 posto. Sada je prosje\u010dna mirovina u odnosu na prosje\u010dnu pla\u0107u u Hrvatskoj oko 38 posto. Ona ako nije barem 50 posto prosje\u010dne pla\u0107e, onda ne mo\u017eemo razgovarati o bilo kakvom \u017eivotu dostojnom za umirovljenike&#8221;, naveo je predsjednik stranke.<\/p><div id=\"mojev-806825963\" class=\"mojev-u-tekstu mojev-entity-placement\" style=\"margin-left: auto;margin-right: auto;text-align: center;\"><div class=\"mojev-adlabel\">oglas<\/div><div style=\"height: 250px;\"><script async src=\"https:\/\/pagead2.googlesyndication.com\/pagead\/js\/adsbygoogle.js?client=ca-pub-8106111766207173\"\r\n     crossorigin=\"anonymous\"><\/script>\r\n<!-- Prikazni 1 u tekstu -->\r\n<ins class=\"adsbygoogle\"\r\n     style=\"display:block\"\r\n     data-ad-client=\"ca-pub-8106111766207173\"\r\n     data-ad-slot=\"8535551207\"\r\n     data-ad-format=\"auto\"\r\n     data-full-width-responsive=\"true\"><\/ins>\r\n<script>\r\n     (adsbygoogle = window.adsbygoogle || []).push({});\r\n<\/script><\/div><\/div><br style=\"clear: both; display: block; float: none;\"\/>\n\n\n\n<p>&#8220;Vlada bi i dalje trebala raditi na tim mjerama te ima u programu da \u0107e pove\u0107ati mirovine negdje do 50 posto. Kao stranka \u0107emo zahtijevati i boriti se da se ta mjera ispo\u0161tuje, ali na tome se ne smije stati jer i to ne\u0107e biti dovoljno dok umirovljenici ne\u0107e imati svoje mirovine 75 posto u odnosu na prosje\u010dnu pla\u0107u, rekao je&nbsp;<strong>Veselko Gabri\u010devi\u0107<\/strong>, predsjednik Hrvatske stranke umirovljenika.<\/p>\n\n\n\n<p><a href=\"https:\/\/vijesti.hrt.hr\/hrvatska\/ovih-dana-stizu-uvecane-mirovine-10594194\"><\/a><\/p>\n<div id=\"mojev-1980510526\" class=\"mojev-kraj-teksta mojev-entity-placement\" style=\"margin-bottom: 20px;margin-left: auto;margin-right: auto;text-align: center;\"><div class=\"mojev-adlabel\">oglas<\/div><div style=\"height: 250px;\"><script async src=\"https:\/\/pagead2.googlesyndication.com\/pagead\/js\/adsbygoogle.js?client=ca-pub-8106111766207173\"\r\n     crossorigin=\"anonymous\"><\/script>\r\n<!-- Display-1 -->\r\n<ins class=\"adsbygoogle\"\r\n     style=\"display:block\"\r\n     data-ad-client=\"ca-pub-8106111766207173\"\r\n     data-ad-slot=\"1465712950\"\r\n     data-ad-format=\"auto\"\r\n     data-full-width-responsive=\"true\"><\/ins>\r\n<script>\r\n     (adsbygoogle = window.adsbygoogle || []).push({});\r\n<\/script><\/div><\/div>","protected":false},"excerpt":{"rendered":"<p>Vlada bi i dalje trebala raditi na tim mjerama te ima u programu da \u0107e pove\u0107ati mirovine negdje do 50 posto, smatraju u najve\u0107oj umirovljeni\u010dkoj stranci.<\/p>\n","protected":false},"author":1,"featured_media":46710,"comment_status":"closed","ping_status":"closed","sticky":false,"template":"","format":"standard","meta":{"footnotes":""},"categories":[9],"tags":[111,1865,2584],"class_list":["post-68858","post","type-post","status-publish","format-standard","has-post-thumbnail","hentry","category-vijesti","tag-hrvatska-stranka-umirovljenika","tag-socijalne-naknade","tag-veselko-gabricevic"],"_links":{"self":[{"href":"https:\/\/www.mojevrijeme.hr\/magazin\/wp-json\/wp\/v2\/posts\/68858","targetHints":{"allow":["GET"]}}],"collection":[{"href":"https:\/\/www.mojevrijeme.hr\/magazin\/wp-json\/wp\/v2\/posts"}],"about":[{"href":"https:\/\/www.mojevrijeme.hr\/magazin\/wp-json\/wp\/v2\/types\/post"}],"author":[{"embeddable":true,"href":"https:\/\/www.mojevrijeme.hr\/magazin\/wp-json\/wp\/v2\/users\/1"}],"replies":[{"embeddable":true,"href":"https:\/\/www.mojevrijeme.hr\/magazin\/wp-json\/wp\/v2\/comments?post=68858"}],"version-history":[{"count":0,"href":"https:\/\/www.mojevrijeme.hr\/magazin\/wp-json\/wp\/v2\/posts\/68858\/revisions"}],"wp:featuredmedia":[{"embeddable":true,"href":"https:\/\/www.mojevrijeme.hr\/magazin\/wp-json\/wp\/v2\/media\/46710"}],"wp:attachment":[{"href":"https:\/\/www.mojevrijeme.hr\/magazin\/wp-json\/wp\/v2\/media?parent=68858"}],"wp:term":[{"taxonomy":"category","embeddable":true,"href":"https:\/\/www.mojevrijeme.hr\/magazin\/wp-json\/wp\/v2\/categories?post=68858"},{"taxonomy":"post_tag","embeddable":true,"href":"https:\/\/www.mojevrijeme.hr\/magazin\/wp-json\/wp\/v2\/tags?post=68858"}],"curies":[{"name":"wp","href":"https:\/\/api.w.org\/{rel}","templated":true}]}}