{"id":68909,"date":"2023-03-16T21:32:22","date_gmt":"2023-03-16T20:32:22","guid":{"rendered":"https:\/\/www.mojevrijeme.hr\/magazin\/?p=68909"},"modified":"2023-03-16T21:33:57","modified_gmt":"2023-03-16T20:33:57","slug":"stizu-dodatak-i-uskrsnica-za-umirovljenike-grad-zagreb-objavio-tko-po-novome-ima-pravo-na-njih","status":"publish","type":"post","link":"https:\/\/www.mojevrijeme.hr\/magazin\/2023\/03\/stizu-dodatak-i-uskrsnica-za-umirovljenike-grad-zagreb-objavio-tko-po-novome-ima-pravo-na-njih\/","title":{"rendered":"Grad Zagreb objavio tko po novome ima pravo na nov\u010danu naknadu i uskrsnicu za umirovljenike"},"content":{"rendered":"\n<p>Nov\u010dana naknada umirovljenicima koju daje Grad Zagreb za mjesec o\u017eujak 2023. i uskrsnica u iznosu od 26,54 eura\/200,00 kuna ispla\u0107uje se putem teku\u0107ih ra\u010duna i putem Hrvatske po\u0161te za postoje\u0107e korisnike. Pravo na nov\u010danu naknadu i uskrsnicu ostvarili su umirovljenici kojima je ukupni prihod jednak ili manji od 238,90 eura mjese\u010dno.<\/p>\n\n\n\n<p>Sukladno Izmjenama i dopuni Odluke o socijalnoj skrbi, usvojenih na sjednici Gradske skup\u0161tine u velja\u010di ove godine, a koja je na snagu stupila 8. o\u017eujka pove\u0107an je dohodovni cenzus za stjecanje prava na nov\u010danu naknadu umirovljenicima s 225,63 eura na 238,90 eura mjese\u010dno. Iz Grada pozivaju sve umirovljenike koji spadaju u ovu kategoriju (a koji imaju prebivali\u0161te u gradu Zagrebu neprekidno 5 godina prije podno\u0161enja zahtjeva), a koji se do sada nisu javili, da predaju zahtjev I ostvare pravo na isplatu nov\u010dane naknade umirovljenicima.<\/p>\n\n\n\n<p>Zahtjevi se mogu predati na adresi Gradskog ureda za socijalnu za\u0161titu, zdravstvo, branitelje i osobe s invaliditetom, Nova cesta 1 ili na e-mail adresu <em>umirovljenici@zagreb.hr.<\/em><\/p><div id=\"mojev-2934793946\" class=\"mojev-u-tekstu mojev-entity-placement\" style=\"margin-left: auto;margin-right: auto;text-align: center;\"><div class=\"mojev-adlabel\">oglas<\/div><div style=\"height: 250px;\"><script async src=\"https:\/\/pagead2.googlesyndication.com\/pagead\/js\/adsbygoogle.js?client=ca-pub-8106111766207173\"\r\n     crossorigin=\"anonymous\"><\/script>\r\n<!-- Prikazni 1 u tekstu -->\r\n<ins class=\"adsbygoogle\"\r\n     style=\"display:block\"\r\n     data-ad-client=\"ca-pub-8106111766207173\"\r\n     data-ad-slot=\"8535551207\"\r\n     data-ad-format=\"auto\"\r\n     data-full-width-responsive=\"true\"><\/ins>\r\n<script>\r\n     (adsbygoogle = window.adsbygoogle || []).push({});\r\n<\/script><\/div><\/div><br style=\"clear: both; display: block; float: none;\"\/>\n\n\n\n<p>Prema novoj Odluci, po prvi puta pravo na uskrsnicu, u iznosu od 26,54 eura\/ 200,00 kuna, ostvaruju I korisnici doplatka za pomo\u0107 i njegu i osobnu invalidninu kao i korisnici prava na nacionalnu naknadu za starije osobe koji su podnijeli zahtjev Gradu Zagrebu u svrhu ostvarivanja navedenog prava.<\/p>\n\n\n\n<p>Tako\u0111er, redovna isplata nov\u010danih naknada zapo\u010dela je sljede\u0107im korisnicima: za pla\u0107anje premije dopunskog zdravstvenog osiguranja korisnicima nov\u010dane naknade umirovljenicima; doplatka za pomo\u0107 i njegu i osobne invalidnine; osobama kojima je priznato pravo na status roditelja njegovatelja ili status njegovatelja; za osobne potrebe (d\u017eeparac) korisnicima doma za starije; korisnicima prava na nacionalnu naknadu za starije osobe; korisnicima prava na doplatak za djecu.<\/p>\n\n\n\n<p>Korisnici koji isplatu nisu primili na ku\u0107nu adresu mo\u0107i \u0107e je podi\u0107i u po\u0161tanskim uredima deset dana od po\u010detka isplate nakon \u010dega ne\u0107e biti mogu\u0107a retrogradna isplata za navedeni mjesec.<\/p>\n<div id=\"mojev-4003211538\" class=\"mojev-kraj-teksta mojev-entity-placement\" style=\"margin-bottom: 20px;margin-left: auto;margin-right: auto;text-align: center;\"><div class=\"mojev-adlabel\">oglas<\/div><div style=\"height: 250px;\"><script async src=\"https:\/\/pagead2.googlesyndication.com\/pagead\/js\/adsbygoogle.js?client=ca-pub-8106111766207173\"\r\n     crossorigin=\"anonymous\"><\/script>\r\n<!-- Display-1 -->\r\n<ins class=\"adsbygoogle\"\r\n     style=\"display:block\"\r\n     data-ad-client=\"ca-pub-8106111766207173\"\r\n     data-ad-slot=\"1465712950\"\r\n     data-ad-format=\"auto\"\r\n     data-full-width-responsive=\"true\"><\/ins>\r\n<script>\r\n     (adsbygoogle = window.adsbygoogle || []).push({});\r\n<\/script><\/div><\/div>","protected":false},"excerpt":{"rendered":"<p>Korisnici koji isplatu nisu primili na ku\u0107nu adresu mo\u0107i \u0107e je podi\u0107i u po\u0161tanskim uredima deset dana od po\u010detka isplate nakon \u010dega ne\u0107e biti mogu\u0107a retrogradna isplata za navedeni mjesec.<\/p>\n","protected":false},"author":1,"featured_media":57264,"comment_status":"closed","ping_status":"closed","sticky":false,"template":"","format":"standard","meta":{"footnotes":""},"categories":[9],"tags":[17,1077,39],"class_list":["post-68909","post","type-post","status-publish","format-standard","has-post-thumbnail","hentry","category-vijesti","tag-novac","tag-uskrsnica","tag-zagreb"],"_links":{"self":[{"href":"https:\/\/www.mojevrijeme.hr\/magazin\/wp-json\/wp\/v2\/posts\/68909","targetHints":{"allow":["GET"]}}],"collection":[{"href":"https:\/\/www.mojevrijeme.hr\/magazin\/wp-json\/wp\/v2\/posts"}],"about":[{"href":"https:\/\/www.mojevrijeme.hr\/magazin\/wp-json\/wp\/v2\/types\/post"}],"author":[{"embeddable":true,"href":"https:\/\/www.mojevrijeme.hr\/magazin\/wp-json\/wp\/v2\/users\/1"}],"replies":[{"embeddable":true,"href":"https:\/\/www.mojevrijeme.hr\/magazin\/wp-json\/wp\/v2\/comments?post=68909"}],"version-history":[{"count":0,"href":"https:\/\/www.mojevrijeme.hr\/magazin\/wp-json\/wp\/v2\/posts\/68909\/revisions"}],"wp:featuredmedia":[{"embeddable":true,"href":"https:\/\/www.mojevrijeme.hr\/magazin\/wp-json\/wp\/v2\/media\/57264"}],"wp:attachment":[{"href":"https:\/\/www.mojevrijeme.hr\/magazin\/wp-json\/wp\/v2\/media?parent=68909"}],"wp:term":[{"taxonomy":"category","embeddable":true,"href":"https:\/\/www.mojevrijeme.hr\/magazin\/wp-json\/wp\/v2\/categories?post=68909"},{"taxonomy":"post_tag","embeddable":true,"href":"https:\/\/www.mojevrijeme.hr\/magazin\/wp-json\/wp\/v2\/tags?post=68909"}],"curies":[{"name":"wp","href":"https:\/\/api.w.org\/{rel}","templated":true}]}}