{"id":69101,"date":"2023-03-22T08:36:07","date_gmt":"2023-03-22T07:36:07","guid":{"rendered":"https:\/\/www.mojevrijeme.hr\/magazin\/?p=69101"},"modified":"2023-03-22T08:38:56","modified_gmt":"2023-03-22T07:38:56","slug":"bivsa-predsjednica-grabar-kitrovic-osnovala-je-konzultantsku-tvrtku-u-zagrebu","status":"publish","type":"post","link":"https:\/\/www.mojevrijeme.hr\/magazin\/2023\/03\/bivsa-predsjednica-grabar-kitrovic-osnovala-je-konzultantsku-tvrtku-u-zagrebu\/","title":{"rendered":"Biv\u0161a predsjednica Grabar-Kitrovi\u0107 osnovala je konzultantsku tvrtku u Zagrebu"},"content":{"rendered":"\n<p>Biv\u0161a predsjednica&nbsp;<strong>Kolinda Grabar Kitarovi\u0107<\/strong>&nbsp;krenula je u poduzetni\u010dke vode te je krajem pro\u0161le godine u Zagrebu registrirala tvrtku pod nazivom KGK Advising &amp; Professional Services d.o.o. u kojoj je osniva\u010dica i direktorica, otkrio je <a href=\"https:\/\/www.jutarnji.hr\/vijesti\/hrvatska\/nova-karijera-kolinde-grabar-kitarovic-postaje-poduzetnica-evo-cime-ce-se-baviti-njezina-nova-tvrtka-15317862\" target=\"_blank\" rel=\"noreferrer noopener\">Jutarnji list<\/a>. <\/p>\n\n\n\n<p>Tvrtka je osnovana sa sjedi\u0161tem na adresi njezina zagreba\u010dkog stana u Bauerovoj ulici, \u010dija je jedina vlasnica. Tvrtka je osnovana u studenom 2022. i to za niz djelatnosti, ali one koje se uglavnom odnose na savjetovanje u vezi s poslovanjem i upravljanjem, istra\u017eivanje tr\u017ei\u0161ta i ispitivanje javnog mnijenja, promid\u017ebu, poduku u govornoj komunikaciji&#8230;<\/p>\n\n\n\n<p>Tvrtka ima temeljni kapital u visini od 2.654 eura. Poku\u0161ali smo od Grabar Kitarovi\u0107 doznati \u010dime se konkretno planira baviti preko tog trgova\u010dkog dru\u0161tva, ali nije bila raspolo\u017eena za komentar, navodi Jutarnji.<\/p><div id=\"mojev-2245441550\" class=\"mojev-u-tekstu mojev-entity-placement\" style=\"margin-left: auto;margin-right: auto;text-align: center;\"><div class=\"mojev-adlabel\">oglas<\/div><div style=\"height: 250px;\"><script async src=\"https:\/\/pagead2.googlesyndication.com\/pagead\/js\/adsbygoogle.js?client=ca-pub-8106111766207173\"\r\n     crossorigin=\"anonymous\"><\/script>\r\n<!-- Prikazni 1 u tekstu -->\r\n<ins class=\"adsbygoogle\"\r\n     style=\"display:block\"\r\n     data-ad-client=\"ca-pub-8106111766207173\"\r\n     data-ad-slot=\"8535551207\"\r\n     data-ad-format=\"auto\"\r\n     data-full-width-responsive=\"true\"><\/ins>\r\n<script>\r\n     (adsbygoogle = window.adsbygoogle || []).push({});\r\n<\/script><\/div><\/div><br style=\"clear: both; display: block; float: none;\"\/>\n\n\n\n<p>Njezin posljednji navodni anga\u017eman direktorice u tvrtki u Engleskoj zajedno s biv\u0161im predsjednikom&nbsp;<strong>Stjepanom Mesi\u0107em&nbsp;<\/strong>nedavno je privukao medijsku pa\u017enju jer dvojac nije ni znao da su ih vlasnici tvrtke registrirali kao direktore jer su isprva trebali imati tek savjetni\u010dku ulogu.<\/p>\n\n\n\n<div id=\"sivo\"><\/p>\n\n\n\n<p>Prema Sudskom registru, tvrtka biv\u0161e predsjednice Kolinde Grabar-Kitarovi\u0107 registrirana je za ove djelatnosti:<\/p>\n\n\n\n<ul class=\"wp-block-list\">\n<li>savjetovanje u vezi s poslovanjem i upravljanjem<\/li>\n\n\n\n<li>istra\u017eivanje tr\u017ei\u0161ta i ispitivanje javnog mnijenja<\/li>\n\n\n\n<li>promid\u017eba (reklama i propaganda)<\/li>\n\n\n\n<li>organiziracija seminara, izlo\u017ebi, kongresa, te\u010dajeva, revija, zabavnih manifestacija i promocija<\/li>\n\n\n\n<li>posredovanje pri sklapanju poslova na nov\u010danom tr\u017ei\u0161tu<\/li>\n\n\n\n<li>savjetovanje pravnih osoba glede strukture kapitala, poslovne strategije i sli\u010dnih pitanja te pru\u017eanje usluga koje se odnose na poslovna spajanja i stjecanje dionica i poslovnih udjela u drugim dru\u0161tvima<\/li>\n\n\n\n<li>usluge prevo\u0111enja<\/li>\n\n\n\n<li>poduka u govornoj komunikaciji<\/li>\n\n\n\n<li>kupnja i prodaja robe<\/li>\n\n\n\n<li>pru\u017eanje usluga u trgovini<\/li>\n\n\n\n<li>obavljanje trgova\u010dkog posredovanja na doma\u0107em i inozemnom tr\u017ei\u0161tu<\/li>\n\n\n\n<li>zastupanje inozemnih tvrtki<\/li>\n\n\n\n<li>usluge informacijskog dru\u0161tva<\/li>\n\n\n\n<li>djelatnost javnog informiranja<\/li>\n<\/ul>\n\n\n\n<p><em>(mv)<\/em><\/p>\n\n\n\n<p><\/div>\n<div id=\"mojev-3385945432\" class=\"mojev-kraj-teksta mojev-entity-placement\" style=\"margin-bottom: 20px;margin-left: auto;margin-right: auto;text-align: center;\"><div class=\"mojev-adlabel\">oglas<\/div><div style=\"height: 250px;\"><script async src=\"https:\/\/pagead2.googlesyndication.com\/pagead\/js\/adsbygoogle.js?client=ca-pub-8106111766207173\"\r\n     crossorigin=\"anonymous\"><\/script>\r\n<!-- Display-1 -->\r\n<ins class=\"adsbygoogle\"\r\n     style=\"display:block\"\r\n     data-ad-client=\"ca-pub-8106111766207173\"\r\n     data-ad-slot=\"1465712950\"\r\n     data-ad-format=\"auto\"\r\n     data-full-width-responsive=\"true\"><\/ins>\r\n<script>\r\n     (adsbygoogle = window.adsbygoogle || []).push({});\r\n<\/script><\/div><\/div>","protected":false},"excerpt":{"rendered":"<p>Prema Sudskom registru, tvrtka biv\u0161e predsjednice Kolinde Grabar-Kitarovi\u0107 registrirana je za niz djelatnosti.<\/p>\n","protected":false},"author":1,"featured_media":26652,"comment_status":"closed","ping_status":"closed","sticky":false,"template":"","format":"standard","meta":{"footnotes":""},"categories":[9],"tags":[98,359],"class_list":["post-69101","post","type-post","status-publish","format-standard","has-post-thumbnail","hentry","category-vijesti","tag-karijera","tag-kolinda"],"_links":{"self":[{"href":"https:\/\/www.mojevrijeme.hr\/magazin\/wp-json\/wp\/v2\/posts\/69101","targetHints":{"allow":["GET"]}}],"collection":[{"href":"https:\/\/www.mojevrijeme.hr\/magazin\/wp-json\/wp\/v2\/posts"}],"about":[{"href":"https:\/\/www.mojevrijeme.hr\/magazin\/wp-json\/wp\/v2\/types\/post"}],"author":[{"embeddable":true,"href":"https:\/\/www.mojevrijeme.hr\/magazin\/wp-json\/wp\/v2\/users\/1"}],"replies":[{"embeddable":true,"href":"https:\/\/www.mojevrijeme.hr\/magazin\/wp-json\/wp\/v2\/comments?post=69101"}],"version-history":[{"count":0,"href":"https:\/\/www.mojevrijeme.hr\/magazin\/wp-json\/wp\/v2\/posts\/69101\/revisions"}],"wp:featuredmedia":[{"embeddable":true,"href":"https:\/\/www.mojevrijeme.hr\/magazin\/wp-json\/wp\/v2\/media\/26652"}],"wp:attachment":[{"href":"https:\/\/www.mojevrijeme.hr\/magazin\/wp-json\/wp\/v2\/media?parent=69101"}],"wp:term":[{"taxonomy":"category","embeddable":true,"href":"https:\/\/www.mojevrijeme.hr\/magazin\/wp-json\/wp\/v2\/categories?post=69101"},{"taxonomy":"post_tag","embeddable":true,"href":"https:\/\/www.mojevrijeme.hr\/magazin\/wp-json\/wp\/v2\/tags?post=69101"}],"curies":[{"name":"wp","href":"https:\/\/api.w.org\/{rel}","templated":true}]}}