{"id":69252,"date":"2023-03-26T10:52:04","date_gmt":"2023-03-26T08:52:04","guid":{"rendered":"https:\/\/www.mojevrijeme.hr\/magazin\/?p=69252"},"modified":"2023-03-26T10:52:06","modified_gmt":"2023-03-26T08:52:06","slug":"hrvatski-lijecnik-otkrio-kolika-mu-je-mirovina-za-41-godinu-staza-slobodno-objavite","status":"publish","type":"post","link":"https:\/\/www.mojevrijeme.hr\/magazin\/2023\/03\/hrvatski-lijecnik-otkrio-kolika-mu-je-mirovina-za-41-godinu-staza-slobodno-objavite\/","title":{"rendered":"Hrvatski lije\u010dnik otkrio kolika mu je mirovina za 41 godinu sta\u017ea. &#8216;Slobodno objavite!&#8217;"},"content":{"rendered":"\n<p>Dr.\u00a0<strong>Ivo Mi\u0161ura<\/strong>, ugledni \u0161ibenski lije\u010dnik u mirovini, otkrio je jedan od razloga odlaska lije\u010dnika iz Hrvatske. Naime, u javnosti vlada stereotip o lije\u010dnicima kao svojevrsnoj dru\u0161tvenoj eliti koja ima i vi\u0161e nego treba, pa mnogima nije jasno za\u0161to se bune.<\/p>\n\n\n\n<p>&#8220;Evo, ako ho\u0107ete slobodno objavite kolika je moja mirovina &#8211; sa 41 godinom i 4 mjeseca sta\u017ea, kada sam oti\u0161ao u mirovinu 2011. dobio sam 5.289 kuna mirovine. Eto, to je kompenzacija za predani lije\u010dni\u010dki rad od preko 41 godine, kazao je za <a rel=\"noreferrer noopener\" href=\"https:\/\/sibenski.slobodnadalmacija.hr\/sibenik\/vijesti\/zupanija\/za-specijalizaciju-u-sibeniku-javljaju-se-mahom-lijecnici-iz-splita-i-kada-zavrse-jedva-cekaju-priliku-otici-nazad-1275622\" target=\"_blank\">\u0160ibenski<\/a>. <\/p>\n\n\n\n<h3 class=\"wp-block-heading\">Rad u mirovini podi\u017ee mirovinu<\/h3>\n\n\n\n<p>&#8220;U me\u0111uvremenu sam radio privatno i to se odrazilo na moju ukupnu mirovinu jer dr\u017eava daje poticaj za rad iza 65. godine, tako da mi je mirovina porasla. Sada je osam tisu\u0107a kuna, ali to sam ostvario naknadnim, privatnim radom, ne od dr\u017eave. Ukupno sam sakupio 45 godina sta\u017ea kao lije\u010dnik. A zadnjih 3,5 godine koliko sam radio nakon umirovljenja, imao sam beneficiju jer dr\u017eava daje 1,8 posto za svaku godinu iza 65. Od 65. do 70. godine tko radi dobiva 1,8 posto godi\u0161nje kao dodatak na mirovinu. I zahvaljuju\u0107i tome moja mirovina danas iznosi 8 tisu\u0107a kuna&#8221;, detaljno obja\u0161njava dr. Mi\u0161ura. Toliko o prepla\u0107enosti lije\u010dnika.<\/p><div id=\"mojev-703494109\" class=\"mojev-u-tekstu mojev-entity-placement\" style=\"margin-left: auto;margin-right: auto;text-align: center;\"><div class=\"mojev-adlabel\">oglas<\/div><div style=\"height: 250px;\"><script async src=\"https:\/\/pagead2.googlesyndication.com\/pagead\/js\/adsbygoogle.js?client=ca-pub-8106111766207173\"\r\n     crossorigin=\"anonymous\"><\/script>\r\n<!-- Prikazni 1 u tekstu -->\r\n<ins class=\"adsbygoogle\"\r\n     style=\"display:block\"\r\n     data-ad-client=\"ca-pub-8106111766207173\"\r\n     data-ad-slot=\"8535551207\"\r\n     data-ad-format=\"auto\"\r\n     data-full-width-responsive=\"true\"><\/ins>\r\n<script>\r\n     (adsbygoogle = window.adsbygoogle || []).push({});\r\n<\/script><\/div><\/div><br style=\"clear: both; display: block; float: none;\"\/>\n\n\n\n<p>Problem je, napominje, i to \u0161to ministar Bero\u0161 evidentno<strong>\u00a0<\/strong>ne razlikuje pla\u0107u i primanja, pa govori da nije bitna pla\u0107a, nego ono \u0161to ljudi prime. &#8220;Da, ali imaju i prekovremeni rad i de\u017eurstva, pripravnost, studije i predavanja koja dr\u017ee, i razumljivo je da se to honorira. A po ministru im se ni\u0161ta od toga ne bi trebalo pla\u0107ati. Ako profesor u \u0161koli radi honorarno to mu je pla\u0107eno. Zna\u010di, li to da ni njemu ne treba platiti&#8221;, pita se ovaj lije\u010dnik.<\/p>\n<div id=\"mojev-3579018072\" class=\"mojev-kraj-teksta mojev-entity-placement\" style=\"margin-bottom: 20px;margin-left: auto;margin-right: auto;text-align: center;\"><div class=\"mojev-adlabel\">oglas<\/div><div style=\"height: 250px;\"><script async src=\"https:\/\/pagead2.googlesyndication.com\/pagead\/js\/adsbygoogle.js?client=ca-pub-8106111766207173\"\r\n     crossorigin=\"anonymous\"><\/script>\r\n<!-- Display-1 -->\r\n<ins class=\"adsbygoogle\"\r\n     style=\"display:block\"\r\n     data-ad-client=\"ca-pub-8106111766207173\"\r\n     data-ad-slot=\"1465712950\"\r\n     data-ad-format=\"auto\"\r\n     data-full-width-responsive=\"true\"><\/ins>\r\n<script>\r\n     (adsbygoogle = window.adsbygoogle || []).push({});\r\n<\/script><\/div><\/div>","protected":false},"excerpt":{"rendered":"<p>Problem je, napominje, i to \u0161to ministar Bero\u0161 evidentno\u00a0ne razlikuje pla\u0107u i primanja, pa govori da nije bitna pla\u0107a, nego ono \u0161to ljudi prime.<\/p>\n","protected":false},"author":1,"featured_media":69257,"comment_status":"closed","ping_status":"closed","sticky":false,"template":"","format":"standard","meta":{"footnotes":""},"categories":[9],"tags":[950,18],"class_list":["post-69252","post","type-post","status-publish","format-standard","has-post-thumbnail","hentry","category-vijesti","tag-lijecnici","tag-mirovine"],"_links":{"self":[{"href":"https:\/\/www.mojevrijeme.hr\/magazin\/wp-json\/wp\/v2\/posts\/69252","targetHints":{"allow":["GET"]}}],"collection":[{"href":"https:\/\/www.mojevrijeme.hr\/magazin\/wp-json\/wp\/v2\/posts"}],"about":[{"href":"https:\/\/www.mojevrijeme.hr\/magazin\/wp-json\/wp\/v2\/types\/post"}],"author":[{"embeddable":true,"href":"https:\/\/www.mojevrijeme.hr\/magazin\/wp-json\/wp\/v2\/users\/1"}],"replies":[{"embeddable":true,"href":"https:\/\/www.mojevrijeme.hr\/magazin\/wp-json\/wp\/v2\/comments?post=69252"}],"version-history":[{"count":0,"href":"https:\/\/www.mojevrijeme.hr\/magazin\/wp-json\/wp\/v2\/posts\/69252\/revisions"}],"wp:featuredmedia":[{"embeddable":true,"href":"https:\/\/www.mojevrijeme.hr\/magazin\/wp-json\/wp\/v2\/media\/69257"}],"wp:attachment":[{"href":"https:\/\/www.mojevrijeme.hr\/magazin\/wp-json\/wp\/v2\/media?parent=69252"}],"wp:term":[{"taxonomy":"category","embeddable":true,"href":"https:\/\/www.mojevrijeme.hr\/magazin\/wp-json\/wp\/v2\/categories?post=69252"},{"taxonomy":"post_tag","embeddable":true,"href":"https:\/\/www.mojevrijeme.hr\/magazin\/wp-json\/wp\/v2\/tags?post=69252"}],"curies":[{"name":"wp","href":"https:\/\/api.w.org\/{rel}","templated":true}]}}