{"id":69386,"date":"2023-03-29T09:19:40","date_gmt":"2023-03-29T07:19:40","guid":{"rendered":"https:\/\/www.mojevrijeme.hr\/magazin\/?p=69386"},"modified":"2023-03-29T09:19:59","modified_gmt":"2023-03-29T07:19:59","slug":"treba-li-se-krizati-kod-izlaska-iz-crkve","status":"publish","type":"post","link":"https:\/\/www.mojevrijeme.hr\/magazin\/2023\/03\/treba-li-se-krizati-kod-izlaska-iz-crkve\/","title":{"rendered":"Treba li se kri\u017eati kod izlaska iz crkve?"},"content":{"rendered":"\n<p>&#8220;Jedan mi je prijatelj rekao da je negdje \u010duo da ako se pri\u010destimo na misi, na kraju pri izlasku iz crkve nema potrebe u\u010diniti znak kri\u017ea sa svetom vodom. Ima li kakvih odredaba koje to propisuju i \u0161to je Va\u0161a preporuka?&#8221;<\/p>\n\n\n\n<p>To je pitanje postavila jedna vjernica uredni\u0161tvu katoli\u010dkog tjednika <a rel=\"noreferrer noopener\" href=\"https:\/\/www.glas-koncila.hr\/vatikan-i-sveta-stolica-trebamo-li-se-krizati-kod-izlaska-iz-crkve\/\" target=\"_blank\">Glas Koncila<\/a>. U nastavku pro\u010ditajte \u0161to \u0161to joj je odgovoreno, kao i cijelo obrazlo\u017eenje za\u0161to vjernici uop\u0107e na sebe stavljaju znak kri\u017ea ili krsta. <\/p>\n\n\n\n<p>&#8220;Mo\u017eda Va\u0161 prijatelj nije dobro \u010duo ili dobro zapamtio i mo\u017eda je \u010duo da se nakon \u0161to primimo pri\u010dest \u2013 dakle, neposredno nakon primanja pri\u010desti \u2013 ne trebamo ni poklecati niti se klanjati oltaru, niti se trebamo kri\u017eati, nego se trebamo dostojanstveno vratiti na svoje mjesto i tamo se zahvalno pomoliti na daru euharistije koji smo primili. No to ne zna\u010di da nam je primanje pri\u010desti \u00bbzamjena\u00ab za kri\u017eanje pri izlasku iz crkve na kraju mise&#8221;, pi\u0161e Glas. <\/p><div id=\"mojev-151888335\" class=\"mojev-u-tekstu mojev-entity-placement\" style=\"margin-left: auto;margin-right: auto;text-align: center;\"><div class=\"mojev-adlabel\">oglas<\/div><div style=\"height: 250px;\"><script async src=\"https:\/\/pagead2.googlesyndication.com\/pagead\/js\/adsbygoogle.js?client=ca-pub-8106111766207173\"\r\n     crossorigin=\"anonymous\"><\/script>\r\n<!-- Prikazni 1 u tekstu -->\r\n<ins class=\"adsbygoogle\"\r\n     style=\"display:block\"\r\n     data-ad-client=\"ca-pub-8106111766207173\"\r\n     data-ad-slot=\"8535551207\"\r\n     data-ad-format=\"auto\"\r\n     data-full-width-responsive=\"true\"><\/ins>\r\n<script>\r\n     (adsbygoogle = window.adsbygoogle || []).push({});\r\n<\/script><\/div><\/div><br style=\"clear: both; display: block; float: none;\"\/>\n\n\n\n<p>&#8220;Na sli\u010dno smo pitanje jednom odgovarali pa smo objasnili da znamenovanje i znak kri\u017eem, kako pi\u0161e na\u0161 liturgi\u010dar dr. Ivan \u0160a\u0161ko, trebamo shvatiti kao <em>poziv na po\u010detak pravoga \u017eivota, na\u0161ega uzdignu\u0107a prema punini slave i pobo\u017eanstvenjenja<\/em> \u2013 bez obzira u kojoj se prigodi kri\u017eamo (kad se probudimo, tijekom dana kada molimo, nave\u010der prije nego \u0161to usnemo ili u drugim prigodama). Kada ulazimo u crkvu, moramo se sjetiti da na neki na\u010din izlazimo iz svakodnevnoga svijeta, da ulazimo u poseban, sakralni prostor, prostor u kojem osje\u0107amo posebnu Bo\u017eju prisutnost. Ve\u0107 nas taj ulazak mora podsjetiti na to tko smo i \u0161to smo. Ima li onda i\u0161ta <em>prirodnije<\/em> nego da nas na to podsje\u0107a znamen kri\u017ea na na\u0161em tijelu koji \u010dinimo rukom umo\u010denom u blagoslovljenu vodu? Tim se \u010dinom spominjemo i svoga kr\u0161tenja (voda) te pripadnosti Kristu (znak kri\u017ea), pi\u0161e dr. \u0160a\u0161ko, a isto to vrijedi i kod izlaska iz crkve, sa svije\u0161\u0107u da je znamen kri\u017ea najuo\u010dljiviji kao blagoslov ili posveta stvari i osoba kojim se one dovode u posebnu vezu s Bogom.&#8221;<\/p>\n\n\n\n<p>&#8220;U svom smo ranijem odgovoru citirali i Berta Ghezzija koji je u svojoj knjizi &#8216;Znak kri\u017ea: ponovno otkri\u0107e mo\u0107i drevne molitve&#8217; istaknuo da znak kri\u017ea <em>nije prazna gesta<\/em>, nego je <em>mo\u0107na molitva koja uklju\u010duje Duha Svetoga kao bo\u017eanskoga odvjetnika i sredstvo na\u0161ega uspje\u0161noga kr\u0161\u0107anskoga \u017eivljenja<\/em> te <em>obvezuje tijelo i du\u0161u, um i srce, Kristu<\/em>. A poznati teolog Romano Guardini pak poti\u010de: <em>Neka obuzme cijelo tvoje bi\u0107e \u2013 tijelo, du\u0161u, um, volju, misli, osje\u0107aje, djela \u2013 i ozna\u010davaju\u0107i kri\u017eem, oja\u010da i posveti sve u snazi Kristovoj, u ime trojedinoga Boga<\/em>&#8220;, obrazla\u017ee Glas Koncila.<\/p>\n<div id=\"mojev-741506980\" class=\"mojev-kraj-teksta mojev-entity-placement\" style=\"margin-bottom: 20px;margin-left: auto;margin-right: auto;text-align: center;\"><div class=\"mojev-adlabel\">oglas<\/div><div style=\"height: 250px;\"><script async src=\"https:\/\/pagead2.googlesyndication.com\/pagead\/js\/adsbygoogle.js?client=ca-pub-8106111766207173\"\r\n     crossorigin=\"anonymous\"><\/script>\r\n<!-- Display-1 -->\r\n<ins class=\"adsbygoogle\"\r\n     style=\"display:block\"\r\n     data-ad-client=\"ca-pub-8106111766207173\"\r\n     data-ad-slot=\"1465712950\"\r\n     data-ad-format=\"auto\"\r\n     data-full-width-responsive=\"true\"><\/ins>\r\n<script>\r\n     (adsbygoogle = window.adsbygoogle || []).push({});\r\n<\/script><\/div><\/div>","protected":false},"excerpt":{"rendered":"<p>Kada ulazimo u crkvu, moramo se sjetiti da na neki na\u010din izlazimo iz svakodnevnoga svijeta, da ulazimo u poseban, sakralni prostor, prostor u kojem osje\u0107amo posebnu Bo\u017eju prisutnost, stoji u odgovoru.<\/p>\n","protected":false},"author":1,"featured_media":69389,"comment_status":"closed","ping_status":"closed","sticky":false,"template":"","format":"standard","meta":{"footnotes":""},"categories":[2],"tags":[739,1070,713],"class_list":["post-69386","post","type-post","status-publish","format-standard","has-post-thumbnail","hentry","category-mozaik","tag-crkva","tag-katolici","tag-vjera"],"_links":{"self":[{"href":"https:\/\/www.mojevrijeme.hr\/magazin\/wp-json\/wp\/v2\/posts\/69386","targetHints":{"allow":["GET"]}}],"collection":[{"href":"https:\/\/www.mojevrijeme.hr\/magazin\/wp-json\/wp\/v2\/posts"}],"about":[{"href":"https:\/\/www.mojevrijeme.hr\/magazin\/wp-json\/wp\/v2\/types\/post"}],"author":[{"embeddable":true,"href":"https:\/\/www.mojevrijeme.hr\/magazin\/wp-json\/wp\/v2\/users\/1"}],"replies":[{"embeddable":true,"href":"https:\/\/www.mojevrijeme.hr\/magazin\/wp-json\/wp\/v2\/comments?post=69386"}],"version-history":[{"count":0,"href":"https:\/\/www.mojevrijeme.hr\/magazin\/wp-json\/wp\/v2\/posts\/69386\/revisions"}],"wp:featuredmedia":[{"embeddable":true,"href":"https:\/\/www.mojevrijeme.hr\/magazin\/wp-json\/wp\/v2\/media\/69389"}],"wp:attachment":[{"href":"https:\/\/www.mojevrijeme.hr\/magazin\/wp-json\/wp\/v2\/media?parent=69386"}],"wp:term":[{"taxonomy":"category","embeddable":true,"href":"https:\/\/www.mojevrijeme.hr\/magazin\/wp-json\/wp\/v2\/categories?post=69386"},{"taxonomy":"post_tag","embeddable":true,"href":"https:\/\/www.mojevrijeme.hr\/magazin\/wp-json\/wp\/v2\/tags?post=69386"}],"curies":[{"name":"wp","href":"https:\/\/api.w.org\/{rel}","templated":true}]}}