{"id":69422,"date":"2023-03-29T16:28:14","date_gmt":"2023-03-29T14:28:14","guid":{"rendered":"https:\/\/www.mojevrijeme.hr\/magazin\/?p=69422"},"modified":"2023-03-29T16:56:59","modified_gmt":"2023-03-29T14:56:59","slug":"stampedo-umirovljenika-u-lidlu-potukli-se-za-meso-na-akciji","status":"publish","type":"post","link":"https:\/\/www.mojevrijeme.hr\/magazin\/2023\/03\/stampedo-umirovljenika-u-lidlu-potukli-se-za-meso-na-akciji\/","title":{"rendered":"Stampedo umirovljenika u Lidlu, potukli se za meso na akciji"},"content":{"rendered":"\n<p>U poznatoj beogradskoj trgovini danas su se sukobili umirovljenici zbog mesa kojem je sni\u017eena cijena. Kako se vidi na snimci objavljenoj na Instagramu, deseci ljudi okupljeni oko zamrziva\u010da grabe pakete mesa koje je na akciji, javlja portal <a href=\"https:\/\/nova.rs\/vesti\/drustvo\/penzioneri-se-otimaju-oko-cevapa-samo-sto-se-nisu-potukli-sokantan-snimak-iz-beogradskog-lidla-video\/\" target=\"_blank\" rel=\"noreferrer noopener\">Nova.rs<\/a>.<\/p>\n\n\n\n<p>Prakti\u010dki cijelo vrijeme traje sva\u0111a oko mesa. Jedna umirovljenica poku\u0161ala je upozoriti ostale da je dopu\u0161teno uzeti samo tri kilograma mesa, no rijetko tko ju je poslu\u0161ao. Koliko je situacija izmakla kontroli govori podatak da je u jednom trenutku \u017eena koja se mu\u010dila s mesom prednjim dijelom tijela bila gotovo u zamrziva\u010du.<\/p>\n\n\n\n<p>Akcija \u0107evapa od svinjskog i june\u0107eg mesa zavr\u0161ava danas, a cijena kilograma je 319,99 dinara \u0161to je protuvrijednost od 2,73 eura. &#8220;Gospo\u0111o, gospo\u0111o molim vas\u2026 Zvat \u0107emo osiguranje, ovo nema smisla&#8221;, \u010duo se glas jednog od kupaca iz pozadine \u2013 koji je promatrao ovaj kaos.<\/p><div id=\"mojev-4035061052\" class=\"mojev-u-tekstu mojev-entity-placement\" style=\"margin-left: auto;margin-right: auto;text-align: center;\"><div class=\"mojev-adlabel\">oglas<\/div><div style=\"height: 250px;\"><script async src=\"https:\/\/pagead2.googlesyndication.com\/pagead\/js\/adsbygoogle.js?client=ca-pub-8106111766207173\"\r\n     crossorigin=\"anonymous\"><\/script>\r\n<!-- Prikazni 1 u tekstu -->\r\n<ins class=\"adsbygoogle\"\r\n     style=\"display:block\"\r\n     data-ad-client=\"ca-pub-8106111766207173\"\r\n     data-ad-slot=\"8535551207\"\r\n     data-ad-format=\"auto\"\r\n     data-full-width-responsive=\"true\"><\/ins>\r\n<script>\r\n     (adsbygoogle = window.adsbygoogle || []).push({});\r\n<\/script><\/div><\/div><br style=\"clear: both; display: block; float: none;\"\/>\n\n\n\n<p>Sli\u010dni prizori otimanja mesa zabilje\u017eeni su u Srbiji i prije \u010detiri godine kada je na akcijskoj cijeni bila piletina, a povodom otvaranja trgovina ovog trgova\u010dkog lanca. Vi\u0161e pogledajte u video prilogu. <\/p>\n\n\n\n<figure class=\"wp-block-embed is-type-video is-provider-youtube wp-block-embed-youtube wp-embed-aspect-16-9 wp-has-aspect-ratio\"><div class=\"wp-block-embed__wrapper\">\n<iframe loading=\"lazy\" title=\"Sve tuce sa otvaranja LIDL marketa u Srbiji!\" width=\"740\" height=\"416\" src=\"https:\/\/www.youtube.com\/embed\/Vc0Jg55-Gtc?feature=oembed\" frameborder=\"0\" allow=\"accelerometer; autoplay; clipboard-write; encrypted-media; gyroscope; picture-in-picture; web-share\" allowfullscreen><\/iframe>\n<\/div><\/figure>\n<div id=\"mojev-3182205655\" class=\"mojev-kraj-teksta mojev-entity-placement\" style=\"margin-bottom: 20px;margin-left: auto;margin-right: auto;text-align: center;\"><div class=\"mojev-adlabel\">oglas<\/div><div style=\"height: 250px;\"><script async src=\"https:\/\/pagead2.googlesyndication.com\/pagead\/js\/adsbygoogle.js?client=ca-pub-8106111766207173\"\r\n     crossorigin=\"anonymous\"><\/script>\r\n<!-- Display-1 -->\r\n<ins class=\"adsbygoogle\"\r\n     style=\"display:block\"\r\n     data-ad-client=\"ca-pub-8106111766207173\"\r\n     data-ad-slot=\"1465712950\"\r\n     data-ad-format=\"auto\"\r\n     data-full-width-responsive=\"true\"><\/ins>\r\n<script>\r\n     (adsbygoogle = window.adsbygoogle || []).push({});\r\n<\/script><\/div><\/div>","protected":false},"excerpt":{"rendered":"<p>Akcija \u0107evapa od svinjskog i june\u0107eg mesa zavr\u0161ava danas, a cijena kilograma je 2,73 eura. <\/p>\n","protected":false},"author":1,"featured_media":69424,"comment_status":"closed","ping_status":"closed","sticky":false,"template":"","format":"standard","meta":{"footnotes":""},"categories":[9],"tags":[237,638,77],"class_list":["post-69422","post","type-post","status-publish","format-standard","has-post-thumbnail","hentry","category-vijesti","tag-siromastvo","tag-srbija","tag-umirovljenici"],"_links":{"self":[{"href":"https:\/\/www.mojevrijeme.hr\/magazin\/wp-json\/wp\/v2\/posts\/69422","targetHints":{"allow":["GET"]}}],"collection":[{"href":"https:\/\/www.mojevrijeme.hr\/magazin\/wp-json\/wp\/v2\/posts"}],"about":[{"href":"https:\/\/www.mojevrijeme.hr\/magazin\/wp-json\/wp\/v2\/types\/post"}],"author":[{"embeddable":true,"href":"https:\/\/www.mojevrijeme.hr\/magazin\/wp-json\/wp\/v2\/users\/1"}],"replies":[{"embeddable":true,"href":"https:\/\/www.mojevrijeme.hr\/magazin\/wp-json\/wp\/v2\/comments?post=69422"}],"version-history":[{"count":0,"href":"https:\/\/www.mojevrijeme.hr\/magazin\/wp-json\/wp\/v2\/posts\/69422\/revisions"}],"wp:featuredmedia":[{"embeddable":true,"href":"https:\/\/www.mojevrijeme.hr\/magazin\/wp-json\/wp\/v2\/media\/69424"}],"wp:attachment":[{"href":"https:\/\/www.mojevrijeme.hr\/magazin\/wp-json\/wp\/v2\/media?parent=69422"}],"wp:term":[{"taxonomy":"category","embeddable":true,"href":"https:\/\/www.mojevrijeme.hr\/magazin\/wp-json\/wp\/v2\/categories?post=69422"},{"taxonomy":"post_tag","embeddable":true,"href":"https:\/\/www.mojevrijeme.hr\/magazin\/wp-json\/wp\/v2\/tags?post=69422"}],"curies":[{"name":"wp","href":"https:\/\/api.w.org\/{rel}","templated":true}]}}