{"id":69548,"date":"2023-03-31T00:19:56","date_gmt":"2023-03-30T22:19:56","guid":{"rendered":"https:\/\/www.mojevrijeme.hr\/magazin\/?p=69548"},"modified":"2023-03-31T00:22:04","modified_gmt":"2023-03-30T22:22:04","slug":"hrvatske-bake-zive-smo-i-zelimo-vrijeme-za-sebe-obitelji-nas-iskoristavaju","status":"publish","type":"post","link":"https:\/\/www.mojevrijeme.hr\/magazin\/2023\/03\/hrvatske-bake-zive-smo-i-zelimo-vrijeme-za-sebe-obitelji-nas-iskoristavaju\/","title":{"rendered":"Hrvatske bake: \u017dive smo i \u017eelimo vrijeme za sebe, obitelji nas iskori\u0161tavaju"},"content":{"rendered":"\n<p>Hrvatske bake su premorene, osje\u0107aju se iskori\u0161teno i iscrpljeno. To su u jednoj re\u010denici sa\u017eeti \u017eivoti Hrvatica koje skrbe o unu\u010dadi, pru\u017eaju nepla\u0107ene usluge baka-servisa, kuhaju, idu u nabavku i rijetko imaju vremena za sebe.<\/p>\n\n\n\n<p>Takva tradicionalna uloga bake u 21. stolje\u0107u sve vi\u0161e dolazi pod znak pitanja pa svjedo\u010dimo i samom odbacivanju tog naziva, jer sve je vi\u0161e \u017eena koje ne \u017eele da ih se zove \u2013 baka. Ne zato \u0161to ne vole svoju unu\u010dad, ve\u0107 zbog toga \u0161to imenica &#8220;baka&#8221; sa sobom nosi prtljagu patrijarhata i podre\u0111ivanje vlastitog \u017eivota drugima.<\/p>\n\n\n\n<p>&#8220;I ja sam jedna od baka koja je svoje potrebe podredila potrebama unu\u010dadi. Imam 73 godine i po struci sam magistar ekonomije. Kada sam prvi put postala, baka taman sam oti\u0161la u invalidsku mirovinu. Moja unuka sada ima ve\u0107 20 godina i jo\u0161 uvijek o\u010dekuje da budem uvijek i u svemu na raspolaganju i ne krivim nju. Krivim sebe jer sam pobrkala ljubav i odgoj&#8221;, po\u017ealila nam se jedna od na\u0161ih \u010ditateljica, ohrabrena ranijim istupima baka koje su otvoreno progovorile o vlastitom nezadovoljstvu.<\/p><div id=\"mojev-158163261\" class=\"mojev-u-tekstu mojev-entity-placement\" style=\"margin-left: auto;margin-right: auto;text-align: center;\"><div class=\"mojev-adlabel\">oglas<\/div><div style=\"height: 250px;\"><script async src=\"https:\/\/pagead2.googlesyndication.com\/pagead\/js\/adsbygoogle.js?client=ca-pub-8106111766207173\"\r\n     crossorigin=\"anonymous\"><\/script>\r\n<!-- Prikazni 1 u tekstu -->\r\n<ins class=\"adsbygoogle\"\r\n     style=\"display:block\"\r\n     data-ad-client=\"ca-pub-8106111766207173\"\r\n     data-ad-slot=\"8535551207\"\r\n     data-ad-format=\"auto\"\r\n     data-full-width-responsive=\"true\"><\/ins>\r\n<script>\r\n     (adsbygoogle = window.adsbygoogle || []).push({});\r\n<\/script><\/div><\/div><br style=\"clear: both; display: block; float: none;\"\/>\n\n\n\n<p>&#8220;Nije ona lo\u0161a, samo je postala sebi\u010dna, jer je uvijek bila centar oko kojeg smo svi skakali, a za to opet krivim sebe. Sa mojim drugim dvjema unukama od sina, nau\u010dila sam da trebam malo misliti i na sebe. Ni\u0161ta manje ih ne volim i uvijek sam tu kada je potrebno, ali uz ograni\u010denja. Mislim da odrastaju zdravije i da imaju puno vi\u0161e empatije za mene. Eto to je moje iskustvo iz kojeg \u0107e mo\u017eda neke bake mo\u0107i izvu\u0107i dobre zaklju\u010dke&#8221;, tvrdi na\u0161a \u010ditateljica.<\/p>\n\n\n\n<p>I druga baka koja nas je anonimno kontaktirala putem obrasca Povjerljivo pi\u0161e: &#8220;Spadam u takve bake. Situaciju mi ote\u017eava suprug. Posve je izgubio volju za normalnim \u017eivotom. Samo sjedi i povremeno obavi poslove prijevoza, jer ja ne \u017eelim voziti automobil. Mirovina je za mene te\u017eak i iscrpljuju\u0107i rad. Volim ja i djecu i unuke i supruga, ali i ja sam \u017eiva i \u017eelim za sebe vrijeme! \u017delim putovati i biti s prijateljima.&#8221;<\/p>\n\n\n\n<p>Kako prona\u0107i optimum izme\u0111u vlastitog \u017eivota i potreba obitelji te izbje\u0107i &#8220;sagorijevanje&#8221;, pro\u010ditajte u prilogu: <a rel=\"noreferrer noopener\" href=\"https:\/\/www.mojevrijeme.hr\/magazin\/2023\/03\/hrvatske-bake-iscrpljene-smo-i-premorene-nije-dobro-imati-meko-srce\/\" data-type=\"post\" data-id=\"69412\" target=\"_blank\">\u2018Iscrpljene smo i premorene. Nije dobro imati meko srce\u2019<\/a>.<\/p>\n\n\n\n<div id=\"crveno\"><\/p>\n\n\n\n<p>\u017delite li i vi, posve anonimno, podijeliti svoje iskustvo i vi\u0111enje ove teme s nama i na\u0161im \u010ditateljima, mo\u017eete to u\u010diniti putem web obrasca <a rel=\"noreferrer noopener\" href=\"https:\/\/www.mojevrijeme.hr\/magazin\/povjerljivo\/\" target=\"_blank\">Povjerljivo<\/a>. <\/p>\n\n\n\n<p><\/div>\n<div id=\"mojev-893937763\" class=\"mojev-kraj-teksta mojev-entity-placement\" style=\"margin-bottom: 20px;margin-left: auto;margin-right: auto;text-align: center;\"><div class=\"mojev-adlabel\">oglas<\/div><div style=\"height: 250px;\"><script async src=\"https:\/\/pagead2.googlesyndication.com\/pagead\/js\/adsbygoogle.js?client=ca-pub-8106111766207173\"\r\n     crossorigin=\"anonymous\"><\/script>\r\n<!-- Display-1 -->\r\n<ins class=\"adsbygoogle\"\r\n     style=\"display:block\"\r\n     data-ad-client=\"ca-pub-8106111766207173\"\r\n     data-ad-slot=\"1465712950\"\r\n     data-ad-format=\"auto\"\r\n     data-full-width-responsive=\"true\"><\/ins>\r\n<script>\r\n     (adsbygoogle = window.adsbygoogle || []).push({});\r\n<\/script><\/div><\/div>","protected":false},"excerpt":{"rendered":"<p>&#8216;Mirovina je za mene te\u017eak i iscrpljuju\u0107i rad. Volim ja i djecu i unuke i supruga, ali i ja sam \u017eiva i \u017eelim za sebe vrijeme! \u017delim putovati i biti s prijateljima.&#8217;<\/p>\n","protected":false},"author":1,"featured_media":69552,"comment_status":"closed","ping_status":"closed","sticky":false,"template":"","format":"standard","meta":{"footnotes":""},"categories":[2],"tags":[1353,979,198,318],"class_list":["post-69548","post","type-post","status-publish","format-standard","has-post-thumbnail","hentry","category-mozaik","tag-baka-servis","tag-bake","tag-obitelj","tag-unuci"],"_links":{"self":[{"href":"https:\/\/www.mojevrijeme.hr\/magazin\/wp-json\/wp\/v2\/posts\/69548","targetHints":{"allow":["GET"]}}],"collection":[{"href":"https:\/\/www.mojevrijeme.hr\/magazin\/wp-json\/wp\/v2\/posts"}],"about":[{"href":"https:\/\/www.mojevrijeme.hr\/magazin\/wp-json\/wp\/v2\/types\/post"}],"author":[{"embeddable":true,"href":"https:\/\/www.mojevrijeme.hr\/magazin\/wp-json\/wp\/v2\/users\/1"}],"replies":[{"embeddable":true,"href":"https:\/\/www.mojevrijeme.hr\/magazin\/wp-json\/wp\/v2\/comments?post=69548"}],"version-history":[{"count":0,"href":"https:\/\/www.mojevrijeme.hr\/magazin\/wp-json\/wp\/v2\/posts\/69548\/revisions"}],"wp:featuredmedia":[{"embeddable":true,"href":"https:\/\/www.mojevrijeme.hr\/magazin\/wp-json\/wp\/v2\/media\/69552"}],"wp:attachment":[{"href":"https:\/\/www.mojevrijeme.hr\/magazin\/wp-json\/wp\/v2\/media?parent=69548"}],"wp:term":[{"taxonomy":"category","embeddable":true,"href":"https:\/\/www.mojevrijeme.hr\/magazin\/wp-json\/wp\/v2\/categories?post=69548"},{"taxonomy":"post_tag","embeddable":true,"href":"https:\/\/www.mojevrijeme.hr\/magazin\/wp-json\/wp\/v2\/tags?post=69548"}],"curies":[{"name":"wp","href":"https:\/\/api.w.org\/{rel}","templated":true}]}}