{"id":69572,"date":"2023-03-31T09:17:57","date_gmt":"2023-03-31T07:17:57","guid":{"rendered":"https:\/\/www.mojevrijeme.hr\/magazin\/?p=69572"},"modified":"2023-03-31T09:28:57","modified_gmt":"2023-03-31T07:28:57","slug":"znanstvenik-otkrio-koliko-mozemo-produljiti-ljudski-zivot","status":"publish","type":"post","link":"https:\/\/www.mojevrijeme.hr\/magazin\/2023\/03\/znanstvenik-otkrio-koliko-mozemo-produljiti-ljudski-zivot\/","title":{"rendered":"Znanstvenik otkrio koliko mo\u017eemo produljiti ljudski \u017eivot"},"content":{"rendered":"\n<p>Kada je \u010dovjek zaista star? 85? 90? Pa \u0161to ka\u017eete na 141 godinu? To se mo\u017eda \u010dini nemogu\u0107im, ali u budu\u0107nosti bi ljudi mogli \u017eivjeti mnogo du\u017ee nego \u0161to to \u010dine sada, pokazuje jedno ameri\u010dko istra\u017eivanje. <\/p>\n\n\n\n<p><strong>Dr. David McCarthy<\/strong>, profesor na Sveu\u010dili\u0161tu u Georgiji, ka\u017ee da je mogu\u0107e da mu\u0161karci \u017eive do 141 godinu, a \u017eene preko 130 godina. Do sada su znanstvenici mislili da je najve\u0107a mogu\u0107a ljudska \u017eivotna dob tek ne\u0161to vi\u0161e od 120 godina, javlja <a rel=\"noreferrer noopener\" href=\"https:\/\/www.bbc.co.uk\/newsround\/65121184\" target=\"_blank\">BBC<\/a>.<\/p>\n\n\n\n<p>Prije sto godina, o\u010dekivano trajanje \u017eivota bilo je puno kra\u0107e nego \u0161to je danas. No, zahvaljuju\u0107i pobolj\u0161anju zdravstvene skrbi i prehrane, o\u010dekivano trajanje \u017eivota raslo je tijekom cijelog stolje\u0107a. Do 2010. godine, prosje\u010dna dob koju su \u017eene mogle o\u010dekivati da \u0107e do\u017eivjeti bila je 82 godine, a mu\u0161karci su mogli ra\u010dunati na 78 godina. Sada ovo novo ameri\u010dko istra\u017eivanje ka\u017ee je, zbog napretka medicine i \u0161iroke dostupnosti hrane, mogu\u0107e \u017eivjeti puno dulje. <\/p><div id=\"mojev-3114236849\" class=\"mojev-u-tekstu mojev-entity-placement\" style=\"margin-left: auto;margin-right: auto;text-align: center;\"><div class=\"mojev-adlabel\">oglas<\/div><div style=\"height: 250px;\"><script async src=\"https:\/\/pagead2.googlesyndication.com\/pagead\/js\/adsbygoogle.js?client=ca-pub-8106111766207173\"\r\n     crossorigin=\"anonymous\"><\/script>\r\n<!-- Prikazni 1 u tekstu -->\r\n<ins class=\"adsbygoogle\"\r\n     style=\"display:block\"\r\n     data-ad-client=\"ca-pub-8106111766207173\"\r\n     data-ad-slot=\"8535551207\"\r\n     data-ad-format=\"auto\"\r\n     data-full-width-responsive=\"true\"><\/ins>\r\n<script>\r\n     (adsbygoogle = window.adsbygoogle || []).push({});\r\n<\/script><\/div><\/div><br style=\"clear: both; display: block; float: none;\"\/>\n\n\n\n<p>Iako bi se ve\u0107ina ljudi zadovoljila sa 100 godina, najstarija osoba koja je ikad \u017eivjela do\u017eivjela je vi\u0161e od 122 godine! <a href=\"https:\/\/www.mojevrijeme.hr\/magazin\/2015\/06\/oni-stvarno-znaju-kako-dozivjeti-jako-duboku-starost\/\" data-type=\"post\" data-id=\"4671\">Jean Louise Calment<\/a> iz Francuske pripisivala je svoj dugovje\u010dni \u017eivot manjku stresa. &#8220;Ako ne mo\u017eete ni\u0161ta u\u010diniti u vezi toga, nemojte se brinuti&#8221;, rekla je novinarima. Tako\u0111er je voljela slatki\u0161e i jela ih je sve do 119. godine!<\/p>\n<div id=\"mojev-3538422826\" class=\"mojev-kraj-teksta mojev-entity-placement\" style=\"margin-bottom: 20px;margin-left: auto;margin-right: auto;text-align: center;\"><div class=\"mojev-adlabel\">oglas<\/div><div style=\"height: 250px;\"><script async src=\"https:\/\/pagead2.googlesyndication.com\/pagead\/js\/adsbygoogle.js?client=ca-pub-8106111766207173\"\r\n     crossorigin=\"anonymous\"><\/script>\r\n<!-- Display-1 -->\r\n<ins class=\"adsbygoogle\"\r\n     style=\"display:block\"\r\n     data-ad-client=\"ca-pub-8106111766207173\"\r\n     data-ad-slot=\"1465712950\"\r\n     data-ad-format=\"auto\"\r\n     data-full-width-responsive=\"true\"><\/ins>\r\n<script>\r\n     (adsbygoogle = window.adsbygoogle || []).push({});\r\n<\/script><\/div><\/div>","protected":false},"excerpt":{"rendered":"<p>Iako bi se ve\u0107ina ljudi zadovoljila sa 100 godina, najstarija osoba koja je ikad \u017eivjela do\u017eivjela je vi\u0161e od 122 godine!<\/p>\n","protected":false},"author":1,"featured_media":51332,"comment_status":"closed","ping_status":"closed","sticky":false,"template":"","format":"standard","meta":{"footnotes":""},"categories":[2],"tags":[64],"class_list":["post-69572","post","type-post","status-publish","format-standard","has-post-thumbnail","hentry","category-mozaik","tag-dugovjecnost"],"_links":{"self":[{"href":"https:\/\/www.mojevrijeme.hr\/magazin\/wp-json\/wp\/v2\/posts\/69572","targetHints":{"allow":["GET"]}}],"collection":[{"href":"https:\/\/www.mojevrijeme.hr\/magazin\/wp-json\/wp\/v2\/posts"}],"about":[{"href":"https:\/\/www.mojevrijeme.hr\/magazin\/wp-json\/wp\/v2\/types\/post"}],"author":[{"embeddable":true,"href":"https:\/\/www.mojevrijeme.hr\/magazin\/wp-json\/wp\/v2\/users\/1"}],"replies":[{"embeddable":true,"href":"https:\/\/www.mojevrijeme.hr\/magazin\/wp-json\/wp\/v2\/comments?post=69572"}],"version-history":[{"count":0,"href":"https:\/\/www.mojevrijeme.hr\/magazin\/wp-json\/wp\/v2\/posts\/69572\/revisions"}],"wp:featuredmedia":[{"embeddable":true,"href":"https:\/\/www.mojevrijeme.hr\/magazin\/wp-json\/wp\/v2\/media\/51332"}],"wp:attachment":[{"href":"https:\/\/www.mojevrijeme.hr\/magazin\/wp-json\/wp\/v2\/media?parent=69572"}],"wp:term":[{"taxonomy":"category","embeddable":true,"href":"https:\/\/www.mojevrijeme.hr\/magazin\/wp-json\/wp\/v2\/categories?post=69572"},{"taxonomy":"post_tag","embeddable":true,"href":"https:\/\/www.mojevrijeme.hr\/magazin\/wp-json\/wp\/v2\/tags?post=69572"}],"curies":[{"name":"wp","href":"https:\/\/api.w.org\/{rel}","templated":true}]}}