{"id":69612,"date":"2023-03-31T15:42:48","date_gmt":"2023-03-31T13:42:48","guid":{"rendered":"https:\/\/www.mojevrijeme.hr\/magazin\/?p=69612"},"modified":"2023-04-01T11:30:33","modified_gmt":"2023-04-01T09:30:33","slug":"ana-obregon-69-i-njena-novorodena-beba-zrtve-su-licemjera-s-drustvenih-mreza","status":"publish","type":"post","link":"https:\/\/www.mojevrijeme.hr\/magazin\/2023\/03\/ana-obregon-69-i-njena-novorodena-beba-zrtve-su-licemjera-s-drustvenih-mreza\/","title":{"rendered":"Ana Obregon (68) i njena novoro\u0111ena beba \u017ertve su licemjera s dru\u0161tvenih mre\u017ea"},"content":{"rendered":"\n<p>\u0160panjolska glumica i voditeljica <strong>Ana Obreg\u00f3n<\/strong> postala je jo\u0161 jednom majka u 69. godini \u017eivota. Ova zvijezda s malih ekrana Hrvatima je najpoznatija po strastvenoj vezi s nogometa\u0161em Davorom \u0160ukerom za kojega se i zamalo udala.<\/p>\n\n\n\n<p>Iako \u010desto idealiziramo \u017eivot osoba s crvenog tepiha, Obreg\u00f3n je u svojem \u017eivotu do\u017eivjela niz udaraca, od kojih je sigurno najtragi\u010dniji onaj iz 2020. godine, kada joj je od te\u0161ke bolesti preminuo 27. godi\u0161nji sin Aless. Mo\u017eemo samo pretpostaviti da je to razlog za\u0161to je \u0161panjolska ljepotica odlu\u010dila jo\u0161 jednom postati majka, no bilo bi nepristojno zbog toga je osu\u0111ivati.<\/p>\n\n\n\n<p>Ali osuda je stigla od dijela \u0161panjolskih politi\u010dara, budu\u0107i da je malena djevoj\u010dica na svijet do\u0161la putem surogat maj\u010dinstva koje nije legalno u \u0160panjolskoj pa i u tome treba tra\u017eiti razlog za\u0161to je beba ro\u0111ena izvan svoje domovine \u2013 u Sjedinjenim Dr\u017eavama. Oglasile su se i predstavnice pojedinih feministi\u010dkih pravaca koje su se usprotivile eksploataciji \u017eenskih tijela kroz surogat maj\u010dinstvo, bez obzira \u0161to surogat majke \u010desto tvrde da ih taj &#8220;posao&#8221; ispunjava i da su sretne \u0161to mogu usre\u0107iti ljude koji ne mogu imati djecu.<\/p><div id=\"mojev-3365596129\" class=\"mojev-u-tekstu mojev-entity-placement\" style=\"margin-left: auto;margin-right: auto;text-align: center;\"><div class=\"mojev-adlabel\">oglas<\/div><div style=\"height: 250px;\"><script async src=\"https:\/\/pagead2.googlesyndication.com\/pagead\/js\/adsbygoogle.js?client=ca-pub-8106111766207173\"\r\n     crossorigin=\"anonymous\"><\/script>\r\n<!-- Prikazni 1 u tekstu -->\r\n<ins class=\"adsbygoogle\"\r\n     style=\"display:block\"\r\n     data-ad-client=\"ca-pub-8106111766207173\"\r\n     data-ad-slot=\"8535551207\"\r\n     data-ad-format=\"auto\"\r\n     data-full-width-responsive=\"true\"><\/ins>\r\n<script>\r\n     (adsbygoogle = window.adsbygoogle || []).push({});\r\n<\/script><\/div><\/div><br style=\"clear: both; display: block; float: none;\"\/>\n\n\n\n<h3 class=\"wp-block-heading\">Tko je na meti?<\/h3>\n\n\n\n<p>No oglasili su se i oni koji nemaju veze ni s feminizmom niti im je stalo do zakona pa su u smjeru Ane Obreg\u00f3n i njene male k\u0107eri krenuli plotuni uvreda zato \u0161to je \u2013 stara. &#8220;Sebi\u010dna stara babuskara&#8221;, ka\u017eu. &#8220;Stara baba ne mo\u017ee roditi&#8221;, pi\u0161u oni koji se nisu odmaknuli od naslova i sli\u010dice ispod njega, ali svejedno smatraju da mogu bolje odgojiti dijete od Ane Obreg\u00f3n.<\/p>\n\n\n\n<p>Starost nije zakonski zabranjena. Ne postoje zakoni koji bi ograni\u010dili starijim ljudima da imaju djecu. Dapa\u010de, nitko jo\u0161 nije izvan zakona stavio tisu\u0107e baka i djedova u na\u0161oj zemlji koje i zakonski skrbe za svoje unuke. No va\u017ena \u010dinjenica u cijeloj pri\u010di jest to \u0161to je Ana Obreg\u00f3n \u2013 \u017eena u ozbiljnim godinama koja ne pola\u017ee ra\u010dune ba\u0161 nikome.<\/p>\n\n\n\n<h3 class=\"wp-block-heading\">Krokodilske suze teku Facebookom<\/h3>\n\n\n\n<p>&#8220;Tko \u0107e joj othraniti to dijete?&#8221; pita jedna komentatorica uvjerena da je Obreg\u00f3n uletjela u maj\u010dinstvo kao grlom u jagode, vjetropirasto, bez rezervnog plana i strategije. Oni konkretniji su pak ukazali da \u0107e majka vjerojatno umrijeti prije nego \u0161to joj &#8220;jadno dijete&#8221; odraste. Pa predvi\u0111aju novoro\u0111en\u010detu nesretan \u017eivot, li\u0161en ljubavi i u\u017eitaka, kao da smo svi s mladim majkama dobili ulaznicu za \u017eivot bez patnje i kao da nisu nikada sreli sretnu osobu koja je zarana ostala bez (mladih) roditelja. Na stranu \u0161to je nepristojno i nezahvalno predvi\u0111ati bilo \u010diji \u017eivotni vijek.<\/p>\n\n\n\n<p>Kako mediji nisu objavili ni\u0161ta o ocu djevoj\u010dice, uzbu\u0111ena svjetina nije ni pomislila da mo\u017eda postoji neki \u010dovjek, mo\u017eda mladi mu\u0161karac, koji se \u017eeli brinuti o svojoj k\u0107eri kojoj pravednici sa Facebooka navje\u0161taju budu\u0107nost punu tmastih oblaka.<\/p>\n\n\n\n<h3 class=\"wp-block-heading\">\u0160to je s mladim roditeljima &#8216;bez mozga&#8217;?<\/h3>\n\n\n\n<p>Slu\u010daj je za <em>El Diario<\/em> komentirala i profesorica filozofije prava na Autonomnom sveu\u010dili\u0161tu u Barceloni <strong>Noelia Igareda<\/strong> koja potvr\u0111uje da slu\u010daj Ane Obreg\u00f3n pokazuje cijeli skup predrasuda koje se bez problema iznose u javni prostor. Navodi da je Obreg\u00f3n meta napada zbog svojih godina, zato \u0161to je neudana i zato \u0161to u &#8220;projekt&#8221; nije u\u0161la u paru s nekim mu\u0161karcem. Zbog javnog tugovanja za umrlim sinom \u010dini se kao da je &#8220;kupila&#8221; dijete da smiri bol. Napadnuta je zbog njenih okolnosti i sada ju (politi\u010dari, op.ur.) koriste kao primjer da se surogat maj\u010dinstvom zapravo kupuju djeca. <\/p>\n\n\n\n<p>&#8220;No kad osoba odlu\u010di zatrudnjeti i ili kada se par odlu\u010di na dijete, nitko ne procjenjuje jesu li sposobni za roditeljstvo, pa \u010dak i kad pouzdano znamo da su &#8216;bez mozga&#8217;. Bilo bi nezamislivo re\u0107i da moramo nekom paru ili osobi dati dozvolu imaju dijete. Mo\u017eemo razmi\u0161ljati o njihovim godinama, ekonomskom statusu, zato \u0161to olako shva\u0107aju roditeljstvo\u2026 ali nikad ne propitkujemo moralnu prihvatljivost odluke da imaju djecu&#8221;, upozorava na licemjerje Igareda.<\/p>\n\n\n\n<h3 class=\"wp-block-heading\">Za\u0161to se ograni\u010denja stavljaju samo pred \u017eene?<\/h3>\n\n\n\n<p>Ana Obreg\u00f3n nije prva koja se odlu\u010dila na surogat trudno\u0107u nakon 50. U\u010dinio je to Elton John, sa 63, odnosno 65 godina kada je dobio prvo, odnosno drugo dijete.\u00a0Barunica Thyssen je imala 64. Miguel Bos\u00e9 je imao 55. A ako su u pitanju godine, Richard Gere postao je biolo\u0161ki otac sa 69 godina.\u00a0<\/p>\n\n\n\n<p>Tko bi trebao odlu\u010diti koja je prikladna dobna granica za imati dijete <em>(potpomognutim metodama, op.ur)<\/em>? Zakonodavstvo, naravno. No nije li \u010dudno da zakonodavac propisuje do koje dobi \u017eena mo\u017ee i\u0107i na potpomognutu oplodnju, dok o o\u010devima u tim tretmanima ne govori ni\u0161ta. \u00a0Iako je \u017eenska biolo\u0161ka granica izra\u017eenija, mu\u0161karci tako\u0111er imaju reproduktivne granice koje ozna\u010davaju, na primjer, pove\u0107anje genetskih bolesti, analizira <em>El Diario<\/em>.<\/p>\n\n\n\n<p>I ostaje nam rije\u0161iti jo\u0161 jednu nedoumicu. &#8220;Gdje su kod \u017eene od 69 godina na\u0161li jaja\u0161ce koje su oplodili?&#8221; pita se gospo\u0111a Mirica na na\u0161oj Facebook stranici. Odgovor je jednostavan \u2013 u fri\u017eideru. \u017dene ve\u0107 desetlje\u0107ima zamrzavaju jaja\u0161ca i embrije kako bi ih iskoristile nakon te\u0161kih terapija, operacija, ali i u menopauzi. Dobrodo\u0161li u 21. stolje\u0107e!<\/p>\n<div id=\"mojev-3109435873\" class=\"mojev-kraj-teksta mojev-entity-placement\" style=\"margin-bottom: 20px;margin-left: auto;margin-right: auto;text-align: center;\"><div class=\"mojev-adlabel\">oglas<\/div><div style=\"height: 250px;\"><script async src=\"https:\/\/pagead2.googlesyndication.com\/pagead\/js\/adsbygoogle.js?client=ca-pub-8106111766207173\"\r\n     crossorigin=\"anonymous\"><\/script>\r\n<!-- Display-1 -->\r\n<ins class=\"adsbygoogle\"\r\n     style=\"display:block\"\r\n     data-ad-client=\"ca-pub-8106111766207173\"\r\n     data-ad-slot=\"1465712950\"\r\n     data-ad-format=\"auto\"\r\n     data-full-width-responsive=\"true\"><\/ins>\r\n<script>\r\n     (adsbygoogle = window.adsbygoogle || []).push({});\r\n<\/script><\/div><\/div>","protected":false},"excerpt":{"rendered":"<p>Kako mediji nisu objavili ni\u0161ta o ocu djevoj\u010dice, uzbu\u0111ena svjetina nije ni pomislila da mo\u017eda postoji neki \u010dovjek, mo\u017eda mladi mu\u0161karac, koji se \u017eeli brinuti o svojoj k\u0107eri kojoj pravednici sa Facebooka navje\u0161taju budu\u0107nost punu tmastih oblaka.<\/p>\n","protected":false},"author":11,"featured_media":69616,"comment_status":"closed","ping_status":"closed","sticky":false,"template":"","format":"standard","meta":{"footnotes":""},"categories":[2],"tags":[3381,855],"class_list":["post-69612","post","type-post","status-publish","format-standard","has-post-thumbnail","hentry","category-mozaik","tag-ana-obregon","tag-odgodeno-roditeljstvo"],"_links":{"self":[{"href":"https:\/\/www.mojevrijeme.hr\/magazin\/wp-json\/wp\/v2\/posts\/69612","targetHints":{"allow":["GET"]}}],"collection":[{"href":"https:\/\/www.mojevrijeme.hr\/magazin\/wp-json\/wp\/v2\/posts"}],"about":[{"href":"https:\/\/www.mojevrijeme.hr\/magazin\/wp-json\/wp\/v2\/types\/post"}],"author":[{"embeddable":true,"href":"https:\/\/www.mojevrijeme.hr\/magazin\/wp-json\/wp\/v2\/users\/11"}],"replies":[{"embeddable":true,"href":"https:\/\/www.mojevrijeme.hr\/magazin\/wp-json\/wp\/v2\/comments?post=69612"}],"version-history":[{"count":0,"href":"https:\/\/www.mojevrijeme.hr\/magazin\/wp-json\/wp\/v2\/posts\/69612\/revisions"}],"wp:featuredmedia":[{"embeddable":true,"href":"https:\/\/www.mojevrijeme.hr\/magazin\/wp-json\/wp\/v2\/media\/69616"}],"wp:attachment":[{"href":"https:\/\/www.mojevrijeme.hr\/magazin\/wp-json\/wp\/v2\/media?parent=69612"}],"wp:term":[{"taxonomy":"category","embeddable":true,"href":"https:\/\/www.mojevrijeme.hr\/magazin\/wp-json\/wp\/v2\/categories?post=69612"},{"taxonomy":"post_tag","embeddable":true,"href":"https:\/\/www.mojevrijeme.hr\/magazin\/wp-json\/wp\/v2\/tags?post=69612"}],"curies":[{"name":"wp","href":"https:\/\/api.w.org\/{rel}","templated":true}]}}