{"id":69702,"date":"2023-04-01T17:04:08","date_gmt":"2023-04-01T15:04:08","guid":{"rendered":"https:\/\/www.mojevrijeme.hr\/magazin\/?p=69702"},"modified":"2023-04-01T17:05:46","modified_gmt":"2023-04-01T15:05:46","slug":"tereza-ne-bih-zivjela-dugo-kao-manolic-tad-si-vec-mumija","status":"publish","type":"post","link":"https:\/\/www.mojevrijeme.hr\/magazin\/2023\/04\/tereza-ne-bih-zivjela-dugo-kao-manolic-tad-si-vec-mumija\/","title":{"rendered":"Tereza: Ne bih \u017eivjela dugo kao Manoli\u0107, tad si ve\u0107 mumija!"},"content":{"rendered":"\n<p>Nacionalna miljenica, pjeva\u010dica <strong>Tereza Kesovija<\/strong> (84), u programu <a href=\"https:\/\/showbuzz.dnevnik.hr\/celebrity\/tereza-kesovija-u-emisiji-zdravlje-na-kvadrat---774152.html\" target=\"_blank\" rel=\"noreferrer noopener\">Nove TV<\/a> komentirala je kako se osje\u0107a u 85. godini \u017eivota. <\/p>\n\n\n\n<p>&#8220;Pa ne znam ba\u0161 kako sam. Ne mogu re\u0107i da sam najbolje jer imam problema s koljenima, a to izgleda kao da je genetika neka. Sje\u0107am se dobro mog jadnog oca da je jako, jako trpio, da se te\u0161ko kretao&#8221;, navela je. <\/p>\n\n\n\n<p>&#8220;Ali ja imam drugi problem. On nije imao endoprotezu, ja imam endoprotezu, i to u ovom lijevom koljenu. Ta kugla od metala, titana naravno, mora biti titan, daj Bo\u017ee samo da ne bude Titanik, po\u010dela se okretati i grebe me po kostima i to u\u017easno boli. Naravno, trebat \u0107e mi operacija i to je ono najgore\u201d, smatra Tereza.<\/p><div id=\"mojev-2104148202\" class=\"mojev-u-tekstu mojev-entity-placement\" style=\"margin-left: auto;margin-right: auto;text-align: center;\"><div class=\"mojev-adlabel\">oglas<\/div><div style=\"height: 250px;\"><script async src=\"https:\/\/pagead2.googlesyndication.com\/pagead\/js\/adsbygoogle.js?client=ca-pub-8106111766207173\"\r\n     crossorigin=\"anonymous\"><\/script>\r\n<!-- Prikazni 1 u tekstu -->\r\n<ins class=\"adsbygoogle\"\r\n     style=\"display:block\"\r\n     data-ad-client=\"ca-pub-8106111766207173\"\r\n     data-ad-slot=\"8535551207\"\r\n     data-ad-format=\"auto\"\r\n     data-full-width-responsive=\"true\"><\/ins>\r\n<script>\r\n     (adsbygoogle = window.adsbygoogle || []).push({});\r\n<\/script><\/div><\/div><br style=\"clear: both; display: block; float: none;\"\/>\n\n\n\n<p>Ipak, na\u0161a pjeva\u010dica misli kako nije vrijeme za mirovinu pa i dalje odr\u017eava koncerte. Tu\u017eiti se dodatno na zdravlje ne\u0107e pa ka\u017ee da bi htjela jo\u0161 po\u017eivjeti i to zbog djece. &#8220;Ali isto tako ako \u017eivi\u0161, dobro bi bilo da kvalitetnije \u017eivi\u0161&#8221; pojasnila je. <\/p>\n\n\n\n<p>Mo\u017eda jo\u0161 dvadesetak godina? &#8220;To \u0107e onaj gore odlu\u010diti. Koliko ima onaj Manoli\u0107, tako ti Boga? 103. godine. <em>No comment<\/em>&#8220;, izjavila je Tereza i otkrila kako ne bi voljela \u017eivjeti do 103. godine. &#8220;Ne! Ne bih ni slu\u010dajno. Malo si mumija&#8221;, smatra ona.<\/p>\n<div id=\"mojev-1711370099\" class=\"mojev-kraj-teksta mojev-entity-placement\" style=\"margin-bottom: 20px;margin-left: auto;margin-right: auto;text-align: center;\"><div class=\"mojev-adlabel\">oglas<\/div><div style=\"height: 250px;\"><script async src=\"https:\/\/pagead2.googlesyndication.com\/pagead\/js\/adsbygoogle.js?client=ca-pub-8106111766207173\"\r\n     crossorigin=\"anonymous\"><\/script>\r\n<!-- Display-1 -->\r\n<ins class=\"adsbygoogle\"\r\n     style=\"display:block\"\r\n     data-ad-client=\"ca-pub-8106111766207173\"\r\n     data-ad-slot=\"1465712950\"\r\n     data-ad-format=\"auto\"\r\n     data-full-width-responsive=\"true\"><\/ins>\r\n<script>\r\n     (adsbygoogle = window.adsbygoogle || []).push({});\r\n<\/script><\/div><\/div>","protected":false},"excerpt":{"rendered":"<p>Ipak, na\u0161a pjeva\u010dica misli kako nije vrijeme za mirovinu pa i dalje odr\u017eava koncerte. Nastupit \u0107e u Tvornici kulture u \u010detvrtak, 6. travnja 2023. godine.<\/p>\n","protected":false},"author":1,"featured_media":69704,"comment_status":"closed","ping_status":"closed","sticky":false,"template":"","format":"standard","meta":{"footnotes":""},"categories":[84],"tags":[64,841,270,21],"class_list":["post-69702","post","type-post","status-publish","format-standard","has-post-thumbnail","hentry","category-show","tag-dugovjecnost","tag-josip-manolic","tag-pjevaci","tag-tereza-kesovija"],"_links":{"self":[{"href":"https:\/\/www.mojevrijeme.hr\/magazin\/wp-json\/wp\/v2\/posts\/69702","targetHints":{"allow":["GET"]}}],"collection":[{"href":"https:\/\/www.mojevrijeme.hr\/magazin\/wp-json\/wp\/v2\/posts"}],"about":[{"href":"https:\/\/www.mojevrijeme.hr\/magazin\/wp-json\/wp\/v2\/types\/post"}],"author":[{"embeddable":true,"href":"https:\/\/www.mojevrijeme.hr\/magazin\/wp-json\/wp\/v2\/users\/1"}],"replies":[{"embeddable":true,"href":"https:\/\/www.mojevrijeme.hr\/magazin\/wp-json\/wp\/v2\/comments?post=69702"}],"version-history":[{"count":0,"href":"https:\/\/www.mojevrijeme.hr\/magazin\/wp-json\/wp\/v2\/posts\/69702\/revisions"}],"wp:featuredmedia":[{"embeddable":true,"href":"https:\/\/www.mojevrijeme.hr\/magazin\/wp-json\/wp\/v2\/media\/69704"}],"wp:attachment":[{"href":"https:\/\/www.mojevrijeme.hr\/magazin\/wp-json\/wp\/v2\/media?parent=69702"}],"wp:term":[{"taxonomy":"category","embeddable":true,"href":"https:\/\/www.mojevrijeme.hr\/magazin\/wp-json\/wp\/v2\/categories?post=69702"},{"taxonomy":"post_tag","embeddable":true,"href":"https:\/\/www.mojevrijeme.hr\/magazin\/wp-json\/wp\/v2\/tags?post=69702"}],"curies":[{"name":"wp","href":"https:\/\/api.w.org\/{rel}","templated":true}]}}