{"id":69773,"date":"2023-04-02T10:36:57","date_gmt":"2023-04-02T08:36:57","guid":{"rendered":"https:\/\/www.mojevrijeme.hr\/magazin\/?p=69773"},"modified":"2023-04-02T10:37:01","modified_gmt":"2023-04-02T08:37:01","slug":"drzavnoj-mirovini-nitko-ne-vjeruje-cak-polovina-nijemaca-strahuje-od-siromastva-u-starosti","status":"publish","type":"post","link":"https:\/\/www.mojevrijeme.hr\/magazin\/2023\/04\/drzavnoj-mirovini-nitko-ne-vjeruje-cak-polovina-nijemaca-strahuje-od-siromastva-u-starosti\/","title":{"rendered":"Dr\u017eavnoj mirovini nitko ne vjeruje, \u010dak polovina Nijemaca strahuje od siroma\u0161tva u starosti"},"content":{"rendered":"\n<p>Gotovo polovina gra\u0111ana Njema\u010dke zabrinuta je za svoju financijsku situaciju u starosti.\u00a0Kako pokazuje istra\u017eivanje koje je naru\u010dilo Udru\u017eenje njema\u010dkih banaka (BdB), 45 posto osoba u dobi od 30 do 59 godina strahuje da \u0107e biti u lo\u0161em financijskom polo\u017eaju kada odu u mirovinu.\u00a0Prije tri godine udio takvih ispitanika iznosio je je 30 posto.\u00a0<\/p>\n\n\n\n<p>&#8220;O\u010dekivanja su se jako pogor\u0161ala posljednjih godina. Ovaj rezultat na\u0161e ankete je zabrinjavaju\u0107i&#8221;, rekla je <strong>Henriette Peucker<\/strong>, zamjenica generalnog direktora BdB-a.<\/p>\n\n\n\n<p>Pesimizam je posebno izra\u017een me\u0111u osobama od 18 do 29 godina.\u00a0 Njih 49 posto ve\u0107 sada strahuju da ne\u0107e dobro financijski pro\u0107i u starosti.\u00a0U 2020. godini tu je tjeskobu osje\u0107alo samo 20 posto mladih. <\/p><div id=\"mojev-3638481143\" class=\"mojev-u-tekstu mojev-entity-placement\" style=\"margin-left: auto;margin-right: auto;text-align: center;\"><div class=\"mojev-adlabel\">oglas<\/div><div style=\"height: 250px;\"><script async src=\"https:\/\/pagead2.googlesyndication.com\/pagead\/js\/adsbygoogle.js?client=ca-pub-8106111766207173\"\r\n     crossorigin=\"anonymous\"><\/script>\r\n<!-- Prikazni 1 u tekstu -->\r\n<ins class=\"adsbygoogle\"\r\n     style=\"display:block\"\r\n     data-ad-client=\"ca-pub-8106111766207173\"\r\n     data-ad-slot=\"8535551207\"\r\n     data-ad-format=\"auto\"\r\n     data-full-width-responsive=\"true\"><\/ins>\r\n<script>\r\n     (adsbygoogle = window.adsbygoogle || []).push({});\r\n<\/script><\/div><\/div><br style=\"clear: both; display: block; float: none;\"\/>\n\n\n\n<p>Op\u0107enito, ve\u0107ina (93 posto) od vi\u0161e od 1.300 sudionika ankete provedene u velja\u010di, pretpostavlja da je &#8220;jako puno ljudi&#8221; u Njema\u010dkoj pogo\u0111eno siroma\u0161tvom u starosti i da \u0107e imati znatno manje novca na raspolaganju kada odu u mirovinu nego\u00a0prije. Gotovo dvije tre\u0107ine (64 posto) onih koji jo\u0161 nisu oti\u0161li u mirovinu vjeruju da \u0107e se s godinama morati ozbiljno financijski ograni\u010diti.<\/p>\n\n\n\n<p>Prema dostupnim informacijama, sada se vi\u0161e razmi\u0161lja o mirovinskim modelima koji su alternativni dr\u017eavnoj mirovini. Primjerice, od ispitanika u dobi od 50 i vi\u0161e godina koji jo\u0161 nisu oti\u0161li u mirovinu, 44 posto njih ima dopunsko osiguranje u tvrtki-poslodavcu, a 41 posto u privatnom\u00a0dopunskom osiguranju.\u00a051 posto ispitanika misli da bi dr\u017eava trebala poticati gra\u0111ane da se sami vi\u0161e brinu za vlastitu starost.<\/p>\n<div id=\"mojev-3925398684\" class=\"mojev-kraj-teksta mojev-entity-placement\" style=\"margin-bottom: 20px;margin-left: auto;margin-right: auto;text-align: center;\"><div class=\"mojev-adlabel\">oglas<\/div><div style=\"height: 250px;\"><script async src=\"https:\/\/pagead2.googlesyndication.com\/pagead\/js\/adsbygoogle.js?client=ca-pub-8106111766207173\"\r\n     crossorigin=\"anonymous\"><\/script>\r\n<!-- Display-1 -->\r\n<ins class=\"adsbygoogle\"\r\n     style=\"display:block\"\r\n     data-ad-client=\"ca-pub-8106111766207173\"\r\n     data-ad-slot=\"1465712950\"\r\n     data-ad-format=\"auto\"\r\n     data-full-width-responsive=\"true\"><\/ins>\r\n<script>\r\n     (adsbygoogle = window.adsbygoogle || []).push({});\r\n<\/script><\/div><\/div>","protected":false},"excerpt":{"rendered":"<p>U Njema\u010dkoj rijetki o\u010dekuju bezbri\u017enu mirovinu. Tre\u0107ina Nijemaca misli da ih u mirovini \u010deka stezanja remena i \u017eivot u oskudici, pokazalo je istra\u017eivanje.<\/p>\n","protected":false},"author":1,"featured_media":69779,"comment_status":"closed","ping_status":"closed","sticky":false,"template":"","format":"standard","meta":{"footnotes":""},"categories":[9],"tags":[18,127,237],"class_list":["post-69773","post","type-post","status-publish","format-standard","has-post-thumbnail","hentry","category-vijesti","tag-mirovine","tag-njemacka","tag-siromastvo"],"_links":{"self":[{"href":"https:\/\/www.mojevrijeme.hr\/magazin\/wp-json\/wp\/v2\/posts\/69773","targetHints":{"allow":["GET"]}}],"collection":[{"href":"https:\/\/www.mojevrijeme.hr\/magazin\/wp-json\/wp\/v2\/posts"}],"about":[{"href":"https:\/\/www.mojevrijeme.hr\/magazin\/wp-json\/wp\/v2\/types\/post"}],"author":[{"embeddable":true,"href":"https:\/\/www.mojevrijeme.hr\/magazin\/wp-json\/wp\/v2\/users\/1"}],"replies":[{"embeddable":true,"href":"https:\/\/www.mojevrijeme.hr\/magazin\/wp-json\/wp\/v2\/comments?post=69773"}],"version-history":[{"count":0,"href":"https:\/\/www.mojevrijeme.hr\/magazin\/wp-json\/wp\/v2\/posts\/69773\/revisions"}],"wp:featuredmedia":[{"embeddable":true,"href":"https:\/\/www.mojevrijeme.hr\/magazin\/wp-json\/wp\/v2\/media\/69779"}],"wp:attachment":[{"href":"https:\/\/www.mojevrijeme.hr\/magazin\/wp-json\/wp\/v2\/media?parent=69773"}],"wp:term":[{"taxonomy":"category","embeddable":true,"href":"https:\/\/www.mojevrijeme.hr\/magazin\/wp-json\/wp\/v2\/categories?post=69773"},{"taxonomy":"post_tag","embeddable":true,"href":"https:\/\/www.mojevrijeme.hr\/magazin\/wp-json\/wp\/v2\/tags?post=69773"}],"curies":[{"name":"wp","href":"https:\/\/api.w.org\/{rel}","templated":true}]}}