{"id":69872,"date":"2023-04-03T11:42:42","date_gmt":"2023-04-03T09:42:42","guid":{"rendered":"https:\/\/www.mojevrijeme.hr\/magazin\/?p=69872"},"modified":"2023-04-03T11:56:03","modified_gmt":"2023-04-03T09:56:03","slug":"ana-obregon-ce-uz-kcer-biti-jos-15-ili-20-godina-jako-je-razumna-i-racionalna","status":"publish","type":"post","link":"https:\/\/www.mojevrijeme.hr\/magazin\/2023\/04\/ana-obregon-ce-uz-kcer-biti-jos-15-ili-20-godina-jako-je-razumna-i-racionalna\/","title":{"rendered":"&#8216;Ana Obreg\u00f3n \u0107e uz k\u0107er biti jo\u0161 15 ili 20 godina, jako je razumna i racionalna&#8217;"},"content":{"rendered":"\n<p>Otkad je vijest o maj\u010dinstvu voditeljice i glumice <strong>Ane Obreg\u00f3n<\/strong> (68) putem surogat majke dospjela u medije, tema je monopolizirala vijesti o slavnima u dnevnim TV emisijama. No u\u0161la je i u ozbiljne informativne programe koji su razmatrali treba li regulirati surogat maj\u010dinstvo koje je u \u0160panjolskoj izvan zakona te je li dopustivo da na taj na\u010din majke postaju \u017eene u sedmom desetlje\u0107u \u017eivota.<\/p>\n\n\n\n<p>Ju\u010der je tu temu u svojoj emisiji na\u010dela i voditeljica <strong>To\u00f1i Moreno<\/strong>, ugostiv\u0161i glazbenicu <strong>Martu S\u00e1nchez<\/strong>. &#8220;Obo\u017eavam Anicu. Ona je \u017eena za primjer i svi znamo kakva je bila jo\u0161 od mladosti. Mislim da je jadna dovoljno trpjela progone cijeli svoj \u017eivot i probleme s medijima. Velik dio njenog \u017eivota bio je niz nesre\u0107a, jako je puno patila, a sada se najvi\u0161e pi\u0161e o njenim godinama&#8221;, kazala je Marta S\u00e1nchez.<\/p>\n\n\n\n<p>&#8220;Ako razmislimo, ona je \u017eena koja \u0107e \u017eivjeti jako dugo jer ima nevjerojatnu vitalnost. Ima 68 godina? Bit \u0107e uz k\u0107er najmanje 15 ili 20 godina. Koliko djece ostane siro\u010dadi u toj dobi i nastavi svoj \u017eivot i put s obitelji? Ana ima veliku obitelj.&#8221;<\/p><div id=\"mojev-4048210489\" class=\"mojev-u-tekstu mojev-entity-placement\" style=\"margin-left: auto;margin-right: auto;text-align: center;\"><div class=\"mojev-adlabel\">oglas<\/div><div style=\"height: 250px;\"><script async src=\"https:\/\/pagead2.googlesyndication.com\/pagead\/js\/adsbygoogle.js?client=ca-pub-8106111766207173\"\r\n     crossorigin=\"anonymous\"><\/script>\r\n<!-- Prikazni 1 u tekstu -->\r\n<ins class=\"adsbygoogle\"\r\n     style=\"display:block\"\r\n     data-ad-client=\"ca-pub-8106111766207173\"\r\n     data-ad-slot=\"8535551207\"\r\n     data-ad-format=\"auto\"\r\n     data-full-width-responsive=\"true\"><\/ins>\r\n<script>\r\n     (adsbygoogle = window.adsbygoogle || []).push({});\r\n<\/script><\/div><\/div><br style=\"clear: both; display: block; float: none;\"\/>\n\n\n\n<p>&#8220;Jako je opasno osu\u0111ivati Anu zbog ovoga&#8221;, nastavila je pjeva\u010dica. &#8220;U \u0160panjolskoj smo skloni osu\u0111ivati bez da znamo kakve su okolnosti neke osobe, bez da znamo pravu informaciju. Ana zaslu\u017euje biti sretna, a ja je vidim kao jako mladu&#8221;, dodala je, \u0161to je izazvalo pljesak voditeljice To\u00f1i Moreno: &#8220;Doista smo skloni osu\u0111ivati bez poznavanja situacije&#8221;, rekla je voditeljica.<\/p>\n\n\n\n<p>Marta S\u00e1nchez je zaklju\u010dila temu sljede\u0107om izjavom: &#8220;Ne\u0107u suditi Ani za ono \u0161to je u\u010dinila. Ona zna \u0161to radi, vrlo je racionalna i razumna \u017eena.&#8221;<\/p>\n<div id=\"mojev-3628212095\" class=\"mojev-kraj-teksta mojev-entity-placement\" style=\"margin-bottom: 20px;margin-left: auto;margin-right: auto;text-align: center;\"><div class=\"mojev-adlabel\">oglas<\/div><div style=\"height: 250px;\"><script async src=\"https:\/\/pagead2.googlesyndication.com\/pagead\/js\/adsbygoogle.js?client=ca-pub-8106111766207173\"\r\n     crossorigin=\"anonymous\"><\/script>\r\n<!-- Display-1 -->\r\n<ins class=\"adsbygoogle\"\r\n     style=\"display:block\"\r\n     data-ad-client=\"ca-pub-8106111766207173\"\r\n     data-ad-slot=\"1465712950\"\r\n     data-ad-format=\"auto\"\r\n     data-full-width-responsive=\"true\"><\/ins>\r\n<script>\r\n     (adsbygoogle = window.adsbygoogle || []).push({});\r\n<\/script><\/div><\/div>","protected":false},"excerpt":{"rendered":"<p>Biv\u0161a djevojka Davora \u0160ukera ve\u0107 je danima globalna vijest. Gotovo da nema medija koji nije javio da je postala majka u 69. godini \u017eivota. Djevoj\u010dica je do\u0161la na svijet u Sjedinjenim Dr\u017eavama.<\/p>\n","protected":false},"author":1,"featured_media":69879,"comment_status":"closed","ping_status":"closed","sticky":false,"template":"","format":"standard","meta":{"footnotes":""},"categories":[84],"tags":[3381,855],"class_list":["post-69872","post","type-post","status-publish","format-standard","has-post-thumbnail","hentry","category-show","tag-ana-obregon","tag-odgodeno-roditeljstvo"],"_links":{"self":[{"href":"https:\/\/www.mojevrijeme.hr\/magazin\/wp-json\/wp\/v2\/posts\/69872","targetHints":{"allow":["GET"]}}],"collection":[{"href":"https:\/\/www.mojevrijeme.hr\/magazin\/wp-json\/wp\/v2\/posts"}],"about":[{"href":"https:\/\/www.mojevrijeme.hr\/magazin\/wp-json\/wp\/v2\/types\/post"}],"author":[{"embeddable":true,"href":"https:\/\/www.mojevrijeme.hr\/magazin\/wp-json\/wp\/v2\/users\/1"}],"replies":[{"embeddable":true,"href":"https:\/\/www.mojevrijeme.hr\/magazin\/wp-json\/wp\/v2\/comments?post=69872"}],"version-history":[{"count":0,"href":"https:\/\/www.mojevrijeme.hr\/magazin\/wp-json\/wp\/v2\/posts\/69872\/revisions"}],"wp:featuredmedia":[{"embeddable":true,"href":"https:\/\/www.mojevrijeme.hr\/magazin\/wp-json\/wp\/v2\/media\/69879"}],"wp:attachment":[{"href":"https:\/\/www.mojevrijeme.hr\/magazin\/wp-json\/wp\/v2\/media?parent=69872"}],"wp:term":[{"taxonomy":"category","embeddable":true,"href":"https:\/\/www.mojevrijeme.hr\/magazin\/wp-json\/wp\/v2\/categories?post=69872"},{"taxonomy":"post_tag","embeddable":true,"href":"https:\/\/www.mojevrijeme.hr\/magazin\/wp-json\/wp\/v2\/tags?post=69872"}],"curies":[{"name":"wp","href":"https:\/\/api.w.org\/{rel}","templated":true}]}}