{"id":70086,"date":"2023-04-05T07:37:23","date_gmt":"2023-04-05T05:37:23","guid":{"rendered":"https:\/\/www.mojevrijeme.hr\/magazin\/?p=70086"},"modified":"2023-04-05T08:12:14","modified_gmt":"2023-04-05T06:12:14","slug":"uciteljica-alenka-eutanazirana-je-u-svicarskoj-ne-zelim-umirati-na-rate","status":"publish","type":"post","link":"https:\/\/www.mojevrijeme.hr\/magazin\/2023\/04\/uciteljica-alenka-eutanazirana-je-u-svicarskoj-ne-zelim-umirati-na-rate\/","title":{"rendered":"U\u010diteljica Alenka eutanazirana je u \u0160vicarskoj. &#8216;Ne \u017eelim umirati na rate&#8217;"},"content":{"rendered":"\n<p>U\u010diteljica iz Slovenije, <strong>Alenka \u010curin Jan\u017eekovi\u010d<\/strong>, preminula je 13. o\u017eujka u \u0160vicarskoj nakon \u0161to se podvrgnula eutanaziji. \u010curin Jan\u017eekovi\u0107 bila je najglasnija zagovarateljica legalizacije eutanazije u Sloveniji. <\/p>\n\n\n\n<p>&#8220;Popila je gorko pi\u0107e, a zatim uzela jo\u0161 jednu \u010dokoladicu&#8221;, opisao je Alenkine posljednje trenutke suprug Marijan, umirovljeni policajac, u razgovoru za\u00a0<a rel=\"noreferrer noopener\" href=\"https:\/\/www.slovenskenovice.si\/novice\/slovenija\/izpoved-moza-pokojne-alenke-o-poslednjih-trenutkih-se-zadnjic-sem-ji-dejal-da-jo-imam-neizmerno-rad\" target=\"_blank\">Slovenske novice<\/a>. Svojoj supruzi je obe\u0107ao da \u0107e se zauvijek nastaviti boriti za legalizaciju eutanazije u Sloveniji.<\/p>\n\n\n\n<p>Vijest o odlasku Alenke \u010curin Jan\u017eekovi\u010d objavila je i izdava\u010dka ku\u0107a 5KA kod koje je objavila svoju knjigu &#8220;Neka je Bog \u010dita&#8221;. Kako su napisali, njezin suprug Marijan ju je &#8220;sredinom o\u017eujka ispratio na drugu stranu&#8221;. &#8220;Slomljen, ali pun ljubavi, razdvojili su se fizi\u010dki samo tog dana u \u0160vicarskoj, ali duhovno \u0107e ostati zajedno sve do njegovih posljednjih sati, kada \u0107e se ponovno susresti i ostati nerazdvojni i sretni zauvijek, ba\u0161 kao \u0161to su bili tijekom svih 40 godina njihovog zajedni\u010dkog \u017eivota&#8221;, napisao je izdava\u010d dodav\u0161i: &#8220;Draga Alenka, odmori se bez boli, prona\u0111i sve svoje najmilije koje smo upoznali u tvojoj knjizi i zagrli ih za nas. Zbogom u\u010diteljice, \u017eeno s velikim srcem, borkinjo za dostojanstvenu starost, prijateljice i pouzdanice mnogih.&#8221;<\/p><div id=\"mojev-2763202406\" class=\"mojev-u-tekstu mojev-entity-placement\" style=\"margin-left: auto;margin-right: auto;text-align: center;\"><div class=\"mojev-adlabel\">oglas<\/div><div style=\"height: 250px;\"><script async src=\"https:\/\/pagead2.googlesyndication.com\/pagead\/js\/adsbygoogle.js?client=ca-pub-8106111766207173\"\r\n     crossorigin=\"anonymous\"><\/script>\r\n<!-- Prikazni 1 u tekstu -->\r\n<ins class=\"adsbygoogle\"\r\n     style=\"display:block\"\r\n     data-ad-client=\"ca-pub-8106111766207173\"\r\n     data-ad-slot=\"8535551207\"\r\n     data-ad-format=\"auto\"\r\n     data-full-width-responsive=\"true\"><\/ins>\r\n<script>\r\n     (adsbygoogle = window.adsbygoogle || []).push({});\r\n<\/script><\/div><\/div><br style=\"clear: both; display: block; float: none;\"\/>\n\n\n\n<p>&#8220;Volim svoj \u017eivot. Sve bih jo\u0161 jednom ponovila. No, ne \u017eelim umirati na rate, me\u0111u tu\u0111im ljudima. Zato sam izabrala vas da mi u tome pomognete.&#8221; Napisala je to 61-godi\u0161nja umirovljena u\u010diteljica <strong>Alenka \u010curin-Jan\u017eekovi\u010d<\/strong> iz sela Zagorje, u slovenskoj op\u0107ini Sveti Toma\u017e, u pismu \u0161vicarskoj organizaciji <strong>Dignitas<\/strong> koja se nalazi pokraj Z\u00fcricha. To pismo zapravo je molba da joj pomognu da \u2013 umre, pisao je jo\u0161 2019. godine <a rel=\"noreferrer noopener\" aria-label=\"Ve\u010dernji list (opens in a new tab)\" href=\"https:\/\/www.vecernji.hr\/premium\/sve-bih-jos-jednom-ponovila-ali-ja-ne-zelim-umirati-na-rate-i-me-u-tu-im-ljudima-1298518\" target=\"_blank\"><strong>Ve\u010dernji list<\/strong><\/a>. <\/p>\n\n\n\n<p>Kao 12-godi\u0161njoj djevoj\u010dici u Klinici za ortopediju na \u0160alati u Zagrebu postavljena joj je dijagnoza \u2013 <strong>Morquiov sindrom<\/strong>, mukopolisaharidoza IV, nasljedna metaboli\u010dka bolest. Pojednostavljeno opisano, zbog pomanjkanja enzima za razgradnju \u0161e\u0107era, kosti i hrskavica doslovno su joj se raspadali.<\/p>\n\n\n\n<p>Sa 17 godina u Zagrebu je pro\u0161la prvu operaciju na desnom\nkuku pa na ortopedskoj klinici u Ljubljani na lijevom i desnom, 1995. opet na\noba kuka, 1998. na lijevom, 1999. na desnom&#8230; U bolnici u Mariboru operirana\nje 2006., pa 2017. ponovno u Ljubljani, gdje je dobila te\u0161ku bakterijsku\ninfekciju.<\/p>\n\n\n\n<h3 class=\"wp-block-heading\">&#8220;Ne bojim se&#8221;<\/h3>\n\n\n\n<p>Dignitas u 70-ak dr\u017eava imaju oko 7100 \u010dlanova. Me\u0111u njima je bila i Alenka koja je platila \u010dlanarinu i dobila &#8220;zeleno svjetlo&#8221; za prvi razgovor s lije\u010dnikom koji \u0107e joj propisati recept, smrtonosnu dozu lijekova. &#8220;Ne bojim se. Kona\u010dnu sam odluku donijela kad sam trpjela velike bolove, a znam da \u0107e biti sve gore i gore&#8221;, ispri\u010dala je prije 4 godine.<\/p>\n\n\n\n<p>&#8220;Te\u0161ko mi je i osje\u0107am se kao da mi tlo pod nogama propada, svijet mi se ru\u0161i, kad se sjetim da bi Alenka svakog dana mogla oti\u0107i i da \u0107u morati \u017eivjeti bez nje. Te\u0161ko je to objasniti, ali ona najbolje zna kroz \u0161to prolazi i kakve bolove trpi. Nemo\u0107ni smo. Rekla je da vi\u0161e ne\u0107e i\u0107i na operaciju, nego u \u0160vicarsku&#8221;, izjavio je tada Marijan.<\/p>\n\n\n\n<h3 class=\"wp-block-heading\">&#8220;Crkva se nema \u0161to mije\u0161ati&#8221;<\/h3>\n\n\n\n<p>&#8220;Dr\u017eava je odvojena od Crkve koja se tu nema \u0161to mije\u0161ati. Ona zbog toga nije u polo\u017eaju da govori o tome&#8221;, kazala je <a rel=\"noreferrer noopener\" aria-label=\"Ve\u010dernjem (opens in a new tab)\" href=\"https:\/\/www.vecernji.hr\/premium\/sve-bih-jos-jednom-ponovila-ali-ja-ne-zelim-umirati-na-rate-i-me-u-tu-im-ljudima-1298518\" target=\"_blank\">Ve\u010dernjem<\/a> Alenka i dodala: &#8220;No, moja mi dr\u017eava odri\u010de pravo na dostojanstvenu smrt pa moram u \u0160vicarsku.&#8221;<\/p>\n\n\n\n<p>Procedura je jasna. Tro\u0161ak registracije je 200 \u0161vicarskih franaka, a godi\u0161nja \u010dlanarina 90 franaka. Uvjeti za \u010dlanstvo su neizlje\u010diva bolest u terminalnoj fazi ili bolest koja se pogor\u0161ava i neizostavno vodi u smrt. Mogu se prijaviti i oni koje trpe neizdr\u017eive bolove koji se ne mogu olak\u0161ati i oni s trajnim invaliditetom. Kandidat mo\u017ee biti i relativno zdrav \u010dovjek koji u starosti vi\u0161e ne vidi smisao \u017eivota. Uvjet je da je svjestan svega i da mo\u017ee sam posegnuti za \u010da\u0161om sa smrtonosnim koktelom barbiturata. Uz molbu \u0161alje se i lije\u010dni\u010dka dokumentacija. Cijeli postupak okvirno stoji oko 10.790 franaka. Prera\u010dunato, to je <strong>70.000 kuna<\/strong>. <\/p>\n\n\n\n<p>U to ulazi 4000 franaka za dokumentaciju, 3000 za pomo\u0107 u samoubojstvu, dokumentacija poslije smrti stoji oko 1500, a kremacija, ako se za nju odlu\u010di, 2000 franaka. &#8220;Ne\u0107u odustati. U dogovoru s Marijanom odlu\u010dila sam pri\u010dekati dokle god bude i\u0161lo, da \u0161to dulje ostanemo zajedno. Sve ovisi o tome \u0161to \u0107e tijelo re\u0107i&#8221;, najavila je 2019. godine Alenka. Svoje obe\u0107anje je i ispunila.<\/p>\n<div id=\"mojev-736933232\" class=\"mojev-kraj-teksta mojev-entity-placement\" style=\"margin-bottom: 20px;margin-left: auto;margin-right: auto;text-align: center;\"><div class=\"mojev-adlabel\">oglas<\/div><div style=\"height: 250px;\"><script async src=\"https:\/\/pagead2.googlesyndication.com\/pagead\/js\/adsbygoogle.js?client=ca-pub-8106111766207173\"\r\n     crossorigin=\"anonymous\"><\/script>\r\n<!-- Display-1 -->\r\n<ins class=\"adsbygoogle\"\r\n     style=\"display:block\"\r\n     data-ad-client=\"ca-pub-8106111766207173\"\r\n     data-ad-slot=\"1465712950\"\r\n     data-ad-format=\"auto\"\r\n     data-full-width-responsive=\"true\"><\/ins>\r\n<script>\r\n     (adsbygoogle = window.adsbygoogle || []).push({});\r\n<\/script><\/div><\/div>","protected":false},"excerpt":{"rendered":"<p>Kao 12-godi\u0161njoj djevoj\u010dici u Klinici za ortopediju na \u0160alati u Zagrebu postavljena joj je dijagnoza \u2013 Morquiov sindrom, mukopolisaharidoza IV, nasljedna metaboli\u010dka bolest. Pojednostavljeno opisano, zbog pomanjkanja enzima za razgradnju \u0161e\u0107era, kosti i hrskavica doslovno su joj se raspadali.<\/p>\n","protected":false},"author":1,"featured_media":70087,"comment_status":"closed","ping_status":"closed","sticky":false,"template":"","format":"standard","meta":{"footnotes":""},"categories":[9],"tags":[3410,326],"class_list":["post-70086","post","type-post","status-publish","format-standard","has-post-thumbnail","hentry","category-vijesti","tag-alenka-curin","tag-eutanazija"],"_links":{"self":[{"href":"https:\/\/www.mojevrijeme.hr\/magazin\/wp-json\/wp\/v2\/posts\/70086","targetHints":{"allow":["GET"]}}],"collection":[{"href":"https:\/\/www.mojevrijeme.hr\/magazin\/wp-json\/wp\/v2\/posts"}],"about":[{"href":"https:\/\/www.mojevrijeme.hr\/magazin\/wp-json\/wp\/v2\/types\/post"}],"author":[{"embeddable":true,"href":"https:\/\/www.mojevrijeme.hr\/magazin\/wp-json\/wp\/v2\/users\/1"}],"replies":[{"embeddable":true,"href":"https:\/\/www.mojevrijeme.hr\/magazin\/wp-json\/wp\/v2\/comments?post=70086"}],"version-history":[{"count":0,"href":"https:\/\/www.mojevrijeme.hr\/magazin\/wp-json\/wp\/v2\/posts\/70086\/revisions"}],"wp:featuredmedia":[{"embeddable":true,"href":"https:\/\/www.mojevrijeme.hr\/magazin\/wp-json\/wp\/v2\/media\/70087"}],"wp:attachment":[{"href":"https:\/\/www.mojevrijeme.hr\/magazin\/wp-json\/wp\/v2\/media?parent=70086"}],"wp:term":[{"taxonomy":"category","embeddable":true,"href":"https:\/\/www.mojevrijeme.hr\/magazin\/wp-json\/wp\/v2\/categories?post=70086"},{"taxonomy":"post_tag","embeddable":true,"href":"https:\/\/www.mojevrijeme.hr\/magazin\/wp-json\/wp\/v2\/tags?post=70086"}],"curies":[{"name":"wp","href":"https:\/\/api.w.org\/{rel}","templated":true}]}}