{"id":70125,"date":"2023-04-05T10:32:05","date_gmt":"2023-04-05T08:32:05","guid":{"rendered":"https:\/\/www.mojevrijeme.hr\/magazin\/?p=70125"},"modified":"2023-04-05T10:37:31","modified_gmt":"2023-04-05T08:37:31","slug":"dodatno-porasle-mirovine-u-federaciji-bih-objavljeno-od-kad-se-primjenjuje","status":"publish","type":"post","link":"https:\/\/www.mojevrijeme.hr\/magazin\/2023\/04\/dodatno-porasle-mirovine-u-federaciji-bih-objavljeno-od-kad-se-primjenjuje\/","title":{"rendered":"Dodatno porasle mirovine u Federaciji BiH, objavljeno od kad se primjenjuje"},"content":{"rendered":"\n<p>Vlada Federacije BiH odr\u017eala je danas hitnu telefonsku sjednicu o kona\u010dnom uskla\u0111ivanju mirovina kojim se mirovine u Federaciji BiH pove\u0107avaju za jo\u0161 5,15 posto u odnosu na ranije akontativno uskla\u0111ivanje, a \u0161to je ukupno pove\u0107anje od 16,25 u ovoj godini. To uskla\u0111ivanje primjenjivat \u0107e se retroaktivno od 1. sije\u010dnja ove godine.<\/p>\n\n\n\n<p>Na dana\u0161njoj sjednici Vlada Federacije BiH je usvojila informaciju Federalnog zavoda za mirovinsko&nbsp;i invalidsko osiguranje o kona\u010dnom uskla\u0111ivanju mirovina u skladu sa \u010dlanom 79. Zakona o mirovinskom i invalidskom osiguranju, te je zadu\u017eila Federalni zavod PIO da izvr\u0161i dodatno uskla\u0111ivanje mirovina za 2023. godinu u iznosu od 5,15 posto po\u010dev od 1.1.2023. godine, a \u0161to s&nbsp;akontativnim uskla\u0111ivanjem od 11,1 posto ukupno iznosi 16,25 posto.<\/p>\n\n\n\n<p>Ovo je najve\u0107i pojedina\u010dan rast mirovina u Federaciji BiH do sada. Rije\u010d je o petom pove\u0107anju mirovina u posljednjih godinu dana u Federaciji BiH. Najni\u017ea mirovina krajem 2021. godine iznosila je 382 KM (195 eura), a nakon ovog pove\u0107anja od 5,15 posto, odnosno redovnog uskla\u0111ivanja za 16,25 posto, ona bi trebala biti 517,3 KM (263 eura). To je rast od 135,3 KM ili 35,42 posto.<\/p><div id=\"mojev-2200941717\" class=\"mojev-u-tekstu mojev-entity-placement\" style=\"margin-left: auto;margin-right: auto;text-align: center;\"><div class=\"mojev-adlabel\">oglas<\/div><div style=\"height: 250px;\"><script async src=\"https:\/\/pagead2.googlesyndication.com\/pagead\/js\/adsbygoogle.js?client=ca-pub-8106111766207173\"\r\n     crossorigin=\"anonymous\"><\/script>\r\n<!-- Prikazni 1 u tekstu -->\r\n<ins class=\"adsbygoogle\"\r\n     style=\"display:block\"\r\n     data-ad-client=\"ca-pub-8106111766207173\"\r\n     data-ad-slot=\"8535551207\"\r\n     data-ad-format=\"auto\"\r\n     data-full-width-responsive=\"true\"><\/ins>\r\n<script>\r\n     (adsbygoogle = window.adsbygoogle || []).push({});\r\n<\/script><\/div><\/div><br style=\"clear: both; display: block; float: none;\"\/>\n<div id=\"mojev-3054790972\" class=\"mojev-kraj-teksta mojev-entity-placement\" style=\"margin-bottom: 20px;margin-left: auto;margin-right: auto;text-align: center;\"><div class=\"mojev-adlabel\">oglas<\/div><div style=\"height: 250px;\"><script async src=\"https:\/\/pagead2.googlesyndication.com\/pagead\/js\/adsbygoogle.js?client=ca-pub-8106111766207173\"\r\n     crossorigin=\"anonymous\"><\/script>\r\n<!-- Display-1 -->\r\n<ins class=\"adsbygoogle\"\r\n     style=\"display:block\"\r\n     data-ad-client=\"ca-pub-8106111766207173\"\r\n     data-ad-slot=\"1465712950\"\r\n     data-ad-format=\"auto\"\r\n     data-full-width-responsive=\"true\"><\/ins>\r\n<script>\r\n     (adsbygoogle = window.adsbygoogle || []).push({});\r\n<\/script><\/div><\/div>","protected":false},"excerpt":{"rendered":"<p>Ovo je najve\u0107i pojedina\u010dan rast mirovina u Federaciji BiH do sada. Rije\u010d je o petom pove\u0107anju mirovina u posljednjih godinu dana u Federaciji BiH. <\/p>\n","protected":false},"author":1,"featured_media":45992,"comment_status":"closed","ping_status":"closed","sticky":false,"template":"","format":"standard","meta":{"footnotes":""},"categories":[9],"tags":[3411,18,971],"class_list":["post-70125","post","type-post","status-publish","format-standard","has-post-thumbnail","hentry","category-vijesti","tag-federacija-bih","tag-mirovine","tag-uskladivanje-mirovina"],"_links":{"self":[{"href":"https:\/\/www.mojevrijeme.hr\/magazin\/wp-json\/wp\/v2\/posts\/70125","targetHints":{"allow":["GET"]}}],"collection":[{"href":"https:\/\/www.mojevrijeme.hr\/magazin\/wp-json\/wp\/v2\/posts"}],"about":[{"href":"https:\/\/www.mojevrijeme.hr\/magazin\/wp-json\/wp\/v2\/types\/post"}],"author":[{"embeddable":true,"href":"https:\/\/www.mojevrijeme.hr\/magazin\/wp-json\/wp\/v2\/users\/1"}],"replies":[{"embeddable":true,"href":"https:\/\/www.mojevrijeme.hr\/magazin\/wp-json\/wp\/v2\/comments?post=70125"}],"version-history":[{"count":0,"href":"https:\/\/www.mojevrijeme.hr\/magazin\/wp-json\/wp\/v2\/posts\/70125\/revisions"}],"wp:featuredmedia":[{"embeddable":true,"href":"https:\/\/www.mojevrijeme.hr\/magazin\/wp-json\/wp\/v2\/media\/45992"}],"wp:attachment":[{"href":"https:\/\/www.mojevrijeme.hr\/magazin\/wp-json\/wp\/v2\/media?parent=70125"}],"wp:term":[{"taxonomy":"category","embeddable":true,"href":"https:\/\/www.mojevrijeme.hr\/magazin\/wp-json\/wp\/v2\/categories?post=70125"},{"taxonomy":"post_tag","embeddable":true,"href":"https:\/\/www.mojevrijeme.hr\/magazin\/wp-json\/wp\/v2\/tags?post=70125"}],"curies":[{"name":"wp","href":"https:\/\/api.w.org\/{rel}","templated":true}]}}