{"id":70266,"date":"2023-04-06T10:59:04","date_gmt":"2023-04-06T08:59:04","guid":{"rendered":"https:\/\/www.mojevrijeme.hr\/magazin\/?p=70266"},"modified":"2023-04-06T11:17:16","modified_gmt":"2023-04-06T09:17:16","slug":"kci-me-je-blokirala-unuka-sam-tri-mjeseca-gledala-preko-ograde-kako-dalje","status":"publish","type":"post","link":"https:\/\/www.mojevrijeme.hr\/magazin\/2023\/04\/kci-me-je-blokirala-unuka-sam-tri-mjeseca-gledala-preko-ograde-kako-dalje\/","title":{"rendered":"&#8216;K\u0107i me je blokirala, unuka sam tri mjeseca gledala preko ograde. Kako dalje?&#8217;"},"content":{"rendered":"\n<p><em>U nizu pisama koje sti\u017eu u na\u0161u redakciju, jo\u0161 je jedno posvjedo\u010dilo da \u017eivot nije uvijek pravedan, ali i da je va\u017eno znati \u0161to su pravi ciljevi. Iako ova baka pi\u0161e da ne zna kako \u0107e dalje, \u010dini nam se da je na pravom putu. Jer samo zahvaljuju\u0107i njenoj podr\u0161ci i ljubav, njezin unuk ima sigurno mjesto za odrastanje. Pismo prenosimo u cijelosti.<\/em><\/p>\n\n\n\n<p>Ne znam kako po\u010deti, ali \u010ditaju\u0107i iskustva drugih baka, odlu\u010dila sam i ja podijeliti svoje. Sama sam nakon rastave i smrti oca moje djece, odgojila i \u0161kolovala sina i k\u0107er. Radila sam naporan posao. Sre\u0107om, imala sam neradne vikende i praznike.<\/p>\n\n\n\n<p>Djeca su postala odrasla i svoji ljudi, ali ja ih nisam mogla stambeno zbrinuti. Bojala sam se da ne u\u0111u u kreditno ropstvo. \u017divjeli smo, mogu re\u0107i, relativno skladno i skromno, ali nikada nismo bili gladni ili bosi. Situacija me natjerala da sam bila snala\u017eljiva oko pripreme hrane. Dogodilo se da sam bila u zaostatku s pla\u0107anjem re\u017eija, ali i to se polako rje\u0161avalo.<\/p><div id=\"mojev-3615428873\" class=\"mojev-u-tekstu mojev-entity-placement\" style=\"margin-left: auto;margin-right: auto;text-align: center;\"><div class=\"mojev-adlabel\">oglas<\/div><div style=\"height: 250px;\"><script async src=\"https:\/\/pagead2.googlesyndication.com\/pagead\/js\/adsbygoogle.js?client=ca-pub-8106111766207173\"\r\n     crossorigin=\"anonymous\"><\/script>\r\n<!-- Prikazni 1 u tekstu -->\r\n<ins class=\"adsbygoogle\"\r\n     style=\"display:block\"\r\n     data-ad-client=\"ca-pub-8106111766207173\"\r\n     data-ad-slot=\"8535551207\"\r\n     data-ad-format=\"auto\"\r\n     data-full-width-responsive=\"true\"><\/ins>\r\n<script>\r\n     (adsbygoogle = window.adsbygoogle || []).push({});\r\n<\/script><\/div><\/div><br style=\"clear: both; display: block; float: none;\"\/>\n\n\n\n<h3 class=\"wp-block-heading\">Mama, postat \u0107e\u0161 baka!<\/h3>\n\n\n\n<p>Sin je imao neke kratkotrajne veze, ali ni\u0161ta ozbiljno. A onda se dogodio taj najsretniji trenutak kada je k\u0107i objavila da nosi bebu. Budu\u0107i ujak i ja, kona\u010dno baka, plakali smo od sre\u0107e. Njezinom partneru to tre\u0107e dijete nije izazvalo takve emocije, a ni drugoj baki, koja je rekla: &#8220;Meni to unu\u010de ne treba jer ih ve\u0107 imam petero.&#8221; Otrpjela sam to. Pre\u0161utjela sam.<\/p>\n\n\n\n<p>Rodilo se moje unu\u010de. Otac je slavio prije ro\u0111enja, a ja sam je vozila u rodili\u0161te i i\u0161\u010dekivala 15 sati sretnu vijest. Tre\u0107i dan nakon poroda unuk je preba\u010den na dje\u010dju neonatologiju i operiran. Novi \u017eivot dao mu njegov veliki Doki, kako ga i danas zove. Otac se samo kratko pojavio. Nije vidio bebu, niti razgovarao s lije\u010dnikom.<\/p>\n\n\n\n<p>Nakon deset dana u inkubatoru, unuka su prebacili na odjel gdje je mogao biti uz majku. Uzimala sam bolovanja i svakodnevno obilazila k\u0107er u bolnici. Dok bi ona protegnula noge, ja bih bila uz unuka. I ujak je svaki slobodan trenutak bio uz njih. Otac ih je u dva mjeseca obi\u0161ao dva puta. Takva je situacija bila i s drugim unukovim operacijama, a bilo ih je dosta.<\/p>\n\n\n\n<h3 class=\"wp-block-heading\">Doselila se&#8230; i odselila<\/h3>\n\n\n\n<p>Uvijek sam bila uz njih. Bilo mi je naporno, ali izdr\u017eala sam. Posljedice osjetim; \u0161to fizi\u010dke, \u0161to psihi\u010dke. K\u0107i se sa svojim djetetom vratila k meni u stan, jer je tek tada shvatila da njezin partner nije obiteljski \u010dovjek. Danas \u017eivimo nas troje u uvjetima za petero\u010dlanu obitelj.<\/p>\n\n\n\n<p>Nakon godina mira i sloge, k\u0107i mi je po\u010dela prigovarati da joj nisam dala dovoljno u \u017eivotu. Uzela je dijete i oti\u0161la u stan koji sam naslijedila. Nepoznat kvart, bez ikakvog sadr\u017eaja za djecu. Dijete je patilo za bakom i ujakom, a nakon \u0161kole je provodilo vrijeme u kvartu sa svojim prijateljima, \u010dekaju\u0107i da da mama do\u0111e s posla. Meni i ujaku zabranila je da vidimo dijete, a i njemu zaprijetila da ne dolazi k nama. Tri mjeseca smo preko ograde gledali na\u0161eg unuka, na\u0161eg ne\u0107aka.<\/p>\n\n\n\n<p>Svakodnevno sam poku\u0161ala sa k\u0107eri razgovarati, slala sam joj poruke, ali me je blokirala. Otac mog unuka bio je sretan \u0161to su se odselili od mene, nadao se da \u0107e se i on useliti u moje nasljedstvo. Sre\u0107om, moja k\u0107i nije mu to dozvolila.<\/p>\n\n\n\n<h3 class=\"wp-block-heading\">Bako, hladno mi je<\/h3>\n\n\n\n<p>Odlu\u010dila sam stan prodati i kupiti novi u novogradnji i na taj ih na\u010din sigurno stambeno zbrinuti. Kona\u010dno je dozvolila djetetu da nas obilazi. Sve je vi\u0161e ostajao kod nas, sve je vi\u0161e otpora pru\u017eao majci. Pri\u010dao je da mu je tamo bilo hladno te da koji puta nisu imali \u0161to jesti. S tom boli \u0107u oti\u0107i u grob.<\/p>\n\n\n\n<p>Sin se odselio. Sada moja k\u0107i i moj unuk \u017eive sa mnom. K\u0107i je shvatila da nemamo dovoljna primanja, ona i ja, da bismo \u017eivjele svatko u svojoj nekretnini. Unuk je ve\u0107 tinejd\u017eer. U\u017eiva u svom okru\u017eenju. Ujak i ja mu poma\u017eemo u u\u010denju, onoliko koliko znamo. Njegova majka radi, bavi se ve\u0107inom sama sa sobom &#8211; kao da je slobodna. Ne znam kada se zadnji puta nasmijala u mom prisustvu.<\/p>\n\n\n\n<p>Kada sam operirana, ni vrata moje sobe nije otvorila, a kamoli pitala kako sam i treba li mi \u0161to. Operirala sam zlo\u0107udan tumor, a rekla mi je da glumatam. Ljeti odvedem unuka po dva mjeseca na more. Naime, poma\u017eem prijateljici oko turista. K\u0107eri dajem slobodu. Vikendom joj se isto maknem.<\/p>\n\n\n\n<p>Otac ne vidi dijete po \u010detiri tjedna, niti ga zove. Sjedi u kafi\u0107u nasuprot igrali\u0161ta, a i tada rijetko pozove sina. Druga baka ga vidi isto mjese\u010dno jednom. Nikada svoje unu\u010de ne trujem protiv oca ili druge bake. Odrasti \u0107e uz mene, a njemu \u0107e ostati bakina nekretnina s kojom mo\u017ee raspolagati. Baka ga je osigurala.<\/p>\n\n\n\n<h3 class=\"wp-block-heading\">Grije\u0161ila sam<\/h3>\n\n\n\n<p>Sada vidim da sam grije\u0161ila, jer sam uvijek ja bila ta koja je, uz posao, doma spremala, kuhala, prala, peglala, bila mu\u0161ko i \u017eensko u na\u0161oj maloj obitelji. K\u0107i bezbri\u017eno ode na posao, na svoje aktivnosti, dru\u017eenje s prijateljicama, a baka je tu za njezino dijete. Sve vi\u0161e se pokazuje koliko unuk malo dobije maj\u010dine ljubavi. Po\u010deo se \u017ealiti, frustriran je i razdra\u017eljiv. U najgorim je godinama, treba mu roditeljska ljubav, a oni to ne vide. Ne znam kako dalje, ali znam da ujo i ja nikad ne\u0107emo \u0161tedjeti na ljubavi, pa\u017enji i brizi za to dijete.<\/p>\n\n\n\n<div id=\"crveno\"><\/p>\n\n\n\n<h3 class=\"wp-block-heading\">Zanima nas va\u0161a pri\u010da<\/h3>\n\n\n\n<p>\u017delite li i vi, posve anonimno, podijeliti svoje iskustvo i vi\u0111enje ove teme s nama i na\u0161im \u010ditateljima, mo\u017eete to u\u010diniti putem web obrasca <a rel=\"noreferrer noopener\" href=\"https:\/\/www.mojevrijeme.hr\/magazin\/povjerljivo\/\" target=\"_blank\">Povjerljivo<\/a>. <\/p>\n\n\n\n<p><\/div>\n<div id=\"mojev-3082521806\" class=\"mojev-kraj-teksta mojev-entity-placement\" style=\"margin-bottom: 20px;margin-left: auto;margin-right: auto;text-align: center;\"><div class=\"mojev-adlabel\">oglas<\/div><div style=\"height: 250px;\"><script async src=\"https:\/\/pagead2.googlesyndication.com\/pagead\/js\/adsbygoogle.js?client=ca-pub-8106111766207173\"\r\n     crossorigin=\"anonymous\"><\/script>\r\n<!-- Display-1 -->\r\n<ins class=\"adsbygoogle\"\r\n     style=\"display:block\"\r\n     data-ad-client=\"ca-pub-8106111766207173\"\r\n     data-ad-slot=\"1465712950\"\r\n     data-ad-format=\"auto\"\r\n     data-full-width-responsive=\"true\"><\/ins>\r\n<script>\r\n     (adsbygoogle = window.adsbygoogle || []).push({});\r\n<\/script><\/div><\/div>","protected":false},"excerpt":{"rendered":"<p>Rodilo se moje unu\u010de. Otac je slavio prije ro\u0111enja, a ja sam je vozila u rodili\u0161te i i\u0161\u010dekivala 15 sati sretnu vijest. Tre\u0107i dan nakon poroda unuk je preba\u010den na dje\u010dju neonatologiju i operiran.<\/p>\n","protected":false},"author":1,"featured_media":70270,"comment_status":"closed","ping_status":"closed","sticky":false,"template":"","format":"standard","meta":{"footnotes":""},"categories":[2],"tags":[979,198,318],"class_list":["post-70266","post","type-post","status-publish","format-standard","has-post-thumbnail","hentry","category-mozaik","tag-bake","tag-obitelj","tag-unuci"],"_links":{"self":[{"href":"https:\/\/www.mojevrijeme.hr\/magazin\/wp-json\/wp\/v2\/posts\/70266","targetHints":{"allow":["GET"]}}],"collection":[{"href":"https:\/\/www.mojevrijeme.hr\/magazin\/wp-json\/wp\/v2\/posts"}],"about":[{"href":"https:\/\/www.mojevrijeme.hr\/magazin\/wp-json\/wp\/v2\/types\/post"}],"author":[{"embeddable":true,"href":"https:\/\/www.mojevrijeme.hr\/magazin\/wp-json\/wp\/v2\/users\/1"}],"replies":[{"embeddable":true,"href":"https:\/\/www.mojevrijeme.hr\/magazin\/wp-json\/wp\/v2\/comments?post=70266"}],"version-history":[{"count":0,"href":"https:\/\/www.mojevrijeme.hr\/magazin\/wp-json\/wp\/v2\/posts\/70266\/revisions"}],"wp:featuredmedia":[{"embeddable":true,"href":"https:\/\/www.mojevrijeme.hr\/magazin\/wp-json\/wp\/v2\/media\/70270"}],"wp:attachment":[{"href":"https:\/\/www.mojevrijeme.hr\/magazin\/wp-json\/wp\/v2\/media?parent=70266"}],"wp:term":[{"taxonomy":"category","embeddable":true,"href":"https:\/\/www.mojevrijeme.hr\/magazin\/wp-json\/wp\/v2\/categories?post=70266"},{"taxonomy":"post_tag","embeddable":true,"href":"https:\/\/www.mojevrijeme.hr\/magazin\/wp-json\/wp\/v2\/tags?post=70266"}],"curies":[{"name":"wp","href":"https:\/\/api.w.org\/{rel}","templated":true}]}}