{"id":70299,"date":"2023-04-06T16:16:16","date_gmt":"2023-04-06T14:16:16","guid":{"rendered":"https:\/\/www.mojevrijeme.hr\/magazin\/?p=70299"},"modified":"2023-04-06T16:16:19","modified_gmt":"2023-04-06T14:16:19","slug":"tomasevic-odlucio-zadrzati-bandicevu-tradiciju-umirovljenicima-urucio-darove","status":"publish","type":"post","link":"https:\/\/www.mojevrijeme.hr\/magazin\/2023\/04\/tomasevic-odlucio-zadrzati-bandicevu-tradiciju-umirovljenicima-urucio-darove\/","title":{"rendered":"Toma\u0161evi\u0107 odlu\u010dio zadr\u017eati Bandi\u0107evu tradiciju: Umirovljenicima uru\u010dio darove"},"content":{"rendered":"\n<p>Ususret najve\u0107em kr\u0161\u0107anskom blagdanu Uskrsu, gradona\u010delnik Grada Zagreba Tomislav Toma\u0161evi\u0107 posjetio je umirovljenike u domovima za starije osobe Park i Dubrava, priop\u0107io je Grad Zagreb.<\/p>\n\n\n\n<p>&#8220;U Gradu imamo jedan lijepi obi\u010daj, a to je da ve\u0107 20 godina Zagreb daruje korisnike domova za starije prigodnim poklonima uo\u010di uskr\u0161njih i bo\u017ei\u0107nih blagdana&#8221; rekao je gradona\u010delnik Toma\u0161evi\u0107 i dodao kako je tu lijepu tradiciju odlu\u010dio zadr\u017eati i nastaviti.<\/p>\n\n\n\n<p>&#8220;\u017delim vam zahvaliti na va\u0161em doprinosu gradu, na trudu i radu koji ste ulo\u017eili da na\u0161 grad bude ovakav kakav danas jest. Vi ste ovaj grad izgradili i kao mla\u0111a generacija vam na tome \u017eelim zahvaliti. Ovo je jedna od najljep\u0161ih protokolarnih aktivnosti koje imam kao gradona\u010delnik, jer je u domovima toliko veselja, skromnosti i ljubavi&#8221; , zaklju\u010dio je gradona\u010delnik.<\/p><div id=\"mojev-2966881316\" class=\"mojev-u-tekstu mojev-entity-placement\" style=\"margin-left: auto;margin-right: auto;text-align: center;\"><div class=\"mojev-adlabel\">oglas<\/div><div style=\"height: 250px;\"><script async src=\"https:\/\/pagead2.googlesyndication.com\/pagead\/js\/adsbygoogle.js?client=ca-pub-8106111766207173\"\r\n     crossorigin=\"anonymous\"><\/script>\r\n<!-- Prikazni 1 u tekstu -->\r\n<ins class=\"adsbygoogle\"\r\n     style=\"display:block\"\r\n     data-ad-client=\"ca-pub-8106111766207173\"\r\n     data-ad-slot=\"8535551207\"\r\n     data-ad-format=\"auto\"\r\n     data-full-width-responsive=\"true\"><\/ins>\r\n<script>\r\n     (adsbygoogle = window.adsbygoogle || []).push({});\r\n<\/script><\/div><\/div><br style=\"clear: both; display: block; float: none;\"\/>\n\n\n\n<p>Uime korisnika domova, gradona\u010delnika su pozdravile ravnateljica Doma Park Nata\u0161a Kora\u017eija te ravnateljica Doma Dubrava Milica Su\u010di\u0107. Zahvalu gradona\u010delniku umirovljenici su uputili kroz veseli uskr\u0161nji program \u2013 pjesmu i ples.<\/p>\n\n\n\n<p>U gradskim domovima za starije osobe smje\u0161teno je oko 4.000 korisnika, a zagreba\u010dkim umirovljenicima s najmanjim mirovinama Grad ispla\u0107uje i uskrsnice, \u0161to je udvostru\u010deno pro\u0161le godine, priop\u0107io je Grad Zagreb.<\/p>\n<div id=\"mojev-3668305244\" class=\"mojev-kraj-teksta mojev-entity-placement\" style=\"margin-bottom: 20px;margin-left: auto;margin-right: auto;text-align: center;\"><div class=\"mojev-adlabel\">oglas<\/div><div style=\"height: 250px;\"><script async src=\"https:\/\/pagead2.googlesyndication.com\/pagead\/js\/adsbygoogle.js?client=ca-pub-8106111766207173\"\r\n     crossorigin=\"anonymous\"><\/script>\r\n<!-- Display-1 -->\r\n<ins class=\"adsbygoogle\"\r\n     style=\"display:block\"\r\n     data-ad-client=\"ca-pub-8106111766207173\"\r\n     data-ad-slot=\"1465712950\"\r\n     data-ad-format=\"auto\"\r\n     data-full-width-responsive=\"true\"><\/ins>\r\n<script>\r\n     (adsbygoogle = window.adsbygoogle || []).push({});\r\n<\/script><\/div><\/div>","protected":false},"excerpt":{"rendered":"<p>U gradskim domovima za starije osobe smje\u0161teno je oko 4.000 korisnika, a zagreba\u010dkim umirovljenicima s najmanjim mirovinama Grad ispla\u0107uje i uskrsnice, \u0161to je udvostru\u010deno pro\u0161le godine.<\/p>\n","protected":false},"author":1,"featured_media":70302,"comment_status":"closed","ping_status":"closed","sticky":false,"template":"","format":"standard","meta":{"footnotes":""},"categories":[9],"tags":[2669,2670,1077,39],"class_list":["post-70299","post","type-post","status-publish","format-standard","has-post-thumbnail","hentry","category-vijesti","tag-domovi","tag-tomislav-tomasevic","tag-uskrsnica","tag-zagreb"],"_links":{"self":[{"href":"https:\/\/www.mojevrijeme.hr\/magazin\/wp-json\/wp\/v2\/posts\/70299","targetHints":{"allow":["GET"]}}],"collection":[{"href":"https:\/\/www.mojevrijeme.hr\/magazin\/wp-json\/wp\/v2\/posts"}],"about":[{"href":"https:\/\/www.mojevrijeme.hr\/magazin\/wp-json\/wp\/v2\/types\/post"}],"author":[{"embeddable":true,"href":"https:\/\/www.mojevrijeme.hr\/magazin\/wp-json\/wp\/v2\/users\/1"}],"replies":[{"embeddable":true,"href":"https:\/\/www.mojevrijeme.hr\/magazin\/wp-json\/wp\/v2\/comments?post=70299"}],"version-history":[{"count":0,"href":"https:\/\/www.mojevrijeme.hr\/magazin\/wp-json\/wp\/v2\/posts\/70299\/revisions"}],"wp:featuredmedia":[{"embeddable":true,"href":"https:\/\/www.mojevrijeme.hr\/magazin\/wp-json\/wp\/v2\/media\/70302"}],"wp:attachment":[{"href":"https:\/\/www.mojevrijeme.hr\/magazin\/wp-json\/wp\/v2\/media?parent=70299"}],"wp:term":[{"taxonomy":"category","embeddable":true,"href":"https:\/\/www.mojevrijeme.hr\/magazin\/wp-json\/wp\/v2\/categories?post=70299"},{"taxonomy":"post_tag","embeddable":true,"href":"https:\/\/www.mojevrijeme.hr\/magazin\/wp-json\/wp\/v2\/tags?post=70299"}],"curies":[{"name":"wp","href":"https:\/\/api.w.org\/{rel}","templated":true}]}}