{"id":70348,"date":"2023-04-07T08:18:52","date_gmt":"2023-04-07T06:18:52","guid":{"rendered":"https:\/\/www.mojevrijeme.hr\/magazin\/?p=70348"},"modified":"2023-04-07T11:14:23","modified_gmt":"2023-04-07T09:14:23","slug":"irena-spajat-cu-stare-decke-i-cure-otvaram-agenciju","status":"publish","type":"post","link":"https:\/\/www.mojevrijeme.hr\/magazin\/2023\/04\/irena-spajat-cu-stare-decke-i-cure-otvaram-agenciju\/","title":{"rendered":"Irena: Spajat \u0107u stare de\u010dke i cure, otvaram agenciju!"},"content":{"rendered":"\n<p>\u0160armantna <strong>Irena Lalin<\/strong>&nbsp;(50) iz Pako\u0161tana<strong> <\/strong>po tre\u0107i puta natjecala se u RTL-ovom <em>showu<\/em> Ljubav je na selu. Ova strastvena Dalmatinka nije uspjela osvojiti srce jednog od starijih kandidata, Zvonka (57) iz Buzina, no ostavila je dubok utisak na poklonike <em>reality<\/em> emisije. <\/p>\n\n\n\n<p>&#8220;Nije me iznenadilo \u0161to me Zvonko prvu izbacio. Dok smo snimali, koketirao je i s jednom i drugom. Ja sam do\u0161la \u010disto da se provedem i odmorim od svega. S Brankicom sam ostala jako dobra, kao i s Jasnom koja je oti\u0161la kod Milka u \u0160ibenik. Smilja kao Smilja je prora\u010dunata osoba koja je uvijek dr\u017eala distancu. Brankica joj je bila konkurencija. Ona je bila u vezi mene dosta hladna, dok je oko Brankice uvijek ne\u0161to izvodila&#8221;, rekla je Irena za RTL. <\/p>\n\n\n\n<p>Nakon \u0161to se vratila ku\u0107i, ka\u017ee, od Zvonka nije bilo glasa. No, nije joj \u017eao jer da je bio pravi, njihov bi se odnos odmah razvio. &#8220;Sama sam i dalje jer tamo gdje moj biv\u0161i mu\u017e do\u0111e, tamo trava ne raste. No, vje\u010dni sam romanti\u010dar, vjerujem da \u0107u do\u017eivjeti onu pravu, vje\u010dnu ljubav u kojoj \u010dovjek u mene gleda kao u sebe. Ne idem na spojeve, niti se trudim. Kada me netko i nazove, odmah mu ka\u017eem dijagnozu. Kada god mi ka\u017ee dvije, tri rije\u010di, ja se od toga mi\u010dem&#8221;, rekla je.<\/p><div id=\"mojev-1531723787\" class=\"mojev-u-tekstu mojev-entity-placement\" style=\"margin-left: auto;margin-right: auto;text-align: center;\"><div class=\"mojev-adlabel\">oglas<\/div><div style=\"height: 250px;\"><script async src=\"https:\/\/pagead2.googlesyndication.com\/pagead\/js\/adsbygoogle.js?client=ca-pub-8106111766207173\"\r\n     crossorigin=\"anonymous\"><\/script>\r\n<!-- Prikazni 1 u tekstu -->\r\n<ins class=\"adsbygoogle\"\r\n     style=\"display:block\"\r\n     data-ad-client=\"ca-pub-8106111766207173\"\r\n     data-ad-slot=\"8535551207\"\r\n     data-ad-format=\"auto\"\r\n     data-full-width-responsive=\"true\"><\/ins>\r\n<script>\r\n     (adsbygoogle = window.adsbygoogle || []).push({});\r\n<\/script><\/div><\/div><br style=\"clear: both; display: block; float: none;\"\/>\n\n\n\n<p>\u0160to se poslovnih \u017eelja i planova ti\u010de, Irena ka\u017ee: &#8220;Upustila bih se u influencanje, ali radije bih radila ne\u0161to opipljivo. Sada bih imala turu po selima, spajala bih stare momke i djevojke, a u planu mi je otvoriti i agenciju za spajanje parova.&#8221;<\/p>\n<div id=\"mojev-525652798\" class=\"mojev-kraj-teksta mojev-entity-placement\" style=\"margin-bottom: 20px;margin-left: auto;margin-right: auto;text-align: center;\"><div class=\"mojev-adlabel\">oglas<\/div><div style=\"height: 250px;\"><script async src=\"https:\/\/pagead2.googlesyndication.com\/pagead\/js\/adsbygoogle.js?client=ca-pub-8106111766207173\"\r\n     crossorigin=\"anonymous\"><\/script>\r\n<!-- Display-1 -->\r\n<ins class=\"adsbygoogle\"\r\n     style=\"display:block\"\r\n     data-ad-client=\"ca-pub-8106111766207173\"\r\n     data-ad-slot=\"1465712950\"\r\n     data-ad-format=\"auto\"\r\n     data-full-width-responsive=\"true\"><\/ins>\r\n<script>\r\n     (adsbygoogle = window.adsbygoogle || []).push({});\r\n<\/script><\/div><\/div>","protected":false},"excerpt":{"rendered":"<p>Novosti ima na poslovnom planu budu\u0107i da uskoro po\u010dinje raditi u novoj tvrtki. Izme\u0111u ostalog, ima plan i \u0161to bi radila ba\u0161 po svome gu\u0161tu.<\/p>\n","protected":false},"author":1,"featured_media":70350,"comment_status":"closed","ping_status":"closed","sticky":false,"template":"","format":"standard","meta":{"footnotes":""},"categories":[84],"tags":[3419,3054,1062,142],"class_list":["post-70348","post","type-post","status-publish","format-standard","has-post-thumbnail","hentry","category-show","tag-irena-lalin","tag-ljubav-je-na-selu","tag-reality-show","tag-televizija"],"_links":{"self":[{"href":"https:\/\/www.mojevrijeme.hr\/magazin\/wp-json\/wp\/v2\/posts\/70348","targetHints":{"allow":["GET"]}}],"collection":[{"href":"https:\/\/www.mojevrijeme.hr\/magazin\/wp-json\/wp\/v2\/posts"}],"about":[{"href":"https:\/\/www.mojevrijeme.hr\/magazin\/wp-json\/wp\/v2\/types\/post"}],"author":[{"embeddable":true,"href":"https:\/\/www.mojevrijeme.hr\/magazin\/wp-json\/wp\/v2\/users\/1"}],"replies":[{"embeddable":true,"href":"https:\/\/www.mojevrijeme.hr\/magazin\/wp-json\/wp\/v2\/comments?post=70348"}],"version-history":[{"count":0,"href":"https:\/\/www.mojevrijeme.hr\/magazin\/wp-json\/wp\/v2\/posts\/70348\/revisions"}],"wp:featuredmedia":[{"embeddable":true,"href":"https:\/\/www.mojevrijeme.hr\/magazin\/wp-json\/wp\/v2\/media\/70350"}],"wp:attachment":[{"href":"https:\/\/www.mojevrijeme.hr\/magazin\/wp-json\/wp\/v2\/media?parent=70348"}],"wp:term":[{"taxonomy":"category","embeddable":true,"href":"https:\/\/www.mojevrijeme.hr\/magazin\/wp-json\/wp\/v2\/categories?post=70348"},{"taxonomy":"post_tag","embeddable":true,"href":"https:\/\/www.mojevrijeme.hr\/magazin\/wp-json\/wp\/v2\/tags?post=70348"}],"curies":[{"name":"wp","href":"https:\/\/api.w.org\/{rel}","templated":true}]}}