{"id":70369,"date":"2023-04-07T11:11:22","date_gmt":"2023-04-07T09:11:22","guid":{"rendered":"https:\/\/www.mojevrijeme.hr\/magazin\/?p=70369"},"modified":"2023-04-07T11:12:16","modified_gmt":"2023-04-07T09:12:16","slug":"trebaju-li-vjernici-moliti-sv-josipa-za-svoju-sretnu-smrt","status":"publish","type":"post","link":"https:\/\/www.mojevrijeme.hr\/magazin\/2023\/04\/trebaju-li-vjernici-moliti-sv-josipa-za-svoju-sretnu-smrt\/","title":{"rendered":"Trebaju li katolici moliti za svoju sretnu smrt? Evo \u0161to ka\u017eu stru\u010dnjaci"},"content":{"rendered":"\n<p>&#8220;Na blagdan sv. Josipa jedan je sve\u0107enik preporu\u010dio da se molimo za vlastitu smrt i stavio sv. Josipa kao uzor u tome. Ne znam za\u0161to bih sada ve\u0107 trebao moliti za svoju smrt i to mi se \u010dini pomalo \u010dudno jer \u017eelim jo\u0161 na ovom svijetu ostaviti trag.&#8221;<\/p>\n\n\n\n<p>Pitanje je to, a mo\u017eda i komentar \u010ditatelja koji se za pomo\u0107 oko ove nedoumice obratio katoli\u010dkom tjedniku <a rel=\"noreferrer noopener\" href=\"https:\/\/www.glas-koncila.hr\/\" target=\"_blank\">Glas Koncila<\/a>. U nastavku prenosimo odgovor koji bi mogao zanimati mnoge vjernike.<\/p>\n\n\n\n<p>&#8220;U dana\u0161njim dru\u0161tvima \u010dini se da je i smrt i pojam umiranja gurnut na margine, a razmi\u0161ljanje o smrti protjerano iz dru\u0161tva. Zato je dobro da nas ponekad sve\u0107enici podsjete na otajstvo smrti i na &#8216;sestricu Smrt&#8217; o kojoj je u svom Himnu ljubavi biranim rije\u010dima pisao sv. Franjo Asi\u0161ki&#8221;, pi\u0161e Koncil. <\/p><div id=\"mojev-3878560655\" class=\"mojev-u-tekstu mojev-entity-placement\" style=\"margin-left: auto;margin-right: auto;text-align: center;\"><div class=\"mojev-adlabel\">oglas<\/div><div style=\"height: 250px;\"><script async src=\"https:\/\/pagead2.googlesyndication.com\/pagead\/js\/adsbygoogle.js?client=ca-pub-8106111766207173\"\r\n     crossorigin=\"anonymous\"><\/script>\r\n<!-- Prikazni 1 u tekstu -->\r\n<ins class=\"adsbygoogle\"\r\n     style=\"display:block\"\r\n     data-ad-client=\"ca-pub-8106111766207173\"\r\n     data-ad-slot=\"8535551207\"\r\n     data-ad-format=\"auto\"\r\n     data-full-width-responsive=\"true\"><\/ins>\r\n<script>\r\n     (adsbygoogle = window.adsbygoogle || []).push({});\r\n<\/script><\/div><\/div><br style=\"clear: both; display: block; float: none;\"\/>\n\n\n\n<p>&#8220;Ponekad i u vjernika koji su zabrinuti za svoje bli\u017enje misao na smrt mo\u017ee dovesti do tjeskobe i zabrinutosti. Vjera nam svima govori da je smrt prelazak iz ovozemaljskoga u vje\u010dni \u017eivot, ali nam je smrt kao takva misterij i velika nepoznanica jer bismo htjeli to\u010dno znati \u0161to \u0107e se dogoditi i ho\u0107emo li doista u\u017eivati blizinu Bo\u017eju. No kako to ne mo\u017eemo znati, preostaje nam za to moliti \u2013 i to ne samo za sebe i svoju du\u0161u, nego i za sve druge, posebno svoje najbli\u017ee.&#8221;<\/p>\n\n\n\n<p>&#8220;Na\u0161a vjerni\u010dka tradicija <strong>svetoga Josipa smatra za\u0161titnikom sretne i mirne smrti<\/strong> pa nam molitva koju mu upu\u0107ujemo mo\u017ee olak\u0161ati ovozemaljske smrtne strahove. Vjerojatno je na to mislio sve\u0107enik kojega spominjete, a na\u0161a je vjerni\u010dka tradicija sa\u010duvala mnoge molitve koje nas podsje\u0107aju na na\u0161u smrtnost i prolaznost, kao i na potrebu da se molimo za sretnu smrt jer ne znamo kada \u0107e nas Bog pozvati k sebi.&#8221;<\/p>\n\n\n\n<p>&#8220;U molitvi za sretnu smrt koju upu\u0107ujemo svetomu Josipu molimo da umremo mirno i u Bo\u017ejoj milosti, ali ne molimo za svoju smrt \u2013 to jest kao da molimo da sada, sutra, prekosutra \u2026 umremo \u2013 kao da mi to mo\u017eemo odrediti, nego da za tu smrt budemo spremni. Kao kad molimo: &#8216;\u017divot kratak, a smrt stalna, njoj se ne zna dan ni \u010das\u2026&#8217; A lijepo je \u0161to razmi\u0161ljate o tome da \u017eelite ostaviti trag u ovom \u017eivotu jer je to plemenito, ali pri tome je dobro uvijek razmi\u0161ljati i o vje\u010dnosti, a za nju nas pripravlja ba\u0161 ovozemaljski \u017eivot u kojem trebamo ostaviti trag dobrote prema drugima&#8221;, stoji u odgovoru.<\/p>\n<div id=\"mojev-2289989700\" class=\"mojev-kraj-teksta mojev-entity-placement\" style=\"margin-bottom: 20px;margin-left: auto;margin-right: auto;text-align: center;\"><div class=\"mojev-adlabel\">oglas<\/div><div style=\"height: 250px;\"><script async src=\"https:\/\/pagead2.googlesyndication.com\/pagead\/js\/adsbygoogle.js?client=ca-pub-8106111766207173\"\r\n     crossorigin=\"anonymous\"><\/script>\r\n<!-- Display-1 -->\r\n<ins class=\"adsbygoogle\"\r\n     style=\"display:block\"\r\n     data-ad-client=\"ca-pub-8106111766207173\"\r\n     data-ad-slot=\"1465712950\"\r\n     data-ad-format=\"auto\"\r\n     data-full-width-responsive=\"true\"><\/ins>\r\n<script>\r\n     (adsbygoogle = window.adsbygoogle || []).push({});\r\n<\/script><\/div><\/div>","protected":false},"excerpt":{"rendered":"<p>Vjera nam svima govori da je smrt prelazak iz ovozemaljskoga u vje\u010dni \u017eivot, ali nam je smrt kao takva misterij i velika nepoznanica jer bismo htjeli to\u010dno znati \u0161to \u0107e se dogoditi i ho\u0107emo li doista u\u017eivati blizinu Bo\u017eju.<\/p>\n","protected":false},"author":1,"featured_media":70370,"comment_status":"closed","ping_status":"closed","sticky":false,"template":"","format":"standard","meta":{"footnotes":""},"categories":[2],"tags":[1070,1549,303,66,3420,1195,713],"class_list":["post-70369","post","type-post","status-publish","format-standard","has-post-thumbnail","hentry","category-mozaik","tag-katolici","tag-molitva","tag-religija","tag-smrt","tag-sveti-josip","tag-umiranje","tag-vjera"],"_links":{"self":[{"href":"https:\/\/www.mojevrijeme.hr\/magazin\/wp-json\/wp\/v2\/posts\/70369","targetHints":{"allow":["GET"]}}],"collection":[{"href":"https:\/\/www.mojevrijeme.hr\/magazin\/wp-json\/wp\/v2\/posts"}],"about":[{"href":"https:\/\/www.mojevrijeme.hr\/magazin\/wp-json\/wp\/v2\/types\/post"}],"author":[{"embeddable":true,"href":"https:\/\/www.mojevrijeme.hr\/magazin\/wp-json\/wp\/v2\/users\/1"}],"replies":[{"embeddable":true,"href":"https:\/\/www.mojevrijeme.hr\/magazin\/wp-json\/wp\/v2\/comments?post=70369"}],"version-history":[{"count":0,"href":"https:\/\/www.mojevrijeme.hr\/magazin\/wp-json\/wp\/v2\/posts\/70369\/revisions"}],"wp:featuredmedia":[{"embeddable":true,"href":"https:\/\/www.mojevrijeme.hr\/magazin\/wp-json\/wp\/v2\/media\/70370"}],"wp:attachment":[{"href":"https:\/\/www.mojevrijeme.hr\/magazin\/wp-json\/wp\/v2\/media?parent=70369"}],"wp:term":[{"taxonomy":"category","embeddable":true,"href":"https:\/\/www.mojevrijeme.hr\/magazin\/wp-json\/wp\/v2\/categories?post=70369"},{"taxonomy":"post_tag","embeddable":true,"href":"https:\/\/www.mojevrijeme.hr\/magazin\/wp-json\/wp\/v2\/tags?post=70369"}],"curies":[{"name":"wp","href":"https:\/\/api.w.org\/{rel}","templated":true}]}}