{"id":70424,"date":"2023-04-07T21:51:41","date_gmt":"2023-04-07T19:51:41","guid":{"rendered":"https:\/\/www.mojevrijeme.hr\/magazin\/?p=70424"},"modified":"2023-06-05T11:25:36","modified_gmt":"2023-06-05T09:25:36","slug":"hrvatska-svekrva-o-snahi-zagorjela-joj-je-juha-kiptim-u-sebi","status":"publish","type":"post","link":"https:\/\/www.mojevrijeme.hr\/magazin\/2023\/04\/hrvatska-svekrva-o-snahi-zagorjela-joj-je-juha-kiptim-u-sebi\/","title":{"rendered":"Hrvatska svekrva o snahi: Zagorjela joj je juha, kiptim u sebi!"},"content":{"rendered":"\n<p>Jedna od najaktivnijih rasprava na najve\u0107em hrvatskom <a href=\"http:\/\/forum.hr\" target=\"_blank\" rel=\"noreferrer noopener\">forumu<\/a> jest ona u kojoj snahe pi\u0161u o svojim svekrvama. Na tisu\u0107ama stranica ove rasprave koja traje desetlje\u0107ima &#8211; protegnula se knjiga \u017ealbe. No ponekad se javi i neka snaha koja pohvali majku svoga supruga. Ipak, najzabavnije je kad se jave svekrve pa stvari opi\u0161u iz svoga ugla.<\/p>\n\n\n\n<p>Jedna takva opisala je muke koje nastanu kada njena snaha, samozvana vje\u0161ta kuharica, preuzme kuhinju. &#8220;Svekrva sam. Puknut \u0107u ako nekome ne ka\u017eem pa evo da iznesem svojih zadnjih sedam dana. Stigli su sin i snaha iz inozemstva. Bit \u0107e kod mene preko praznika. On je ludo voli, ona je lijepa, nje\u017ena, umiljata i trep\u0107e okicama. Svaki drugi dan joj je ne\u0161to slabo pa je ve\u0107inom u krevetu. Pro\u0161la je sve mogu\u0107e doktore, ne zna se \u0161to joj je&#8221;, zapo\u010dela je svoju \u0161aljivu ispovijed svekrva. <\/p>\n\n\n\n<p>&#8220;Ona \u0107e kuhati dok su tu, jer voli kuhati. Ok, prepustila sam joj kuhinju. Super! Ja radim do 17 i \u010dekat \u0107e me ru\u010dak. Oh, koliko sam bila u krivu! Jer ru\u010dak je gotov obi\u010dno oko 18 sati. Ju\u010der sam bila doma, htjela sam ispe\u0107i fri\u0161ki kola\u010d, ali ne, ona \u0107e. Idemo redom: juha joj je zagorjela jer je zaboravila na nju, glavno jelo je pregorjelo i ka\u0161asto jer ona misli da tako treba biti, kola\u010d je zagorio jer je zaboravila na njega.&#8221;<\/p><div id=\"mojev-1116032335\" class=\"mojev-u-tekstu mojev-entity-placement\" style=\"margin-left: auto;margin-right: auto;text-align: center;\"><div class=\"mojev-adlabel\">oglas<\/div><div style=\"height: 250px;\"><script async src=\"https:\/\/pagead2.googlesyndication.com\/pagead\/js\/adsbygoogle.js?client=ca-pub-8106111766207173\"\r\n     crossorigin=\"anonymous\"><\/script>\r\n<!-- Prikazni 1 u tekstu -->\r\n<ins class=\"adsbygoogle\"\r\n     style=\"display:block\"\r\n     data-ad-client=\"ca-pub-8106111766207173\"\r\n     data-ad-slot=\"8535551207\"\r\n     data-ad-format=\"auto\"\r\n     data-full-width-responsive=\"true\"><\/ins>\r\n<script>\r\n     (adsbygoogle = window.adsbygoogle || []).push({});\r\n<\/script><\/div><\/div><br style=\"clear: both; display: block; float: none;\"\/>\n\n\n\n<p>&#8220;Znam licemjerna sam jer sam rekla da nema veze, da je sve fino i ukusno. Ne bih htjela rastu\u017eiti sina, a ionako \u0107e uskoro oti\u0107i. Kiptim u sebi, ne mogu, ne mogu&#8221;, zaklju\u010dila je ova svekrva \u010dija je kuhinja pod sedmodnevnom okupacijom snahe. <\/p>\n\n\n\n<p>&#8220;Ako je sineku hrana dobra, ne mo\u017ee\u0161 ni\u0161ta re\u0107i, a da ne ispadne\u0161 vje\u0161tica. Osim toga, to su stvari koje se daju promijeniti s vremenom. Ako krene\u0161 s kritikama, u startu \u0107e\u0161 napraviti zlu krv&#8221;, jedan je komentar. <\/p>\n\n\n\n<p>&#8220;Mojoj snajki jo\u0161 ni\u0161ta \u0161to je skuhala nije ispalo jestivo. Skurila mi je i lonac, jer je zaboravila na tjesteninu. \u0160to mislite? Da sjednem s njom ozbiljno porazgovarati? Ili sa sinom?&#8221; duhovito je dometnula druga komentatorica. <\/p>\n\n\n\n<div id=\"crveno\"><\/p>\n\n\n\n<h3 class=\"wp-block-heading\">Zanima nas va\u0161a pri\u010da<\/h3>\n\n\n\n<p>\u017delite li i vi, posve anonimno, podijeliti svoje iskustvo i vi\u0111enje ove teme s nama i na\u0161im \u010ditateljima, mo\u017eete to u\u010diniti putem web obrasca <a rel=\"noreferrer noopener\" href=\"https:\/\/www.mojevrijeme.hr\/magazin\/povjerljivo\/\" target=\"_blank\">Povjerljivo<\/a>. <\/p>\n\n\n\n<p><\/div>\n<div id=\"mojev-937671824\" class=\"mojev-kraj-teksta mojev-entity-placement\" style=\"margin-bottom: 20px;margin-left: auto;margin-right: auto;text-align: center;\"><div class=\"mojev-adlabel\">oglas<\/div><div style=\"height: 250px;\"><script async src=\"https:\/\/pagead2.googlesyndication.com\/pagead\/js\/adsbygoogle.js?client=ca-pub-8106111766207173\"\r\n     crossorigin=\"anonymous\"><\/script>\r\n<!-- Display-1 -->\r\n<ins class=\"adsbygoogle\"\r\n     style=\"display:block\"\r\n     data-ad-client=\"ca-pub-8106111766207173\"\r\n     data-ad-slot=\"1465712950\"\r\n     data-ad-format=\"auto\"\r\n     data-full-width-responsive=\"true\"><\/ins>\r\n<script>\r\n     (adsbygoogle = window.adsbygoogle || []).push({});\r\n<\/script><\/div><\/div>","protected":false},"excerpt":{"rendered":"<p>Znam licemjerna sam jer sam rekla da nema veze, da je sve fino i ukusno. Ne bih htjela rastu\u017eiti sina, a ionako \u0107e uskoro oti\u0107i. Kiptim u sebi.<\/p>\n","protected":false},"author":1,"featured_media":70431,"comment_status":"closed","ping_status":"closed","sticky":false,"template":"","format":"standard","meta":{"footnotes":""},"categories":[3552],"tags":[3320,1436,3374,3373],"class_list":["post-70424","post","type-post","status-publish","format-standard","has-post-thumbnail","hentry","category-povjerljivo","tag-kuhanje","tag-povjerljivo","tag-snahe","tag-svekrve"],"_links":{"self":[{"href":"https:\/\/www.mojevrijeme.hr\/magazin\/wp-json\/wp\/v2\/posts\/70424","targetHints":{"allow":["GET"]}}],"collection":[{"href":"https:\/\/www.mojevrijeme.hr\/magazin\/wp-json\/wp\/v2\/posts"}],"about":[{"href":"https:\/\/www.mojevrijeme.hr\/magazin\/wp-json\/wp\/v2\/types\/post"}],"author":[{"embeddable":true,"href":"https:\/\/www.mojevrijeme.hr\/magazin\/wp-json\/wp\/v2\/users\/1"}],"replies":[{"embeddable":true,"href":"https:\/\/www.mojevrijeme.hr\/magazin\/wp-json\/wp\/v2\/comments?post=70424"}],"version-history":[{"count":0,"href":"https:\/\/www.mojevrijeme.hr\/magazin\/wp-json\/wp\/v2\/posts\/70424\/revisions"}],"wp:featuredmedia":[{"embeddable":true,"href":"https:\/\/www.mojevrijeme.hr\/magazin\/wp-json\/wp\/v2\/media\/70431"}],"wp:attachment":[{"href":"https:\/\/www.mojevrijeme.hr\/magazin\/wp-json\/wp\/v2\/media?parent=70424"}],"wp:term":[{"taxonomy":"category","embeddable":true,"href":"https:\/\/www.mojevrijeme.hr\/magazin\/wp-json\/wp\/v2\/categories?post=70424"},{"taxonomy":"post_tag","embeddable":true,"href":"https:\/\/www.mojevrijeme.hr\/magazin\/wp-json\/wp\/v2\/tags?post=70424"}],"curies":[{"name":"wp","href":"https:\/\/api.w.org\/{rel}","templated":true}]}}