{"id":70461,"date":"2023-04-08T09:34:32","date_gmt":"2023-04-08T07:34:32","guid":{"rendered":"https:\/\/www.mojevrijeme.hr\/magazin\/?p=70461"},"modified":"2023-04-08T13:48:16","modified_gmt":"2023-04-08T11:48:16","slug":"ana-obregon-sine-moj-nisam-te-uspjela-spasiti-ali-sada-imam-tvoje-dijete","status":"publish","type":"post","link":"https:\/\/www.mojevrijeme.hr\/magazin\/2023\/04\/ana-obregon-sine-moj-nisam-te-uspjela-spasiti-ali-sada-imam-tvoje-dijete\/","title":{"rendered":"Ana Obregon: &#8216;Sine moj, nisam te uspjela spasiti, ali sada imam tvoje dijete&#8217;"},"content":{"rendered":"\n<p>&#8220;Moj Aless, zaklela sam se da \u0107u te spasiti od raka i iznevjerila sam te&nbsp;.&nbsp;Obe\u0107ala sam ti da \u0107u tvoju k\u0107er donijeti na svijet i sada je imam u naru\u010dju.&#8221;&nbsp;Ovo su rije\u010di koje je \u0161panjolska glumica i voditeljica <strong>Ana Obregon<\/strong> (68) uputila pokojnom sinu, a nakon \u0161to je u ruke primila novoro\u0111enu djevoj\u010dicu Anu Sandru Lequio Obregon. Iako je&nbsp;zakonski&nbsp;majka djevoj\u010dice ro\u0111ene 20. o\u017eujka u Miamiju, biolo\u0161ki joj je baka. <\/p>\n\n\n\n<p>&#8220;Kada ju zagrlim, osje\u0107am neopisivu emociju, jer osje\u0107am kao da te ponovno grlim. Zaklinjem se da \u0107u se brinuti za nju s beskrajnom ljubavlju, a ti \u0107e\u0161 mi pomo\u0107i s neba. Knjiga koju si po\u010deo pisati, a ja sam je dovr\u0161ila biti \u0107e objavljena 19. travnja. Prema tvojoj \u017eelji, autorska prava \u0107u donirati za istra\u017eivanju raka u tvojoj zakladi. U njoj sam objasnila uragan osje\u0107aja majke nakon gubitka djeteta i dug put do ove blagoslovljene i \u010dudesne bebe, Anite, tvoje k\u0107eri. Ti si ljubav mog \u017eivota na nebu, a tvoja k\u0107er ljubav mog \u017eivota na Zemlji. Volim te do smrti. Mama&#8221;, napisala je Obregon na Instagramu. <\/p>\n\n\n\n<p>Obregon \u0107e u Sjedinjenim Dr\u017eavama pri\u010dekati da se sti\u0161a bura oko njenog anga\u017eiranja surogat majke i za\u010de\u0107a unuke iz sperme sina koji je, kao 27-godi\u0161nji mladi\u0107, preminuo prije tri godine nakon neuspje\u0161ne borbe s rakom. Cijeli proces do dolaska male Ane Sandre na svijet trajao je tri godine zbog pravnih procedura, objasnila je glumica. Beba \u0107e biti registrirana u \u0161panjolskom konzulatu prije nego \u0161to poleti za Madrid, objasnila je Obregon koja ne isklju\u010duje da \u0107e djevoj\u010dica u budu\u0107nosti dobiti brata ili sestru.<\/p><div id=\"mojev-2984439207\" class=\"mojev-u-tekstu mojev-entity-placement\" style=\"margin-left: auto;margin-right: auto;text-align: center;\"><div class=\"mojev-adlabel\">oglas<\/div><div style=\"height: 250px;\"><script async src=\"https:\/\/pagead2.googlesyndication.com\/pagead\/js\/adsbygoogle.js?client=ca-pub-8106111766207173\"\r\n     crossorigin=\"anonymous\"><\/script>\r\n<!-- Prikazni 1 u tekstu -->\r\n<ins class=\"adsbygoogle\"\r\n     style=\"display:block\"\r\n     data-ad-client=\"ca-pub-8106111766207173\"\r\n     data-ad-slot=\"8535551207\"\r\n     data-ad-format=\"auto\"\r\n     data-full-width-responsive=\"true\"><\/ins>\r\n<script>\r\n     (adsbygoogle = window.adsbygoogle || []).push({});\r\n<\/script><\/div><\/div><br style=\"clear: both; display: block; float: none;\"\/>\n\n\n\n<h3 class=\"wp-block-heading\">Stan s pogledom na more<\/h3>\n\n\n\n<p>Glumica, za sada, na dru\u0161tvenim mre\u017eama nije htjela davati previ\u0161e informacija o svom boravku u Miamiju, iako je podijelila najposebnije mjesto od svih: sobu djevoj\u010dice u kojoj se nalazi kreveti\u0107 i koja ima spektakularan pogled na more.\u00a0<\/p>\n\n\n\n<p>Prema \u010dasopisu <em>Semana<\/em>, Obregon je unajmila luksuzni <em>penthouse<\/em> od 100 \u010detvornih metara, s velikim prozorima i pogledom na pla\u017eu. Isti izvor javlja da za taj stan u South Beachu pla\u0107a najamninu od 9.000 dolara mjese\u010dno te da ga je rezervirala na tri mjeseca, do 16. lipnja.<\/p>\n\n\n\n<h3 class=\"wp-block-heading\">Osuda iz \u0161panjolske vlade<\/h3>\n\n\n\n<p>Ministrica ravnopravnosti&nbsp;<strong>Irene Montero<\/strong>&nbsp;osudila je praksu surogatstva kao \u201coblik nasilja nad \u017eenama\u201d. No, glumica koja je poznata po ulogama u humoristi\u010dnim serijama i komedijama, nastalu halabuku vidi kao \u201capsurd\u201d i tvrdi da je surogatstvo oblik umjetne oplodnje koji je legalan u ve\u0107ini svijeta izvan \u0160panjolske. Naime, rije\u010d je o postupku kada surogat majka pristane nositi i roditi dijete u ime nekoga drugoga. To se \u010desto, ali ne uvijek, pla\u0107a.<\/p>\n<div id=\"mojev-3150908265\" class=\"mojev-kraj-teksta mojev-entity-placement\" style=\"margin-bottom: 20px;margin-left: auto;margin-right: auto;text-align: center;\"><div class=\"mojev-adlabel\">oglas<\/div><div style=\"height: 250px;\"><script async src=\"https:\/\/pagead2.googlesyndication.com\/pagead\/js\/adsbygoogle.js?client=ca-pub-8106111766207173\"\r\n     crossorigin=\"anonymous\"><\/script>\r\n<!-- Display-1 -->\r\n<ins class=\"adsbygoogle\"\r\n     style=\"display:block\"\r\n     data-ad-client=\"ca-pub-8106111766207173\"\r\n     data-ad-slot=\"1465712950\"\r\n     data-ad-format=\"auto\"\r\n     data-full-width-responsive=\"true\"><\/ins>\r\n<script>\r\n     (adsbygoogle = window.adsbygoogle || []).push({});\r\n<\/script><\/div><\/div>","protected":false},"excerpt":{"rendered":"<p>Obregon \u0107e u Sjedinjenim Dr\u017eavama pri\u010dekati da se sti\u0161a bura oko njenog anga\u017eiranja surogat majke i za\u010de\u0107a unuke iz sperme sina koji je, kao 27-godi\u0161nji mladi\u0107, preminuo prije tri godine nakon neuspje\u0161ne borbe s rakom.<\/p>\n","protected":false},"author":1,"featured_media":70468,"comment_status":"closed","ping_status":"closed","sticky":false,"template":"","format":"standard","meta":{"footnotes":""},"categories":[84],"tags":[3381,3018],"class_list":["post-70461","post","type-post","status-publish","format-standard","has-post-thumbnail","hentry","category-show","tag-ana-obregon","tag-surogat-majcinstvo"],"_links":{"self":[{"href":"https:\/\/www.mojevrijeme.hr\/magazin\/wp-json\/wp\/v2\/posts\/70461","targetHints":{"allow":["GET"]}}],"collection":[{"href":"https:\/\/www.mojevrijeme.hr\/magazin\/wp-json\/wp\/v2\/posts"}],"about":[{"href":"https:\/\/www.mojevrijeme.hr\/magazin\/wp-json\/wp\/v2\/types\/post"}],"author":[{"embeddable":true,"href":"https:\/\/www.mojevrijeme.hr\/magazin\/wp-json\/wp\/v2\/users\/1"}],"replies":[{"embeddable":true,"href":"https:\/\/www.mojevrijeme.hr\/magazin\/wp-json\/wp\/v2\/comments?post=70461"}],"version-history":[{"count":0,"href":"https:\/\/www.mojevrijeme.hr\/magazin\/wp-json\/wp\/v2\/posts\/70461\/revisions"}],"wp:featuredmedia":[{"embeddable":true,"href":"https:\/\/www.mojevrijeme.hr\/magazin\/wp-json\/wp\/v2\/media\/70468"}],"wp:attachment":[{"href":"https:\/\/www.mojevrijeme.hr\/magazin\/wp-json\/wp\/v2\/media?parent=70461"}],"wp:term":[{"taxonomy":"category","embeddable":true,"href":"https:\/\/www.mojevrijeme.hr\/magazin\/wp-json\/wp\/v2\/categories?post=70461"},{"taxonomy":"post_tag","embeddable":true,"href":"https:\/\/www.mojevrijeme.hr\/magazin\/wp-json\/wp\/v2\/tags?post=70461"}],"curies":[{"name":"wp","href":"https:\/\/api.w.org\/{rel}","templated":true}]}}