{"id":70540,"date":"2023-04-09T14:09:22","date_gmt":"2023-04-09T12:09:22","guid":{"rendered":"https:\/\/www.mojevrijeme.hr\/magazin\/?p=70540"},"modified":"2023-04-09T14:09:25","modified_gmt":"2023-04-09T12:09:25","slug":"tko-moze-i-treba-primiti-bolesnicko-pomazanje-te-koliko-cesto","status":"publish","type":"post","link":"https:\/\/www.mojevrijeme.hr\/magazin\/2023\/04\/tko-moze-i-treba-primiti-bolesnicko-pomazanje-te-koliko-cesto\/","title":{"rendered":"Tko mo\u017ee i treba primiti bolesni\u010dko pomazanje te koliko \u010desto?"},"content":{"rendered":"\n<p>&#8220;Pi\u0161em Vam jer mi je \u017eupnik rekao da za primanje bolesni\u010dkoga pomazanja za moju staru majku o kojoj se brinem mora pro\u0107i barem dvije godine od pro\u0161loga puta. To mi je bio prvi glas pa sam malo po internetu tra\u017eio podatke i nisam uspio dobiti jasno\u0107u oko u\u010destalosti primanja toga sakramenta. Je li zaista zbrka po tom pitanju ili ja nisam uspio na\u0107i tu odredbu o dvije godine?&#8221; <\/p>\n\n\n\n<p>Ovo je pitanje jedan vjernik postavio redakciji katoli\u010dkog tjednika <a href=\"https:\/\/www.glas-koncila.hr\/nasi-razgovori-mora-li-svecenik-nositi-kolar\/\" target=\"_blank\" rel=\"noreferrer noopener\">Glas Koncila<\/a>. A na njega je dobio i odgovor. &#8220;Direktorij za pastoral sakramenata u \u017eupnoj zajednici Hrvatske biskupske konferencije na\u0161iroko se bavi i sakramentom bolesni\u010dkoga pomazanja i skrbi za bolesnike te se u njemu isti\u010de da &#8216;prolazi kroz te\u0161ka isku\u0161enja&#8217; jer se nekada \u2013 budu\u0107i da se svakoga \u010dovjeka smatralo potencijalno bolesnim \u2013 dijelio i zdravim ljudima, a onda se govorilo da je to zapravo posljednje pomazanje koje se dijeli umiru\u0107ima&#8221;, pi\u0161e Glas. <\/p>\n\n\n\n<p>&#8220;Na\u0161i biskupi upozoravaju da taj sakrament ne treba shvatiti kao posljednje pomazanje, nego kao pomazanje koje se daje bolesnicima u slu\u010daju ozbiljne bolesti te ga treba podijeliti vjernicima \u010dije je zdravlje ozbiljno ugro\u017eeno zbog bolesti ili starosti.&#8221;<\/p><div id=\"mojev-3823603913\" class=\"mojev-u-tekstu mojev-entity-placement\" style=\"margin-left: auto;margin-right: auto;text-align: center;\"><div class=\"mojev-adlabel\">oglas<\/div><div style=\"height: 250px;\"><script async src=\"https:\/\/pagead2.googlesyndication.com\/pagead\/js\/adsbygoogle.js?client=ca-pub-8106111766207173\"\r\n     crossorigin=\"anonymous\"><\/script>\r\n<!-- Prikazni 1 u tekstu -->\r\n<ins class=\"adsbygoogle\"\r\n     style=\"display:block\"\r\n     data-ad-client=\"ca-pub-8106111766207173\"\r\n     data-ad-slot=\"8535551207\"\r\n     data-ad-format=\"auto\"\r\n     data-full-width-responsive=\"true\"><\/ins>\r\n<script>\r\n     (adsbygoogle = window.adsbygoogle || []).push({});\r\n<\/script><\/div><\/div><br style=\"clear: both; display: block; float: none;\"\/>\n\n\n\n<p>&#8220;Da se ustanovi stupanj ozbiljne bolesti, treba imati na umu bez tjeskobe da je rije\u010d o te\u0161ko\u0107i u fizi\u010dkom ili psiholo\u0161kom smislu; a i sama tjeskoba zbog bolesti koja po sebi nije tako ozbiljna mo\u017ee biti prilika da se podijeli pomazanje. Mo\u017ee se podijeliti prije kirur\u0161kog zahvata zbog te\u0161ke bolesti ili ozbiljne \u017eivotne opasnosti. Mo\u017ee se dati starcima, iako mo\u017eda i nisu te\u0161ko bolesni, ali su im malaksale sile. Mo\u017ee se ponoviti kad god bolesnik ozdravi od bolesti u kojoj je primio pomazanje ili je u toku bolesti do\u0161lo do pogor\u0161anja. Mo\u017ee se dati bolesnoj djeci ako su do\u0161la do dobi rasu\u0111ivanja, da im se podijeli snaga toga sakramenta. Mo\u017ee se dati onima koji su izgubili svijest ili se nalaze u komi, ali bi ga vjerojatno kao vjernici bili zatra\u017eili dok su bili pri sebi&#8221;, stoji u odgovoru. <\/p>\n\n\n\n<p>&#8220;I sam zahtjev uku\u0107ana mo\u017ee biti valjan razlog da se donese pozitivan sud ali se ne smije davati kada je bolesnik ve\u0107 umro (br. 173). Me\u0111u tim razlozima nismo prona\u0161li da moraju pro\u0107i dvije godine, ali u Direktoriju pi\u0161e da je pomazanje sakrament vjere, a ne magije: treba ga podijeliti u vrijeme bolesti, a ne u posljednjem stadiju \u017eivota (u besvijesti, komi, kad bolesnik izdi\u0161e). &#8216;Neka se ne daje svakomu bez razlike, ali neka se i ne odbija olako. Treba po\u0161tovati i Bo\u017eje djelovanje ondje gdje se pokazuje na\u0161a nemo\u0107, ali i radi vjerodostojnosti sakramenta valja izbjegavati svaku improvizaciju&#8217; (br. 176)&#8221;, zaklju\u010duje Glas Koncila.<\/p>\n<div id=\"mojev-3152587152\" class=\"mojev-kraj-teksta mojev-entity-placement\" style=\"margin-bottom: 20px;margin-left: auto;margin-right: auto;text-align: center;\"><div class=\"mojev-adlabel\">oglas<\/div><div style=\"height: 250px;\"><script async src=\"https:\/\/pagead2.googlesyndication.com\/pagead\/js\/adsbygoogle.js?client=ca-pub-8106111766207173\"\r\n     crossorigin=\"anonymous\"><\/script>\r\n<!-- Display-1 -->\r\n<ins class=\"adsbygoogle\"\r\n     style=\"display:block\"\r\n     data-ad-client=\"ca-pub-8106111766207173\"\r\n     data-ad-slot=\"1465712950\"\r\n     data-ad-format=\"auto\"\r\n     data-full-width-responsive=\"true\"><\/ins>\r\n<script>\r\n     (adsbygoogle = window.adsbygoogle || []).push({});\r\n<\/script><\/div><\/div>","protected":false},"excerpt":{"rendered":"<p>Pomazanje je sakrament vjere, a ne magije: treba ga podijeliti u vrijeme bolesti, a ne u posljednjem stadiju \u017eivota.<\/p>\n","protected":false},"author":1,"featured_media":70542,"comment_status":"closed","ping_status":"closed","sticky":false,"template":"","format":"standard","meta":{"footnotes":""},"categories":[2],"tags":[303,3421,713],"class_list":["post-70540","post","type-post","status-publish","format-standard","has-post-thumbnail","hentry","category-mozaik","tag-religija","tag-sakramenti","tag-vjera"],"_links":{"self":[{"href":"https:\/\/www.mojevrijeme.hr\/magazin\/wp-json\/wp\/v2\/posts\/70540","targetHints":{"allow":["GET"]}}],"collection":[{"href":"https:\/\/www.mojevrijeme.hr\/magazin\/wp-json\/wp\/v2\/posts"}],"about":[{"href":"https:\/\/www.mojevrijeme.hr\/magazin\/wp-json\/wp\/v2\/types\/post"}],"author":[{"embeddable":true,"href":"https:\/\/www.mojevrijeme.hr\/magazin\/wp-json\/wp\/v2\/users\/1"}],"replies":[{"embeddable":true,"href":"https:\/\/www.mojevrijeme.hr\/magazin\/wp-json\/wp\/v2\/comments?post=70540"}],"version-history":[{"count":0,"href":"https:\/\/www.mojevrijeme.hr\/magazin\/wp-json\/wp\/v2\/posts\/70540\/revisions"}],"wp:featuredmedia":[{"embeddable":true,"href":"https:\/\/www.mojevrijeme.hr\/magazin\/wp-json\/wp\/v2\/media\/70542"}],"wp:attachment":[{"href":"https:\/\/www.mojevrijeme.hr\/magazin\/wp-json\/wp\/v2\/media?parent=70540"}],"wp:term":[{"taxonomy":"category","embeddable":true,"href":"https:\/\/www.mojevrijeme.hr\/magazin\/wp-json\/wp\/v2\/categories?post=70540"},{"taxonomy":"post_tag","embeddable":true,"href":"https:\/\/www.mojevrijeme.hr\/magazin\/wp-json\/wp\/v2\/tags?post=70540"}],"curies":[{"name":"wp","href":"https:\/\/api.w.org\/{rel}","templated":true}]}}