{"id":70592,"date":"2023-04-10T09:40:52","date_gmt":"2023-04-10T07:40:52","guid":{"rendered":"https:\/\/www.mojevrijeme.hr\/magazin\/?p=70592"},"modified":"2023-04-10T09:42:23","modified_gmt":"2023-04-10T07:42:23","slug":"zao-mi-je-sto-sam-promijenio-ime-martin-sheen-o-odluci-koju-je-donio-na-pocetku-karijere","status":"publish","type":"post","link":"https:\/\/www.mojevrijeme.hr\/magazin\/2023\/04\/zao-mi-je-sto-sam-promijenio-ime-martin-sheen-o-odluci-koju-je-donio-na-pocetku-karijere\/","title":{"rendered":"\u017dao mi je \u0161to sam promijenio ime! Martin Sheen o odluci s po\u010detka karijere"},"content":{"rendered":"\n<p>Vijest o smrti glumca <strong>Martina Sheena<\/strong> brzo se pro\u010dula krajem pro\u0161log tjedna. Me\u0111utim, nakon po\u010detnog \u0161oka, ameri\u010dki mediji javljaju da je informacija koja se pro\u0161irila dru\u0161tvenim mre\u017eama i Youtubeom &#8211;  potpuna la\u017e. Sre\u0107om, to je samo najnoviji u nizu la\u017enih izvje\u0161\u0107a o smrti slavnih osoba. Glumac najpoznatiji po ulogama u seriji Zapadno krilo te filmovima Wall Street i Apokalipsa danas &#8211; \u017eiv je i zdrav. <\/p>\n\n\n\n<p>No znate li \u0161to zapravo pi\u0161e u putovnici ovog glumca? Umjetnici mijenjaju imena da bi ih ljudi lak\u0161e zapamtili ili da bi iskora\u010dili iz svoje etni\u010dke zajednice u bazen \u0161ire publike. Upravo su zbog potonjeg razloga imena mijenjali Anthony Quinn, Steven Bauer, Rita Hayworth i Raquel Welch koji su zbog uspjeha u Hollywoodu prigrlili imena koja zvu\u010de vi\u0161e &#8220;ameri\u010dki&#8221;.<\/p>\n\n\n\n<p>Me\u0111u njima je i Martin Sheen, koji je ro\u0111en kao <strong>Ram\u00f3n Antonio Gerardo Est\u00e9vez<\/strong>. No Sheen ka\u017ee da danas \u017eali zbog te odluke. Gledaju\u0107i unatrag na svoj \u017eivot, 82-godi\u0161njak je otkrio da nije imao hrabrosti oduprijeti se brisanju o\u010devog \u0161panjolskog prezimena. <\/p><div id=\"mojev-722402048\" class=\"mojev-u-tekstu mojev-entity-placement\" style=\"margin-left: auto;margin-right: auto;text-align: center;\"><div class=\"mojev-adlabel\">oglas<\/div><div style=\"height: 250px;\"><script async src=\"https:\/\/pagead2.googlesyndication.com\/pagead\/js\/adsbygoogle.js?client=ca-pub-8106111766207173\"\r\n     crossorigin=\"anonymous\"><\/script>\r\n<!-- Prikazni 1 u tekstu -->\r\n<ins class=\"adsbygoogle\"\r\n     style=\"display:block\"\r\n     data-ad-client=\"ca-pub-8106111766207173\"\r\n     data-ad-slot=\"8535551207\"\r\n     data-ad-format=\"auto\"\r\n     data-full-width-responsive=\"true\"><\/ins>\r\n<script>\r\n     (adsbygoogle = window.adsbygoogle || []).push({});\r\n<\/script><\/div><\/div><br style=\"clear: both; display: block; float: none;\"\/>\n\n\n\n<p>&#8220;\u017dalim zbog toga&#8221;, rekao je za <em>Closer Weekly<\/em>. &#8220;Ipak, nikad nisam slu\u017ebeno promijenio svoje ime. Jo\u0161 uvijek pi\u0161e Ram\u00f3n Est\u00e9vez na mom rodnom listu. To je na mom vjen\u010danom listu, putovnici, voza\u010dkoj dozvoli.&#8221; Sheen, \u010dija je majka bila irska imigrantica, nagovorio je svog sina Emilija Est\u00e9veza da ne mijenja ro\u0111eno prezime kada se i on otisnuo u gluma\u010dke vode. <\/p>\n\n\n\n<p>&#8220;To je moj jedini utjecaj na njega kao glumca. Kada je po\u010dinjao, agent mu je savjetovao da promijeni ime u Sheen, ali on to nije htio u\u010diniti. I zahvaljujem Bogu \u0161to to nije u\u010dinio.&#8221; Sin Ramon tako\u0111er je poslu\u0161ao o\u010dev savjet i zadr\u017eao svoje ro\u0111eno prezime. No glumac Charlie Sheen ipak je prigrlio umjetni\u010dko prezime svoga oca. <\/p>\n<div id=\"mojev-1605249837\" class=\"mojev-kraj-teksta mojev-entity-placement\" style=\"margin-bottom: 20px;margin-left: auto;margin-right: auto;text-align: center;\"><div class=\"mojev-adlabel\">oglas<\/div><div style=\"height: 250px;\"><script async src=\"https:\/\/pagead2.googlesyndication.com\/pagead\/js\/adsbygoogle.js?client=ca-pub-8106111766207173\"\r\n     crossorigin=\"anonymous\"><\/script>\r\n<!-- Display-1 -->\r\n<ins class=\"adsbygoogle\"\r\n     style=\"display:block\"\r\n     data-ad-client=\"ca-pub-8106111766207173\"\r\n     data-ad-slot=\"1465712950\"\r\n     data-ad-format=\"auto\"\r\n     data-full-width-responsive=\"true\"><\/ins>\r\n<script>\r\n     (adsbygoogle = window.adsbygoogle || []).push({});\r\n<\/script><\/div><\/div>","protected":false},"excerpt":{"rendered":"<p>Gledaju\u0107i unatrag na svoj \u017eivot, 82-godi\u0161njak je otkrio da nije imao hrabrosti oduprijeti se brisanju o\u010devog \u0161panjolskog prezimena. <\/p>\n","protected":false},"author":1,"featured_media":70595,"comment_status":"closed","ping_status":"closed","sticky":false,"template":"","format":"standard","meta":{"footnotes":""},"categories":[84],"tags":[201,3422],"class_list":["post-70592","post","type-post","status-publish","format-standard","has-post-thumbnail","hentry","category-show","tag-glumci","tag-martin-sheen"],"_links":{"self":[{"href":"https:\/\/www.mojevrijeme.hr\/magazin\/wp-json\/wp\/v2\/posts\/70592","targetHints":{"allow":["GET"]}}],"collection":[{"href":"https:\/\/www.mojevrijeme.hr\/magazin\/wp-json\/wp\/v2\/posts"}],"about":[{"href":"https:\/\/www.mojevrijeme.hr\/magazin\/wp-json\/wp\/v2\/types\/post"}],"author":[{"embeddable":true,"href":"https:\/\/www.mojevrijeme.hr\/magazin\/wp-json\/wp\/v2\/users\/1"}],"replies":[{"embeddable":true,"href":"https:\/\/www.mojevrijeme.hr\/magazin\/wp-json\/wp\/v2\/comments?post=70592"}],"version-history":[{"count":0,"href":"https:\/\/www.mojevrijeme.hr\/magazin\/wp-json\/wp\/v2\/posts\/70592\/revisions"}],"wp:featuredmedia":[{"embeddable":true,"href":"https:\/\/www.mojevrijeme.hr\/magazin\/wp-json\/wp\/v2\/media\/70595"}],"wp:attachment":[{"href":"https:\/\/www.mojevrijeme.hr\/magazin\/wp-json\/wp\/v2\/media?parent=70592"}],"wp:term":[{"taxonomy":"category","embeddable":true,"href":"https:\/\/www.mojevrijeme.hr\/magazin\/wp-json\/wp\/v2\/categories?post=70592"},{"taxonomy":"post_tag","embeddable":true,"href":"https:\/\/www.mojevrijeme.hr\/magazin\/wp-json\/wp\/v2\/tags?post=70592"}],"curies":[{"name":"wp","href":"https:\/\/api.w.org\/{rel}","templated":true}]}}