{"id":70606,"date":"2023-04-10T10:35:16","date_gmt":"2023-04-10T08:35:16","guid":{"rendered":"https:\/\/www.mojevrijeme.hr\/magazin\/?p=70606"},"modified":"2023-04-10T12:32:58","modified_gmt":"2023-04-10T10:32:58","slug":"klinika-u-nisu-ukinula-liste-cekanja-bez-politike-i-reforme-zdravstva-nije-sve-u-novcu","status":"publish","type":"post","link":"https:\/\/www.mojevrijeme.hr\/magazin\/2023\/04\/klinika-u-nisu-ukinula-liste-cekanja-bez-politike-i-reforme-zdravstva-nije-sve-u-novcu\/","title":{"rendered":"Besplatno operirali i ukinuli liste \u010dekanja: Nije sve u novcu, stvar je u ljudima!"},"content":{"rendered":"\n<p>Osoblje Klinike za kardiokirurgiju UKC Ni\u0161 u Srbiji ukinulo je liste \u010dekanja na na\u010din da su 12 vikenda pretvorili u radne vikende. I pri tome svoju brigu za pacijente nisu naplatili. Operacije su obavljali sve dok lista \u010dekanja nije nestala. Ovu je vijest objavio direktor klinike&nbsp;<strong>Dragan Mili\u0107<\/strong> \u010diju objavu s Facebooka prenosimo  u cijelosti.<\/p>\n\n\n\n<p>&#8220;Lista \u010dekanja sa 149 pacijenata po\u010detkom ove godine pretvorila se u listu \u010dekanja na kojoj su sada 42 pacijenta! Operacije koje su pro\u0161le godine morale \u010dekati tri do \u010detiri mjeseca, ponekad \u0161est i vi\u0161e mjeseci, vi\u0161e ne\u0107e \u010dekati&#8221;, napisao je. <\/p>\n\n\n\n<p>U ovih 100 dana obavljeno je ukupno 248 operacija, a pro\u0161le godine u istom vremenskom razdoblju 117. Samo u mjesecu o\u017eujku ove godine obavljeno je nevjerojatnih 98 operacija! Broj hospitaliziranih pacijenata u prva tri mjeseca pro\u0161le godine bio je 145, a ove godine \u010dak 353! Broj ambulantnih pregleda za razdoblje od sije\u010dnja do o\u017eujak ove godine bio je 3.014, a lani 1.467.&#8221;<\/p><div id=\"mojev-3672200937\" class=\"mojev-u-tekstu mojev-entity-placement\" style=\"margin-left: auto;margin-right: auto;text-align: center;\"><div class=\"mojev-adlabel\">oglas<\/div><div style=\"height: 250px;\"><script async src=\"https:\/\/pagead2.googlesyndication.com\/pagead\/js\/adsbygoogle.js?client=ca-pub-8106111766207173\"\r\n     crossorigin=\"anonymous\"><\/script>\r\n<!-- Prikazni 1 u tekstu -->\r\n<ins class=\"adsbygoogle\"\r\n     style=\"display:block\"\r\n     data-ad-client=\"ca-pub-8106111766207173\"\r\n     data-ad-slot=\"8535551207\"\r\n     data-ad-format=\"auto\"\r\n     data-full-width-responsive=\"true\"><\/ins>\r\n<script>\r\n     (adsbygoogle = window.adsbygoogle || []).push({});\r\n<\/script><\/div><\/div><br style=\"clear: both; display: block; float: none;\"\/>\n\n\n\n<p>&#8220;Dakle, u odnosu na pro\u0161lu godinu udvostru\u010den je broj operacija, broj pregleda i broj hospitalizacija. Jedino je stopa smrtnosti ostala ista &#8211; ispod 2posto, uklju\u010duju\u0107i i hitne slu\u010dajeve. Nitko od pacijenata koji su operirani tijekom vikenda nije umro, iako je postojala sumnja da se vikendom gubi koncentracija na poslu pa samim time i kvaliteta rada. Ova pretpostavka se nije pokazala to\u010dnom.&#8221;<\/p>\n\n\n\n<p>&#8220;A sve te rezultate u ovih sto dana postigao je isti tim ljudi s istim ili \u010dak ne\u0161to manjim brojem izvr\u0161itelja u odnosu na pro\u0161lu godinu, a to sve govori o pove\u0107anom obujmu posla koji smo imali. Na\u017ealost, smanjen je broj higijeni\u010dara i bolni\u010dara u odnosu na pro\u0161lu godinu, \u0161to potencijalno mo\u017ee ozbiljno ugroziti rezultate na\u0161eg rada i \u010dinjenicu da na\u0161a poliklinika gotovo da nema postoperativnih infekcija. Smanjen je i broj anesteziologa.&#8221;<\/p>\n\n\n\n<p>&#8220;Ponosni smo na cijelo osoblje poliklinike koje je ustrajno i predano izdr\u017ealo ovaj izuzetno jak tempo rada i ispunilo dano obe\u0107anje o ukidanju lista \u010dekanja. Budu\u0107i da rad vikendom nije bio pla\u0107en, dokazali su da ima va\u017enijih stvari od novca \u2013 a to je briga za pacijenta. Briga za one ljude s kojima \u017eivimo, koje mo\u017eda sretnemo u gradu, a nismo ni svjesni da im treba pomo\u0107&#8221;.<\/p>\n\n\n\n<p>&#8220;Zahvalni smo vlastima \u0161to su nam osigurali dovoljno potro\u0161nog materijala za postizanje ovog cilja, iako nikada nismo dobili slu\u017ebeno odobrenje za ovaj dodatni posao. Nadamo se da \u0107e klinika do\u0107i u obzir pri kupnji opreme koja nije obnavljana 15 godina, a tu prvenstveno mislimo na EKK aparat (imamo samo jedan) i monitore za invazivni monitoring. Tako\u0111er se nadamo zapo\u0161ljavanju novih djelatnika kako bismo pro\u0161irili broj i vrstu usluga u normalnom kapacitetu. Gra\u0111ani Ni\u0161a i Ju\u017ene Srbije, kao i osoblje na\u0161e klinike to zaslu\u017euju. Osnivanje Zavoda, na koji su gra\u0111ani Ni\u0161a \u010dekali vi\u0161e od 50 godina, sigurno bi pru\u017eilo jo\u0161 bolju zdravstvenu uslugu.&#8221;<\/p>\n\n\n\n<p>&#8220;Sretni smo \u0161to su na\u0161i pacijenti dobili novu priliku u\u017eivati \u200b\u200bu \u017eivotu sa svojim najdra\u017eima. I naravno, ako u budu\u0107nosti bude ve\u0107i priljev pacijenata koji ne mogu svi biti operirani radnim danom, opet \u0107emo raditi vikendom bez nov\u010dane naknade kako bi i oni dobili odgovaraju\u0107u i pravovremenu operaciju.&#8221;<\/p>\n\n\n\n<iframe loading=\"lazy\" src=\"https:\/\/www.facebook.com\/plugins\/post.php?href=https%3A%2F%2Fwww.facebook.com%2Fdragan.milic.3597%2Fposts%2Fpfbid0mSpQUHFwGGrAQ5RyyCHHXLJhT5gRQ9jA7RHPAGnWQksdisRggrXbhoxDXaJJJVF7l&#038;width=740&#038;show_text=true&#038;appId=702830876459350&#038;height=648\" width=\"740\" height=\"648\" style=\"border:none;overflow:hidden\" scrolling=\"no\" frameborder=\"0\" allowfullscreen=\"true\" allow=\"autoplay; clipboard-write; encrypted-media; picture-in-picture; web-share\"><\/iframe>\n<div id=\"mojev-3838243355\" class=\"mojev-kraj-teksta mojev-entity-placement\" style=\"margin-bottom: 20px;margin-left: auto;margin-right: auto;text-align: center;\"><div class=\"mojev-adlabel\">oglas<\/div><div style=\"height: 250px;\"><script async src=\"https:\/\/pagead2.googlesyndication.com\/pagead\/js\/adsbygoogle.js?client=ca-pub-8106111766207173\"\r\n     crossorigin=\"anonymous\"><\/script>\r\n<!-- Display-1 -->\r\n<ins class=\"adsbygoogle\"\r\n     style=\"display:block\"\r\n     data-ad-client=\"ca-pub-8106111766207173\"\r\n     data-ad-slot=\"1465712950\"\r\n     data-ad-format=\"auto\"\r\n     data-full-width-responsive=\"true\"><\/ins>\r\n<script>\r\n     (adsbygoogle = window.adsbygoogle || []).push({});\r\n<\/script><\/div><\/div>","protected":false},"excerpt":{"rendered":"<p> Budu\u0107i da rad vikendom nije bio pla\u0107en, dokazali su da ima va\u017enijih stvari od novca \u2013 a to je briga za pacijenta.<\/p>\n","protected":false},"author":1,"featured_media":70608,"comment_status":"closed","ping_status":"closed","sticky":false,"template":"","format":"standard","meta":{"footnotes":""},"categories":[9],"tags":[950,447,638],"class_list":["post-70606","post","type-post","status-publish","format-standard","has-post-thumbnail","hentry","category-vijesti","tag-lijecnici","tag-liste-cekanja","tag-srbija"],"_links":{"self":[{"href":"https:\/\/www.mojevrijeme.hr\/magazin\/wp-json\/wp\/v2\/posts\/70606","targetHints":{"allow":["GET"]}}],"collection":[{"href":"https:\/\/www.mojevrijeme.hr\/magazin\/wp-json\/wp\/v2\/posts"}],"about":[{"href":"https:\/\/www.mojevrijeme.hr\/magazin\/wp-json\/wp\/v2\/types\/post"}],"author":[{"embeddable":true,"href":"https:\/\/www.mojevrijeme.hr\/magazin\/wp-json\/wp\/v2\/users\/1"}],"replies":[{"embeddable":true,"href":"https:\/\/www.mojevrijeme.hr\/magazin\/wp-json\/wp\/v2\/comments?post=70606"}],"version-history":[{"count":0,"href":"https:\/\/www.mojevrijeme.hr\/magazin\/wp-json\/wp\/v2\/posts\/70606\/revisions"}],"wp:featuredmedia":[{"embeddable":true,"href":"https:\/\/www.mojevrijeme.hr\/magazin\/wp-json\/wp\/v2\/media\/70608"}],"wp:attachment":[{"href":"https:\/\/www.mojevrijeme.hr\/magazin\/wp-json\/wp\/v2\/media?parent=70606"}],"wp:term":[{"taxonomy":"category","embeddable":true,"href":"https:\/\/www.mojevrijeme.hr\/magazin\/wp-json\/wp\/v2\/categories?post=70606"},{"taxonomy":"post_tag","embeddable":true,"href":"https:\/\/www.mojevrijeme.hr\/magazin\/wp-json\/wp\/v2\/tags?post=70606"}],"curies":[{"name":"wp","href":"https:\/\/api.w.org\/{rel}","templated":true}]}}