{"id":70723,"date":"2023-04-11T16:18:30","date_gmt":"2023-04-11T14:18:30","guid":{"rendered":"https:\/\/www.mojevrijeme.hr\/magazin\/?p=70723"},"modified":"2023-04-11T16:25:44","modified_gmt":"2023-04-11T14:25:44","slug":"banda-umirovljenika-divlja-zagrebom-unistavaju-imovinu-neduznih-gradana","status":"publish","type":"post","link":"https:\/\/www.mojevrijeme.hr\/magazin\/2023\/04\/banda-umirovljenika-divlja-zagrebom-unistavaju-imovinu-neduznih-gradana\/","title":{"rendered":"Banda umirovljenika divlja Zagrebom, uni\u0161tavaju imovinu nedu\u017enih gra\u0111ana"},"content":{"rendered":"\n<p>Stanovnici zagreba\u010dkog kvarta Srednjaci godinama vode bitku s vandalima koji im posipaju razne teku\u0107ine, pa \u010dak i ostatke hrane, po automobilima. Stvara im se tako velika materijalna \u0161teta, a posljednjih nekoliko dana pri\u010da se ponovno aktualizirala u kvartovskoj Facebook grupi &#8220;Moji Srednjaci&#8221;, javlja <a rel=\"noreferrer noopener\" href=\"https:\/\/www.telegram.hr\/politika-kriminal\/uigrana-skupina-penzionera-vandalizira-aute-u-zagrebu-stanari-ocajni-cekamo-ih-po-noci-nikako-da-ih-ulovimo-na-djelu\/\" target=\"_blank\">Telegram<\/a>.<\/p>\n\n\n\n<p>Vozila im polijevaju, pi\u0161u u grupi, gustom teku\u0107inom poput smole koja se ne mo\u017ee ukloniti standardnim sredstvima za \u010di\u0161\u0107enje, a drugi javljaju da su na krovima i vjetrobranima vidjeli pile\u0107u jetricu, ostatke od ru\u010dka, kavu i gazirane napitke. Nekima su aute zalili posebnom teku\u0107inom koja potpuno uni\u0161tava lak, a novo lakiranje ko\u0161ta stotine eura.<\/p>\n\n\n\n<p>To traje jo\u0161 od 2017. godine, govori za Telegram jedna od susjeda. &#8220;Mo\u017eete si zamisliti kako sam se osje\u0107ala, dobro da me infarkt nije udario kada sam vidjela tu smolastu teku\u0107inu razlivenu po cijelom krovu, vjetrobranskom staklu i prednjoj haubi. De\u010dki su ga dva i pol sata polirali, jo\u0161 je ostalo malo toga na krovu. Mi smo svi kolektivno bijesni i frustrirani jer je apsolutno irelevantna vrijednost i marka vozila, zalijevaju se i uni\u0161tavaju svi auti&#8221;, ka\u017ee.<\/p><div id=\"mojev-3676621863\" class=\"mojev-u-tekstu mojev-entity-placement\" style=\"margin-left: auto;margin-right: auto;text-align: center;\"><div class=\"mojev-adlabel\">oglas<\/div><div style=\"height: 250px;\"><script async src=\"https:\/\/pagead2.googlesyndication.com\/pagead\/js\/adsbygoogle.js?client=ca-pub-8106111766207173\"\r\n     crossorigin=\"anonymous\"><\/script>\r\n<!-- Prikazni 1 u tekstu -->\r\n<ins class=\"adsbygoogle\"\r\n     style=\"display:block\"\r\n     data-ad-client=\"ca-pub-8106111766207173\"\r\n     data-ad-slot=\"8535551207\"\r\n     data-ad-format=\"auto\"\r\n     data-full-width-responsive=\"true\"><\/ins>\r\n<script>\r\n     (adsbygoogle = window.adsbygoogle || []).push({});\r\n<\/script><\/div><\/div><br style=\"clear: both; display: block; float: none;\"\/>\n\n\n\n<h3 class=\"wp-block-heading\">Stotine eura ba\u010dene na \u010di\u0161\u0107enje automobila<\/h3>\n\n\n\n<p>&#8220;To vam je postalo horori\u010dno jer svako jutro idete s gr\u010dem do svog auta koji ste regularno i propisno parkirali na javni gradski parking, nikome ne smetaju\u0107i. Pardon, o\u010dito smetamo tim bolesnicima. Jedan susjed je morao cijelo vjetrobransko staklo mijenjati jer mu nije oti\u0161lo ni sa kakvim pranjem.&#8221;<\/p>\n\n\n\n<figure class=\"wp-block-image size-large\"><img loading=\"lazy\" decoding=\"async\" width=\"740\" height=\"444\" src=\"https:\/\/www.mojevrijeme.hr\/magazin\/wp-content\/uploads\/2023\/04\/srednjaci-banda-umirovljenika-740x444.jpg\" alt=\"Uni\u0161teni automobili Srednjaci\" class=\"wp-image-70733\" srcset=\"https:\/\/www.mojevrijeme.hr\/magazin\/wp-content\/uploads\/2023\/04\/srednjaci-banda-umirovljenika-740x444.jpg 740w, https:\/\/www.mojevrijeme.hr\/magazin\/wp-content\/uploads\/2023\/04\/srednjaci-banda-umirovljenika-636x382.jpg 636w, https:\/\/www.mojevrijeme.hr\/magazin\/wp-content\/uploads\/2023\/04\/srednjaci-banda-umirovljenika-768x461.jpg 768w, https:\/\/www.mojevrijeme.hr\/magazin\/wp-content\/uploads\/2023\/04\/srednjaci-banda-umirovljenika-1536x922.jpg 1536w, https:\/\/www.mojevrijeme.hr\/magazin\/wp-content\/uploads\/2023\/04\/srednjaci-banda-umirovljenika-1500x900.jpg 1500w, https:\/\/www.mojevrijeme.hr\/magazin\/wp-content\/uploads\/2023\/04\/srednjaci-banda-umirovljenika-1600x960.jpg 1600w, https:\/\/www.mojevrijeme.hr\/magazin\/wp-content\/uploads\/2023\/04\/srednjaci-banda-umirovljenika-590x354.jpg 590w, https:\/\/www.mojevrijeme.hr\/magazin\/wp-content\/uploads\/2023\/04\/srednjaci-banda-umirovljenika-400x240.jpg 400w, https:\/\/www.mojevrijeme.hr\/magazin\/wp-content\/uploads\/2023\/04\/srednjaci-banda-umirovljenika.jpg 2000w\" sizes=\"auto, (max-width: 740px) 100vw, 740px\" \/><figcaption class=\"wp-element-caption\">foto: Moji Srednjaci\/Facebook<\/figcaption><\/figure>\n\n\n\n<p>&#8220;Nekolicina nas je ve\u0107 stotine i stotine eura ostavila na pranja i poliranja. Da ne ka\u017eem da je nekima, koji valjda nisu na vrijeme primijetili i uspjeli oprati, nagri\u017een lak od tih kemikalija, tko zna kakvima se koriste. Eto, ba\u0161 smo bijesni i jadni jer ovaj teror, sustavno maltretiranje i uni\u0161tavanje imovine traje dugi niz godina, a nitko ni\u0161ta ne poduzima da ih se na\u0111e i propisno kazni&#8221;, ka\u017ee dalje.<\/p>\n\n\n\n<h3 class=\"wp-block-heading\">&#8220;Znamo tko su!&#8221;<\/h3>\n\n\n\n<p>Stanari tvrde da su po\u010dinitelji umirovljenici te da ih kvartom operira njih nekoliko. &#8220;Najgore je \u0161to mi znamo otkud dolaze, rije\u010d je navodno o osobama koji su umirovljenici i koji cijeli dan promatraju tko gdje parkira. Stanovnici Gajeva ne vole stanovnike Srednjaka. Logi\u010dno je da, kad nemamo parking na Srednjacima, odemo na Gajevo i tamo parkiramo&#8221;, pri\u010da za&nbsp;<a rel=\"noreferrer noopener\" href=\"https:\/\/dnevnik.hr\/vijesti\/hrvatska\/zagrebacki-kvart-srednjaci-parkirani-automobili-poliveni-kemikalijama---776032.html?itm_source=HomeTopRow&amp;itm_medium=Dnevnik&amp;itm_campaign=Naslovnica\" target=\"_blank\">Dnevnik.hr<\/a>.<\/p>\n\n\n\n<p>Jedan od stanovnika je rekao da su planirali zajedno uhvatiti osobu ili osobe koje vandaliziraju aute. No, nije bilo uspjeha. &#8220;Ljudi su ostajali u autu cijele no\u0107i, de\u017eurali, postavljali kamere, no taj netko ili neki se ne daju uhvatiti, oni vjerojatno promatraju teren i znaju kad mogu to napraviti da ih nitko ne vidi&#8221;, dodao je.<\/p>\n\n\n\n<p>Tvrde i da znaju iz kojeg ulaza dolazi jedan od napada\u010da, ali ne znaju to\u010dno o kome je rije\u010d. To polijevanje, ka\u017ee jedna stanovnica kvarta, traje ve\u0107 godinama. Drugi susjed, pak, za Dnevnik je rekao poliven auto njegove k\u0107eri, dosad \u010detiri puta. &#8220;Nekakva masno\u0107a, nije jupol, ali je nekakva farba. Kupovao sam dimer i prao s tim, fleke su ostale na haubi, a auto je star samo pet godina&#8221;, govori.<\/p>\n\n\n\n<p>&#8220;\u010cistili smo dimerom pa oti\u0161li u autopraonicu. Nemam pojma na koga uprijeti prstom, ali trebalo bi paziti na parkirane aute, to je javni parking. Kako je mogu\u0107e da ujutro automobil osvane zaliven kemikalijama&#8221;, dodaje.<\/p>\n\n\n\n<p><a target=\"_blank\" rel=\"noreferrer noopener\" href=\"https:\/\/linker.hr\/link.php?wid=476&amp;r=778&amp;group=&amp;l=3181863&amp;lclid=b1562bc85f464c42b2a3b55e61cc09c4\"><\/a><\/p>\n<div id=\"mojev-1231328439\" class=\"mojev-kraj-teksta mojev-entity-placement\" style=\"margin-bottom: 20px;margin-left: auto;margin-right: auto;text-align: center;\"><div class=\"mojev-adlabel\">oglas<\/div><div style=\"height: 250px;\"><script async src=\"https:\/\/pagead2.googlesyndication.com\/pagead\/js\/adsbygoogle.js?client=ca-pub-8106111766207173\"\r\n     crossorigin=\"anonymous\"><\/script>\r\n<!-- Display-1 -->\r\n<ins class=\"adsbygoogle\"\r\n     style=\"display:block\"\r\n     data-ad-client=\"ca-pub-8106111766207173\"\r\n     data-ad-slot=\"1465712950\"\r\n     data-ad-format=\"auto\"\r\n     data-full-width-responsive=\"true\"><\/ins>\r\n<script>\r\n     (adsbygoogle = window.adsbygoogle || []).push({});\r\n<\/script><\/div><\/div>","protected":false},"excerpt":{"rendered":"<p>&#8216;Najgore je \u0161to mi znamo otkud dolaze, rije\u010d je navodno o osobama koji su umirovljenici i koji cijeli dan promatraju tko gdje parkira.&#8217;<\/p>\n","protected":false},"author":1,"featured_media":70730,"comment_status":"closed","ping_status":"closed","sticky":false,"template":"","format":"standard","meta":{"footnotes":""},"categories":[9],"tags":[596,3426,3425,39],"class_list":["post-70723","post","type-post","status-publish","format-standard","has-post-thumbnail","hentry","category-vijesti","tag-crna-kronika","tag-srednjaci","tag-vandali","tag-zagreb"],"_links":{"self":[{"href":"https:\/\/www.mojevrijeme.hr\/magazin\/wp-json\/wp\/v2\/posts\/70723","targetHints":{"allow":["GET"]}}],"collection":[{"href":"https:\/\/www.mojevrijeme.hr\/magazin\/wp-json\/wp\/v2\/posts"}],"about":[{"href":"https:\/\/www.mojevrijeme.hr\/magazin\/wp-json\/wp\/v2\/types\/post"}],"author":[{"embeddable":true,"href":"https:\/\/www.mojevrijeme.hr\/magazin\/wp-json\/wp\/v2\/users\/1"}],"replies":[{"embeddable":true,"href":"https:\/\/www.mojevrijeme.hr\/magazin\/wp-json\/wp\/v2\/comments?post=70723"}],"version-history":[{"count":0,"href":"https:\/\/www.mojevrijeme.hr\/magazin\/wp-json\/wp\/v2\/posts\/70723\/revisions"}],"wp:featuredmedia":[{"embeddable":true,"href":"https:\/\/www.mojevrijeme.hr\/magazin\/wp-json\/wp\/v2\/media\/70730"}],"wp:attachment":[{"href":"https:\/\/www.mojevrijeme.hr\/magazin\/wp-json\/wp\/v2\/media?parent=70723"}],"wp:term":[{"taxonomy":"category","embeddable":true,"href":"https:\/\/www.mojevrijeme.hr\/magazin\/wp-json\/wp\/v2\/categories?post=70723"},{"taxonomy":"post_tag","embeddable":true,"href":"https:\/\/www.mojevrijeme.hr\/magazin\/wp-json\/wp\/v2\/tags?post=70723"}],"curies":[{"name":"wp","href":"https:\/\/api.w.org\/{rel}","templated":true}]}}