{"id":70741,"date":"2023-04-11T18:49:42","date_gmt":"2023-04-11T16:49:42","guid":{"rendered":"https:\/\/www.mojevrijeme.hr\/magazin\/?p=70741"},"modified":"2023-04-11T18:51:31","modified_gmt":"2023-04-11T16:51:31","slug":"europska-sirotinja-usporedba-mirovina-u-hrvatskoj-srbiji-i-bih-s-uredenim-drzavama","status":"publish","type":"post","link":"https:\/\/www.mojevrijeme.hr\/magazin\/2023\/04\/europska-sirotinja-usporedba-mirovina-u-hrvatskoj-srbiji-i-bih-s-uredenim-drzavama\/","title":{"rendered":"Europska sirotinja: Usporedba mirovina u Hrvatskoj, Srbiji i BiH s ure\u0111enim dr\u017eavama"},"content":{"rendered":"\n<p>Pogled na mirovinske sustave Europe i svijeta pokazuje nam koliko zemlje regije zaostaju za onim \u0161to bismo mogli nazvati normalnim umirovljeni\u010dkim \u017eivotom. Podaci koje je kompilirala <a rel=\"noreferrer noopener\" href=\"https:\/\/balkans.aljazeera.net\/interactives\/2023\/4\/8\/infografika-penzije-u-svijetu-i-regiji\" target=\"_blank\">AJB<\/a>, pokazuju da je prosje\u010dna mirovina od 800 eura u Sloveniji konkurentna onoj u Europskoj uniji. I tu pozitivna pri\u010da, \u0161to se zemalja nastalih raspadom Jugoslavije ti\u010de, prestaje.<\/p>\n\n\n\n<p>&#8220;Ostatak zapadnog Balkana daleko zaostaje. To vrijedi i za Hrvatsku, \u010dlanicu EU, gdje je prosje\u010dna mirovina dvostruko ni\u017ea nego u Sloveniji &#8211; 388 eura. Crnogorski umirovljenici, nakon posljednjih pove\u0107anja mirovina, u prosjeku primaju 359 eura mjese\u010dno. Podaci Republi\u010dkog fonda za mirovinsko i invalidsko osiguranje Republike Srbije pokazuju da prosje\u010dna mirovina u toj zemlji sada iznosi 323 eura, \u0161to tako\u0111er predstavlja zna\u010dajan porast u posljednjih nekoliko godina.&#8221;<\/p>\n\n\n\n<p>&#8220;Uz ovogodi\u0161nje najavljeno pove\u0107anje mirovina, prosje\u010dna mirovina u Sjevernoj Makedoniji iznosi 311 eura. Umirovljenici u Bosni i Hercegovini imaju najni\u017ea primanja u regiji &#8211; u prosjeku primaju 294 eura mjese\u010dno. Mirovine su ne\u0161to ve\u0107e u entitetu Federacija BiH nego u Republici Srpskoj&#8221;, zaklju\u010duje <a href=\"https:\/\/balkans.aljazeera.net\/interactives\/2023\/4\/8\/infografika-penzije-u-svijetu-i-regiji\" target=\"_blank\" rel=\"noreferrer noopener\">AJB<\/a>.<\/p><div id=\"mojev-723594253\" class=\"mojev-u-tekstu mojev-entity-placement\" style=\"margin-left: auto;margin-right: auto;text-align: center;\"><div class=\"mojev-adlabel\">oglas<\/div><div style=\"height: 250px;\"><script async src=\"https:\/\/pagead2.googlesyndication.com\/pagead\/js\/adsbygoogle.js?client=ca-pub-8106111766207173\"\r\n     crossorigin=\"anonymous\"><\/script>\r\n<!-- Prikazni 1 u tekstu -->\r\n<ins class=\"adsbygoogle\"\r\n     style=\"display:block\"\r\n     data-ad-client=\"ca-pub-8106111766207173\"\r\n     data-ad-slot=\"8535551207\"\r\n     data-ad-format=\"auto\"\r\n     data-full-width-responsive=\"true\"><\/ins>\r\n<script>\r\n     (adsbygoogle = window.adsbygoogle || []).push({});\r\n<\/script><\/div><\/div><br style=\"clear: both; display: block; float: none;\"\/>\n\n\n\n<p>A \u0161to je s ostatkom Europe? Prosje\u010dna norve\u0161ka mirovina iznosi 1.797 eura, u Nizozemskoj je ona 1.350 eura. U Italiji prosje\u010dan umirovljenik prima 1.097 eura,  a u Irskoj 1.061 euro. U Njema\u010dkoj je sve izra\u017eeniji strah od siroma\u0161tva u starosti, iako je tamo prosje\u010dna mirovina 989 eura. U \u0160panjolskoj umirovljenici prosje\u010dno primaju 900 eura, u Francuskoj 833 eura, a u Velikoj Britaniji je 831 euro. <\/p>\n<div id=\"mojev-517039723\" class=\"mojev-kraj-teksta mojev-entity-placement\" style=\"margin-bottom: 20px;margin-left: auto;margin-right: auto;text-align: center;\"><div class=\"mojev-adlabel\">oglas<\/div><div style=\"height: 250px;\"><script async src=\"https:\/\/pagead2.googlesyndication.com\/pagead\/js\/adsbygoogle.js?client=ca-pub-8106111766207173\"\r\n     crossorigin=\"anonymous\"><\/script>\r\n<!-- Display-1 -->\r\n<ins class=\"adsbygoogle\"\r\n     style=\"display:block\"\r\n     data-ad-client=\"ca-pub-8106111766207173\"\r\n     data-ad-slot=\"1465712950\"\r\n     data-ad-format=\"auto\"\r\n     data-full-width-responsive=\"true\"><\/ins>\r\n<script>\r\n     (adsbygoogle = window.adsbygoogle || []).push({});\r\n<\/script><\/div><\/div>","protected":false},"excerpt":{"rendered":"<p>Brojevi ne la\u017eu. Hrvatski, srbijanski i umirovljenici Bosne i Hercegovine stanu pod jedan nazivnik &#8211; europska sirotinja.  <\/p>\n","protected":false},"author":1,"featured_media":69689,"comment_status":"closed","ping_status":"closed","sticky":false,"template":"","format":"standard","meta":{"footnotes":""},"categories":[9],"tags":[1080,3094,280,18,237,638,236],"class_list":["post-70741","post","type-post","status-publish","format-standard","has-post-thumbnail","hentry","category-vijesti","tag-bosna-i-hercegovina","tag-europa","tag-hrvatska","tag-mirovine","tag-siromastvo","tag-srbija","tag-standard"],"_links":{"self":[{"href":"https:\/\/www.mojevrijeme.hr\/magazin\/wp-json\/wp\/v2\/posts\/70741","targetHints":{"allow":["GET"]}}],"collection":[{"href":"https:\/\/www.mojevrijeme.hr\/magazin\/wp-json\/wp\/v2\/posts"}],"about":[{"href":"https:\/\/www.mojevrijeme.hr\/magazin\/wp-json\/wp\/v2\/types\/post"}],"author":[{"embeddable":true,"href":"https:\/\/www.mojevrijeme.hr\/magazin\/wp-json\/wp\/v2\/users\/1"}],"replies":[{"embeddable":true,"href":"https:\/\/www.mojevrijeme.hr\/magazin\/wp-json\/wp\/v2\/comments?post=70741"}],"version-history":[{"count":0,"href":"https:\/\/www.mojevrijeme.hr\/magazin\/wp-json\/wp\/v2\/posts\/70741\/revisions"}],"wp:featuredmedia":[{"embeddable":true,"href":"https:\/\/www.mojevrijeme.hr\/magazin\/wp-json\/wp\/v2\/media\/69689"}],"wp:attachment":[{"href":"https:\/\/www.mojevrijeme.hr\/magazin\/wp-json\/wp\/v2\/media?parent=70741"}],"wp:term":[{"taxonomy":"category","embeddable":true,"href":"https:\/\/www.mojevrijeme.hr\/magazin\/wp-json\/wp\/v2\/categories?post=70741"},{"taxonomy":"post_tag","embeddable":true,"href":"https:\/\/www.mojevrijeme.hr\/magazin\/wp-json\/wp\/v2\/tags?post=70741"}],"curies":[{"name":"wp","href":"https:\/\/api.w.org\/{rel}","templated":true}]}}