{"id":70887,"date":"2023-04-13T12:58:49","date_gmt":"2023-04-13T10:58:49","guid":{"rendered":"https:\/\/www.mojevrijeme.hr\/magazin\/?p=70887"},"modified":"2023-04-13T13:09:33","modified_gmt":"2023-04-13T11:09:33","slug":"vlada-braniteljima-i-pripadnicima-hvo-a-vraca-10-posto-ali-ne-odmah","status":"publish","type":"post","link":"https:\/\/www.mojevrijeme.hr\/magazin\/2023\/04\/vlada-braniteljima-i-pripadnicima-hvo-a-vraca-10-posto-ali-ne-odmah\/","title":{"rendered":"Vlada braniteljima i pripadnicima HVO-a vra\u0107a 10 posto, ali ne odmah"},"content":{"rendered":"\n<p>Na redovnoj sjednici Vlade RH prihva\u0107ene su izmjene Zakona o smanjenju mirovina ostvarenih prema posebnim propisima, a koje jo\u0161 formalno treba potvrditi Sabor RH. <\/p>\n\n\n\n<p>Prema rije\u010dima premijera<strong> Andreja Plenkovi\u0107a<\/strong>, od 1. srpnja krizni porez se umanjuje na pet posto da bi se od 1. sije\u010dnja 2024. godine u potpunosti prestao obra\u010dunavati. Ove promjene obuhvatit \u0107e vi\u0161e od 96 tisu\u0107a korisnika mirovine, me\u0111u kojima je oko 63 tisu\u0107e hrvatskih branitelja i pripadnika HVO-a.<\/p>\n\n\n\n<p>&#8220;Sada smo, ekonomski i financijski osna\u017eeni. U stanju smo rije\u0161iti ova pitanja koja su ranije vlade donosile u kriznim vremenima&#8221;, poru\u010dio je premijer. Dakako, formalno se ne radi o vra\u0107anju novca kojeg su se branitelji, umirovljeni policajci, vojnici, vatrogasci i drugi korisnici takozvanih povla\u0161tenih mirovina prisilno odrekli kroz krizni porez, no mnogi su zadovoljni i ovakvim scenarijem.<\/p><div id=\"mojev-3837518924\" class=\"mojev-u-tekstu mojev-entity-placement\" style=\"margin-left: auto;margin-right: auto;text-align: center;\"><div class=\"mojev-adlabel\">oglas<\/div><div style=\"height: 250px;\"><script async src=\"https:\/\/pagead2.googlesyndication.com\/pagead\/js\/adsbygoogle.js?client=ca-pub-8106111766207173\"\r\n     crossorigin=\"anonymous\"><\/script>\r\n<!-- Prikazni 1 u tekstu -->\r\n<ins class=\"adsbygoogle\"\r\n     style=\"display:block\"\r\n     data-ad-client=\"ca-pub-8106111766207173\"\r\n     data-ad-slot=\"8535551207\"\r\n     data-ad-format=\"auto\"\r\n     data-full-width-responsive=\"true\"><\/ins>\r\n<script>\r\n     (adsbygoogle = window.adsbygoogle || []).push({});\r\n<\/script><\/div><\/div><br style=\"clear: both; display: block; float: none;\"\/>\n\n\n\n<p>Rije\u010d je o porezu koji je braniteljima i jo\u0161 nekim skupinama umirovljenika po posebnim propisima jo\u0161 2010. godine uvela tada\u0161nja premijerka&nbsp;<strong>Jadranka Kosor<\/strong>&nbsp;i to u slu\u010daju da imaju mirovinu ve\u0107u od &nbsp;3.500 kuna, a \u0161to je dana\u0161nja vrijednost 464,53 eura.<\/p>\n\n\n\n<p><br>&nbsp;<\/p>\n<div id=\"mojev-2612175321\" class=\"mojev-kraj-teksta mojev-entity-placement\" style=\"margin-bottom: 20px;margin-left: auto;margin-right: auto;text-align: center;\"><div class=\"mojev-adlabel\">oglas<\/div><div style=\"height: 250px;\"><script async src=\"https:\/\/pagead2.googlesyndication.com\/pagead\/js\/adsbygoogle.js?client=ca-pub-8106111766207173\"\r\n     crossorigin=\"anonymous\"><\/script>\r\n<!-- Display-1 -->\r\n<ins class=\"adsbygoogle\"\r\n     style=\"display:block\"\r\n     data-ad-client=\"ca-pub-8106111766207173\"\r\n     data-ad-slot=\"1465712950\"\r\n     data-ad-format=\"auto\"\r\n     data-full-width-responsive=\"true\"><\/ins>\r\n<script>\r\n     (adsbygoogle = window.adsbygoogle || []).push({});\r\n<\/script><\/div><\/div>","protected":false},"excerpt":{"rendered":"<p>Rije\u010d je o porezu koji je braniteljima i jo\u0161 nekim skupinama umirovljenika po posebnim propisima jo\u0161 2010. godine uvela tada\u0161nja premijerka Jadranka Kosor.<\/p>\n","protected":false},"author":1,"featured_media":51852,"comment_status":"closed","ping_status":"closed","sticky":false,"template":"","format":"standard","meta":{"footnotes":""},"categories":[9],"tags":[627,1015,3430,18],"class_list":["post-70887","post","type-post","status-publish","format-standard","has-post-thumbnail","hentry","category-vijesti","tag-branitelji","tag-hvo","tag-krizni-porez","tag-mirovine"],"_links":{"self":[{"href":"https:\/\/www.mojevrijeme.hr\/magazin\/wp-json\/wp\/v2\/posts\/70887","targetHints":{"allow":["GET"]}}],"collection":[{"href":"https:\/\/www.mojevrijeme.hr\/magazin\/wp-json\/wp\/v2\/posts"}],"about":[{"href":"https:\/\/www.mojevrijeme.hr\/magazin\/wp-json\/wp\/v2\/types\/post"}],"author":[{"embeddable":true,"href":"https:\/\/www.mojevrijeme.hr\/magazin\/wp-json\/wp\/v2\/users\/1"}],"replies":[{"embeddable":true,"href":"https:\/\/www.mojevrijeme.hr\/magazin\/wp-json\/wp\/v2\/comments?post=70887"}],"version-history":[{"count":0,"href":"https:\/\/www.mojevrijeme.hr\/magazin\/wp-json\/wp\/v2\/posts\/70887\/revisions"}],"wp:featuredmedia":[{"embeddable":true,"href":"https:\/\/www.mojevrijeme.hr\/magazin\/wp-json\/wp\/v2\/media\/51852"}],"wp:attachment":[{"href":"https:\/\/www.mojevrijeme.hr\/magazin\/wp-json\/wp\/v2\/media?parent=70887"}],"wp:term":[{"taxonomy":"category","embeddable":true,"href":"https:\/\/www.mojevrijeme.hr\/magazin\/wp-json\/wp\/v2\/categories?post=70887"},{"taxonomy":"post_tag","embeddable":true,"href":"https:\/\/www.mojevrijeme.hr\/magazin\/wp-json\/wp\/v2\/tags?post=70887"}],"curies":[{"name":"wp","href":"https:\/\/api.w.org\/{rel}","templated":true}]}}