{"id":71026,"date":"2023-04-14T12:39:53","date_gmt":"2023-04-14T10:39:53","guid":{"rendered":"https:\/\/www.mojevrijeme.hr\/magazin\/?p=71026"},"modified":"2023-04-14T12:42:34","modified_gmt":"2023-04-14T10:42:34","slug":"nista-od-strajka-lijecnika","status":"publish","type":"post","link":"https:\/\/www.mojevrijeme.hr\/magazin\/2023\/04\/nista-od-strajka-lijecnika\/","title":{"rendered":"Ni\u0161ta od \u0161trajka lije\u010dnika"},"content":{"rendered":"\n<p>Glavni odbor Hrvatskog lije\u010dni\u010dkog sindikata (HLS) donio je odluku da lije\u010dnici ne\u0107e \u0161trajkati. Posljedica je to sastanka predstavnika sindikata s premijerom <strong>Andrejom Plenkovi\u0107em<\/strong> (HDZ).<\/p>\n\n\n\n<p>Naime, nova uredba o koeficijentima \u0107e stupiti na snagu potkraj travnja. Ona \u0107e lije\u010dnicima donijeti pove\u0107anje pla\u0107a i izjedna\u010davanje koeficijenata specijalista i u\u017eih specijalista, ali i lije\u010dnika u primarnoj zdravstvenoj za\u0161titi s bolni\u010dkima.<\/p>\n\n\n\n<p>&#8220;\u0160to se nas ti\u010de mislim da su sve pretpostavke tu da bilo kakav \u0161trajk lije\u010dnika nije potreban. No to je u kona\u010dnici na tijelima HLS-a, ali mislim da je cijela atmosfera, razumijevanje problema, sadr\u017eaj svih okolnosti i onoga na koji na\u010din radimo kao i mogu re\u0107i konstruktivno ozra\u010dje na sastanku bilo sasvim jasno i o\u010dito&#8221;, poru\u010dio je premijer Plenkovi\u0107 s ju\u010dera\u0161nje redovne sjednice Vlade RH.<\/p><div id=\"mojev-3111460582\" class=\"mojev-u-tekstu mojev-entity-placement\" style=\"margin-left: auto;margin-right: auto;text-align: center;\"><div class=\"mojev-adlabel\">oglas<\/div><div style=\"height: 250px;\"><script async src=\"https:\/\/pagead2.googlesyndication.com\/pagead\/js\/adsbygoogle.js?client=ca-pub-8106111766207173\"\r\n     crossorigin=\"anonymous\"><\/script>\r\n<!-- Prikazni 1 u tekstu -->\r\n<ins class=\"adsbygoogle\"\r\n     style=\"display:block\"\r\n     data-ad-client=\"ca-pub-8106111766207173\"\r\n     data-ad-slot=\"8535551207\"\r\n     data-ad-format=\"auto\"\r\n     data-full-width-responsive=\"true\"><\/ins>\r\n<script>\r\n     (adsbygoogle = window.adsbygoogle || []).push({});\r\n<\/script><\/div><\/div><br style=\"clear: both; display: block; float: none;\"\/>\n\n\n\n<p>&#8220;Prvi korak je napravljen, radi se uredba. O\u010dekujemo da \u0107e biti temeljem dana\u0161njeg sastanka rok ispo\u0161tovati. Idemo dalje, \u010deka nas jo\u0161 puno posla, ima tu jo\u0161 stvari koje treba rije\u0161iti. Ovisno o tome \u0107emo poduzimati i daljnje aktivnosti. Za sada \u0161trajka lije\u010dnika ne\u0107e biti&#8221;, rekla je za Dnevnik HRT-a predsjednica Hrvatskog lije\u010dni\u010dkog sindikata<strong>&nbsp;Renata \u010culinovi\u0107 \u010cai\u0107<\/strong>.<\/p>\n\n\n\n<p>Predsjednica KoHOM-a&nbsp;<strong>Nata\u0161a Ban Toski\u0107&nbsp;<\/strong>naglasila je da su dulje od od 20 godina \u010dekali da se njihov koeficijent na pla\u0107u izjedna\u010di s bolni\u010dkim kolegama. &#8220;U tom smislu, mislim da je ovo doista zna\u010dajan napredak. Ra\u010dunamo da \u0107e to ipak biti u jednoj stimulativnoj mjeri koja \u0107e barem jedan dio kolega zaustaviti odnosno ostaviti u na\u0161oj struci&#8221;, istaknula je Ban Toski\u0107.<\/p>\n<div id=\"mojev-3724797617\" class=\"mojev-kraj-teksta mojev-entity-placement\" style=\"margin-bottom: 20px;margin-left: auto;margin-right: auto;text-align: center;\"><div class=\"mojev-adlabel\">oglas<\/div><div style=\"height: 250px;\"><script async src=\"https:\/\/pagead2.googlesyndication.com\/pagead\/js\/adsbygoogle.js?client=ca-pub-8106111766207173\"\r\n     crossorigin=\"anonymous\"><\/script>\r\n<!-- Display-1 -->\r\n<ins class=\"adsbygoogle\"\r\n     style=\"display:block\"\r\n     data-ad-client=\"ca-pub-8106111766207173\"\r\n     data-ad-slot=\"1465712950\"\r\n     data-ad-format=\"auto\"\r\n     data-full-width-responsive=\"true\"><\/ins>\r\n<script>\r\n     (adsbygoogle = window.adsbygoogle || []).push({});\r\n<\/script><\/div><\/div>","protected":false},"excerpt":{"rendered":"<p>Pregovori s ministrom zdravstva Vilijem Bero\u0161om nisu urodili plodom pa su zato lije\u010dnici pokucali na vrata premijera Plenkovi\u0107a. <\/p>\n","protected":false},"author":1,"featured_media":69922,"comment_status":"closed","ping_status":"closed","sticky":false,"template":"","format":"standard","meta":{"footnotes":""},"categories":[9],"tags":[888,950,1852],"class_list":["post-71026","post","type-post","status-publish","format-standard","has-post-thumbnail","hentry","category-vijesti","tag-andrej-plenkovic","tag-lijecnici","tag-strajk"],"_links":{"self":[{"href":"https:\/\/www.mojevrijeme.hr\/magazin\/wp-json\/wp\/v2\/posts\/71026","targetHints":{"allow":["GET"]}}],"collection":[{"href":"https:\/\/www.mojevrijeme.hr\/magazin\/wp-json\/wp\/v2\/posts"}],"about":[{"href":"https:\/\/www.mojevrijeme.hr\/magazin\/wp-json\/wp\/v2\/types\/post"}],"author":[{"embeddable":true,"href":"https:\/\/www.mojevrijeme.hr\/magazin\/wp-json\/wp\/v2\/users\/1"}],"replies":[{"embeddable":true,"href":"https:\/\/www.mojevrijeme.hr\/magazin\/wp-json\/wp\/v2\/comments?post=71026"}],"version-history":[{"count":0,"href":"https:\/\/www.mojevrijeme.hr\/magazin\/wp-json\/wp\/v2\/posts\/71026\/revisions"}],"wp:featuredmedia":[{"embeddable":true,"href":"https:\/\/www.mojevrijeme.hr\/magazin\/wp-json\/wp\/v2\/media\/69922"}],"wp:attachment":[{"href":"https:\/\/www.mojevrijeme.hr\/magazin\/wp-json\/wp\/v2\/media?parent=71026"}],"wp:term":[{"taxonomy":"category","embeddable":true,"href":"https:\/\/www.mojevrijeme.hr\/magazin\/wp-json\/wp\/v2\/categories?post=71026"},{"taxonomy":"post_tag","embeddable":true,"href":"https:\/\/www.mojevrijeme.hr\/magazin\/wp-json\/wp\/v2\/tags?post=71026"}],"curies":[{"name":"wp","href":"https:\/\/api.w.org\/{rel}","templated":true}]}}