{"id":71057,"date":"2023-04-14T17:04:58","date_gmt":"2023-04-14T15:04:58","guid":{"rendered":"https:\/\/www.mojevrijeme.hr\/magazin\/?p=71057"},"modified":"2023-04-14T17:15:34","modified_gmt":"2023-04-14T15:15:34","slug":"13-mirovina-do-bozica-petrovic-mogucnost-je-prihvacena-bilo-bi-to-izvrsno","status":"publish","type":"post","link":"https:\/\/www.mojevrijeme.hr\/magazin\/2023\/04\/13-mirovina-do-bozica-petrovic-mogucnost-je-prihvacena-bilo-bi-to-izvrsno\/","title":{"rendered":"13. mirovina do Bo\u017ei\u0107a? Petrovi\u0107: Mogu\u0107nost je prihva\u0107ena, bilo bi to izvrsno!"},"content":{"rendered":"\n<p>&#8220;<a href=\"https:\/\/www.mojevrijeme.hr\/magazin\/2023\/04\/hrvatska-uvodi-13-mirovinu-ima-nade-evo-koliko-umirovljenici-dobivaju-u-drugim-drzavama\/\" data-type=\"post\" data-id=\"69751\">Vjerovali ili ne \u2013 ovaj put ima nade!&#8221;<\/a> Tim je optimisti\u010dnim rije\u010dima&nbsp;<strong>Jasna Petrovi\u0107<\/strong>, predsjednica Sindikata umirovljenika Hrvatske (SUH), zaklju\u010dila tekst na sindikalnom umirovljeni\u010dkom portalu u kojemu je nedavno svoje \u010dlanstvo obavijestila o izgledima za uvo\u0111enje instituta na kojemu SUH radi jo\u0161 od 2008. godine \u2013 13. mirovine kao sustavnog rje\u0161enja za sve umirovljenike koje bi bilo i zakonski regulirano.<\/p>\n\n\n\n<p>&#8220;Nadamo se da idemo prema dogovoru. Radne skupine koje rade na analizi stanja mirovinskog sustava i dono\u0161enju mjera za njegovo unaprje\u0111enje trebale bi definirati, nadamo se do kraja godine, i mogu\u0107nost uvo\u0111enja ovog rje\u0161enja. Bilo bi izvrsno kada bismo do Bo\u017ei\u0107a imali rije\u0161eno pitanje uvo\u0111enja trinaeste mirovine za sve umirovljenike u Hrvatskoj, zar ne?&#8221; kazala je Petrovi\u0107 za <a href=\"https:\/\/zadarski.slobodnadalmacija.hr\/zadar\/forum\/ovo-je-najbolja-vijest-za-umirovljenike-u-povijesti-13-mirovina-i-nije-slucajno-da-se-sve-to-dogada-u-izbornoj-godini-1281292\" target=\"_blank\" rel=\"noreferrer noopener\">Zadarski<\/a>.<\/p>\n\n\n\n<p>Za umirovljeni\u010dke je udruge dobar znak da je trinaesta mirovina pred vratima i u tome \u0161to su na sjednicu Nacionalnog vije\u0107a predstavnici Ministarstva rada kona\u010dno do\u0161li s prezentacijom koja daje uvid u praksu isplate 13. mirovine u europskim zemljama &#8220;te se prihvatilo ideju uvo\u0111enja trinaeste mirovine kao kvalitetnu mogu\u0107nost za postizanje adekvatnijih mirovina u Hrvatskoj&#8221;, navodi Zadarski i napominje da Ministarstvo mirovinskog sustava, na njihovo pitanje, nije potvrdilo, ali ni odbacilo ovakvu mogu\u0107nost.<\/p><div id=\"mojev-3292798480\" class=\"mojev-u-tekstu mojev-entity-placement\" style=\"margin-left: auto;margin-right: auto;text-align: center;\"><div class=\"mojev-adlabel\">oglas<\/div><div style=\"height: 250px;\"><script async src=\"https:\/\/pagead2.googlesyndication.com\/pagead\/js\/adsbygoogle.js?client=ca-pub-8106111766207173\"\r\n     crossorigin=\"anonymous\"><\/script>\r\n<!-- Prikazni 1 u tekstu -->\r\n<ins class=\"adsbygoogle\"\r\n     style=\"display:block\"\r\n     data-ad-client=\"ca-pub-8106111766207173\"\r\n     data-ad-slot=\"8535551207\"\r\n     data-ad-format=\"auto\"\r\n     data-full-width-responsive=\"true\"><\/ins>\r\n<script>\r\n     (adsbygoogle = window.adsbygoogle || []).push({});\r\n<\/script><\/div><\/div><br style=\"clear: both; display: block; float: none;\"\/>\n\n\n\n<h3 class=\"wp-block-heading\">Kako to izgleda u drugim dr\u017eavama?<\/h3>\n\n\n\n<p>Brojne su zemlje koje su tradicionalno uvele &#8220;prekobrojnu&#8221; mirovinu, a tu je primjerice i Belgija koja je ispla\u0107uje u svibnju i to u istom iznosu kao u tom mjesecu, dok se u Cipru ispla\u0107uje u prosincu. U Danskoj je 13. mirovina tako\u0111er propisana zakonom i ispla\u0107uje se svake godine u sije\u010dnju i to u iznosu od 2.363,69 eura, a godi\u0161nje se uskla\u0111uje te prati rast cijena (naziv joj je &#8220;\u010dek za starije osobe&#8221;), izvijestio je SUH.<\/p>\n\n\n\n<p>I u Italiji je 13. mirovina svojevrsna bo\u017ei\u0107nica, jer se ispla\u0107uje svakog prosinca, a zakonom je propisana i njezina godi\u0161nja indeksacija. I u malom Lihten\u0161tajnu se zakonski jam\u010di isplata takve dodatne mirovine u prosincu, kao i u Luksemburgu, gdje je ekvivalentna 22 eura za svaku navr\u0161enu ili zapo\u010detu godinu osiguranja, te je za 40-godi\u0161nji sta\u017e limitirana na 880,56 eura. Ipak, bo\u017ei\u0107ni je stol bitno bogatiji!<\/p>\n\n\n\n<p>Ma\u0111ari su odavno imali 13. mirovinu, no godinama je bila ukinuta, da bi ju Orbanova vlada vratila ove godine i ispla\u0107uje se u visini mirovine u sije\u010dnju, te se indeksira prema rastu potro\u0161a\u010dkih cijena. I Malta ima trinaestu mirovinu i svake se godine uskla\u0111uje, dok je Poljska ispla\u0107uje u travnju kao &#8220;dodatnu godi\u0161nju nov\u010danu naknadu&#8221;, koja je po iznosu jednaka najni\u017eoj starosnoj mirovini, obrazla\u017ee <a rel=\"noreferrer noopener\" href=\"http:\/\/suh.hr\" target=\"_blank\">Sindikat umirovljenika<\/a>.<\/p>\n\n\n\n<figure class=\"wp-block-image size-large\"><img loading=\"lazy\" decoding=\"async\" width=\"740\" height=\"444\" src=\"https:\/\/www.mojevrijeme.hr\/magazin\/wp-content\/uploads\/2019\/09\/jasna-petrovic-2-2000x1200-740x444.jpg\" alt=\"\" class=\"wp-image-30430\" srcset=\"https:\/\/www.mojevrijeme.hr\/magazin\/wp-content\/uploads\/2019\/09\/jasna-petrovic-2-2000x1200-740x444.jpg 740w, https:\/\/www.mojevrijeme.hr\/magazin\/wp-content\/uploads\/2019\/09\/jasna-petrovic-2-2000x1200-636x382.jpg 636w, https:\/\/www.mojevrijeme.hr\/magazin\/wp-content\/uploads\/2019\/09\/jasna-petrovic-2-2000x1200-768x461.jpg 768w, https:\/\/www.mojevrijeme.hr\/magazin\/wp-content\/uploads\/2019\/09\/jasna-petrovic-2-2000x1200-1536x922.jpg 1536w, https:\/\/www.mojevrijeme.hr\/magazin\/wp-content\/uploads\/2019\/09\/jasna-petrovic-2-2000x1200-1500x900.jpg 1500w, https:\/\/www.mojevrijeme.hr\/magazin\/wp-content\/uploads\/2019\/09\/jasna-petrovic-2-2000x1200-1600x960.jpg 1600w, https:\/\/www.mojevrijeme.hr\/magazin\/wp-content\/uploads\/2019\/09\/jasna-petrovic-2-2000x1200-590x354.jpg 590w, https:\/\/www.mojevrijeme.hr\/magazin\/wp-content\/uploads\/2019\/09\/jasna-petrovic-2-2000x1200-400x240.jpg 400w, https:\/\/www.mojevrijeme.hr\/magazin\/wp-content\/uploads\/2019\/09\/jasna-petrovic-2-2000x1200-1000x600.jpg 1000w, https:\/\/www.mojevrijeme.hr\/magazin\/wp-content\/uploads\/2019\/09\/jasna-petrovic-2-2000x1200-820x492.jpg 820w, https:\/\/www.mojevrijeme.hr\/magazin\/wp-content\/uploads\/2019\/09\/jasna-petrovic-2-2000x1200.jpg 2000w\" sizes=\"auto, (max-width: 740px) 100vw, 740px\" \/><figcaption class=\"wp-element-caption\">Jasna Petrovi\u0107: To bi bilo izvrsno! (foto: Sandro Bura)<\/figcaption><\/figure>\n\n\n\n<p>Portugal prakti\u010dki ima 14 godi\u0161njih mirovina, od kojih se tzv. bo\u017ei\u0107nica i regres za odmor ispla\u0107uju u prosincu i srpnju u iznosu redovite osobne mjese\u010dne mirovine. Iako Rumunjska nema zakonom predvi\u0111enu 13. mirovinu, poput Hrvatske su ispla\u0107ivali jednokratnu nov\u010danu pomo\u0107 u vi\u0161e navrata za ugro\u017eene umirovljenike. Slova\u010dka, pak, izra\u010dunava dodatnu mirovinu koja se ispla\u0107uje u studenome prema posebnoj formuli, tako da oni s niskom mirovinom dobiju i po 300 eura.<\/p>\n\n\n\n<p>U Sloveniji se &#8220;godi\u0161nji dodatak&#8221; ispla\u0107uje sa srpanjskom mirovinom, i to ovisno o visini mirovine u pet razreda, jer se vodi ra\u010duna o solidarnosti i socijalnoj situaciji korisnika mirovine. Tako \u0107e 2023. godine oni s mirovinama do 600 eura dobiti 455 eura, a oni s mirovinama vi\u0161im od 1.020 eura \u2013 145 eura. To je vi\u0161e kao svojevrsni regres za odmor. U \u0160panjolskoj je umirovljenicima \u017elica upala u med, jer dobivaju \u010dak 14 mirovina godi\u0161nje, i to posebne isplate u lipnju i studenome, za odmor i bo\u017ei\u0107ni stol. Iznos bonusa je jednak iznosu mjese\u010dne mirovine, a redovito se indeksira prema rastu potro\u0161a\u010dkih cijena.<\/p>\n\n\n\n<p>U Norve\u0161koj se to druk\u010dije rje\u0161ava, te se naprosto isplata za prosinac ne oporezuje, \u0161to posljedi\u010dno pove\u0107ava mirovinu. Zanimljivo je kako Njema\u010dka, u mnogo\u010demu smatrana eldoradom za umirovljenike, nema trinaestu mirovinu, kao niti Nizozemska i Francuska.<\/p>\n<div id=\"mojev-531806743\" class=\"mojev-kraj-teksta mojev-entity-placement\" style=\"margin-bottom: 20px;margin-left: auto;margin-right: auto;text-align: center;\"><div class=\"mojev-adlabel\">oglas<\/div><div style=\"height: 250px;\"><script async src=\"https:\/\/pagead2.googlesyndication.com\/pagead\/js\/adsbygoogle.js?client=ca-pub-8106111766207173\"\r\n     crossorigin=\"anonymous\"><\/script>\r\n<!-- Display-1 -->\r\n<ins class=\"adsbygoogle\"\r\n     style=\"display:block\"\r\n     data-ad-client=\"ca-pub-8106111766207173\"\r\n     data-ad-slot=\"1465712950\"\r\n     data-ad-format=\"auto\"\r\n     data-full-width-responsive=\"true\"><\/ins>\r\n<script>\r\n     (adsbygoogle = window.adsbygoogle || []).push({});\r\n<\/script><\/div><\/div>","protected":false},"excerpt":{"rendered":"<p>Najistaknutija umirovljeni\u010dka aktivistica Jasna A. Petrovi\u0107 poru\u010duje da su signali dobri te da bi relativno brzo trebali znati u kojem se smjeru pri\u010da kre\u0107e.<\/p>\n","protected":false},"author":1,"featured_media":71059,"comment_status":"closed","ping_status":"closed","sticky":false,"template":"","format":"standard","meta":{"footnotes":""},"categories":[9],"tags":[3398,684,18,167],"class_list":["post-71057","post","type-post","status-publish","format-standard","has-post-thumbnail","hentry","category-vijesti","tag-13-mirovina","tag-jasna-petrovic","tag-mirovine","tag-sindikat-umirovljenika"],"_links":{"self":[{"href":"https:\/\/www.mojevrijeme.hr\/magazin\/wp-json\/wp\/v2\/posts\/71057","targetHints":{"allow":["GET"]}}],"collection":[{"href":"https:\/\/www.mojevrijeme.hr\/magazin\/wp-json\/wp\/v2\/posts"}],"about":[{"href":"https:\/\/www.mojevrijeme.hr\/magazin\/wp-json\/wp\/v2\/types\/post"}],"author":[{"embeddable":true,"href":"https:\/\/www.mojevrijeme.hr\/magazin\/wp-json\/wp\/v2\/users\/1"}],"replies":[{"embeddable":true,"href":"https:\/\/www.mojevrijeme.hr\/magazin\/wp-json\/wp\/v2\/comments?post=71057"}],"version-history":[{"count":0,"href":"https:\/\/www.mojevrijeme.hr\/magazin\/wp-json\/wp\/v2\/posts\/71057\/revisions"}],"wp:featuredmedia":[{"embeddable":true,"href":"https:\/\/www.mojevrijeme.hr\/magazin\/wp-json\/wp\/v2\/media\/71059"}],"wp:attachment":[{"href":"https:\/\/www.mojevrijeme.hr\/magazin\/wp-json\/wp\/v2\/media?parent=71057"}],"wp:term":[{"taxonomy":"category","embeddable":true,"href":"https:\/\/www.mojevrijeme.hr\/magazin\/wp-json\/wp\/v2\/categories?post=71057"},{"taxonomy":"post_tag","embeddable":true,"href":"https:\/\/www.mojevrijeme.hr\/magazin\/wp-json\/wp\/v2\/tags?post=71057"}],"curies":[{"name":"wp","href":"https:\/\/api.w.org\/{rel}","templated":true}]}}