{"id":71110,"date":"2023-07-30T19:20:43","date_gmt":"2023-07-30T17:20:43","guid":{"rendered":"https:\/\/www.mojevrijeme.hr\/magazin\/?p=71110"},"modified":"2023-07-30T19:20:47","modified_gmt":"2023-07-30T17:20:47","slug":"majcinski-dodatak-mogu-ostvariti-i-stare-umirovljenice-ovo-je-postupak","status":"publish","type":"post","link":"https:\/\/www.mojevrijeme.hr\/magazin\/2023\/07\/majcinski-dodatak-mogu-ostvariti-i-stare-umirovljenice-ovo-je-postupak\/","title":{"rendered":"I &#8216;stare&#8217; umirovljenice mogu dobiti maj\u010dinski dodatak, ovo je postupak"},"content":{"rendered":"\n<p>Mirovinskom reformom iz 2019. godine omogu\u0107ena je &#8220;demografska mjera&#8221; od pripisivanja \u0161est mjeseci dodatnog sta\u017ea po ro\u0111enom ili posvojenom djetetu, \u0161to u kona\u010dnici utje\u010de i na visinu mirovine. Konkretno, za svako dijete &#8211; umirovljenoj majci mirovina bi trebala biti oko dva posto ve\u0107a. <\/p>\n\n\n\n<p>No u samoj izvedbi u\u010dinjena je stra\u0161na nepravda starijim umirovljenicama jer ovo se pravo ne priznaje svim majkama nego samo onima koje su u mirovinu oti\u0161le u 2019. godini i kasnije.<\/p>\n\n\n\n<p>S pravom se umirovljenice umirovljene prije 2019. godine osje\u0107aju diskriminirano pa pitaju za\u0161to se ta nepravda ne ispravi, a s tom temom bave se i umirovljeni\u010dke udruge. Kako nam je sugerirala jedna na\u0161a \u010ditateljica, postoji na\u010din da i te majke ostvare takozvani maj\u010dinski dodatak, no put do njega nije nimalo lak, \u0161to smo i sami provjerili u Hrvatskom zavodu za mirovinsko osiguranje (HZMO).<\/p><div id=\"mojev-3730211454\" class=\"mojev-u-tekstu mojev-entity-placement\" style=\"margin-left: auto;margin-right: auto;text-align: center;\"><div class=\"mojev-adlabel\">oglas<\/div><div style=\"height: 250px;\"><script async src=\"https:\/\/pagead2.googlesyndication.com\/pagead\/js\/adsbygoogle.js?client=ca-pub-8106111766207173\"\r\n     crossorigin=\"anonymous\"><\/script>\r\n<!-- Prikazni 1 u tekstu -->\r\n<ins class=\"adsbygoogle\"\r\n     style=\"display:block\"\r\n     data-ad-client=\"ca-pub-8106111766207173\"\r\n     data-ad-slot=\"8535551207\"\r\n     data-ad-format=\"auto\"\r\n     data-full-width-responsive=\"true\"><\/ins>\r\n<script>\r\n     (adsbygoogle = window.adsbygoogle || []).push({});\r\n<\/script><\/div><\/div><br style=\"clear: both; display: block; float: none;\"\/>\n\n\n\n<p>Naime, \u017eene koje su se umirovile prije 1. 1. 2019. godine, a u me\u0111uvremenu su se zaposlile i ostvarile 12 mjeseci novog sta\u017ea osiguranja, mogu zatra\u017eiti novi izra\u010dun mirovine. U tom novom izra\u010dunu \u0107e im se priznati i dodatni sta\u017e od \u0161est mjeseci za svako ro\u0111eno ili posvojeno dijete, ako su koristile prete\u017eni dio rodiljnog dopusta.<\/p>\n\n\n\n<h3 class=\"wp-block-heading\">Opet diskriminacija!<\/h3>\n\n\n\n<p>Dakako da ovakvo &#8220;rje\u0161enje&#8221; ne dokida, ve\u0107 otvora nove razine diskriminacije \u017eena koje se zapravo dijele na one koje su umirovljene 2019. godine i kasnije, na one koje su umirovljene ranije ali su radile nakon toga te na one koje su umirovljene ranije ali nisu u mogu\u0107nosti raditi &#8211; iz bilo kojeg razloga.<\/p>\n\n\n\n<p>Jedino po\u0161teno rje\u0161enje bilo bi pokrenuti ponovni izra\u010dun mirovina za sve umirovljenice umirovljene prije 2019. godine, a koje imaju djecu. No to je velik posao za koji Vlada RH i HZMO, \u010dini se, u ovom trenutku nisu spremni.<\/p>\n\n\n\n<p>U nastavku donosimo cjelovit odgovor HZMO-a na na\u0161e pitanje.<\/p>\n\n\n\n<div id=\"sivo\"><\/p>\n\n\n\n<p>Dodani sta\u017e institut je uveden Zakonom o izmjenama i dopunama Zakona o mirovinskom osiguranju (Narodne novine, broj 115\/18 \u2013 ZID ZOMO) i primjenjuje se od 1. sije\u010dnja 2019. Dodani sta\u017e dodaje se, kako je zakonom propisano, stvarno ostvarenom mirovinskom sta\u017eu roditelju \u2013 majci ili posvojiteljici za odre\u0111ivanje visine mirovine u trajanju od \u0161est mjeseci za svako ro\u0111eno ili posvojeno dijete.<\/p>\n\n\n\n<p>Roditelju \u2013 majci ili posvojiteljci kojoj se u obveznom mirovinskom osiguranju generacijske solidarnosti mirovina odre\u0111uje kao osnovna mirovina, razdoblje od \u0161est mjeseci za svako ro\u0111eno ili posvojeno dijete dodaje se na dio mirovine koji pripada za mirovinski sta\u017e ostvaren prije odnosno nakon uvo\u0111enja obveznog mirovinskog osiguranja individualne kapitalizirane \u0161tednje, ovisno o tome u kojem je razdoblju navr\u0161en prete\u017eit sta\u017e.<\/p>\n\n\n\n<p>Kao \u0161to je navedeno, dodani sta\u017e dodaje se stvarno ostvarenom mirovinskom sta\u017eu, ali samo za odre\u0111ivanje visine mirovine, a ne i za ispunjenje uvjeta za stjecanje prava na mirovinu, \u0161to zna\u010di da osiguranik mora, da bi stekao pravo na mirovinu, ostvariti zakonom propisan mirovinski sta\u017e, u koji ne ulazi dodani sta\u017e.<\/p>\n\n\n\n<p>Dodani sta\u017e dodaje se roditelju \u2013 majci ili posvojiteljici. Iznimno, umjesto roditelju \u2013 majci ili posvojiteljici dodani sta\u017e mo\u017ee se dodati roditelju \u2013 ocu ili posvojitelju. To su slu\u010dajevi kada je otac ili posvojitelj djeteta koristio prete\u017eni dio dodatnog rodiljnog dopusta prema propisima kojima su ure\u0111ene rodiljne i roditeljske potpore, a to je razdoblje nakon 70. dana od dana ro\u0111enja djeteta (zna\u010di nakon proteka obveznog rodiljnog dopusta) do navr\u0161enih 6 mjeseci djetetova \u017eivota.<\/p>\n\n\n\n<p>HZMO je u skladu s odredbama ZID ZOMO-a s danom stupanja na snagu toga zakona za izra\u010dun mirovine korisnicima po\u010deto ra\u010dunati dodani sta\u017e. Nakon stupanja na snagu ZOMO-a, svim ranijim korisnicima mirovina kojima se nakon 1. sije\u010dnja 2019. odre\u0111ivala mirovina na temelju najmanje jedne godine sta\u017ea ostvarenog nakon umirovljenja, u ukupan mirovinski sta\u017e za odre\u0111ivanje mirovine uzima se i dodani sta\u017e iz \u010dlanka 32. a ZOMO-a, ali isto kako je navedeno, samo za izra\u010dun visine mirovine, a ne za uvjete za stjecanje prava na mirovinu.<\/p>\n\n\n\n<p>Postupak za novo odre\u0111ivanje mirovine pokre\u0107e se na zahtjev korisnika mirovine po prestanku zaposlenja (nakon ostvarenih najmanje 12 mjeseci novog sta\u017ea), a uz zahtjev je potrebno prilo\u017eiti rodne listove djece.<\/p>\n\n\n\n<p><\/div>\n<div id=\"mojev-4111296388\" class=\"mojev-kraj-teksta mojev-entity-placement\" style=\"margin-bottom: 20px;margin-left: auto;margin-right: auto;text-align: center;\"><div class=\"mojev-adlabel\">oglas<\/div><div style=\"height: 250px;\"><script async src=\"https:\/\/pagead2.googlesyndication.com\/pagead\/js\/adsbygoogle.js?client=ca-pub-8106111766207173\"\r\n     crossorigin=\"anonymous\"><\/script>\r\n<!-- Display-1 -->\r\n<ins class=\"adsbygoogle\"\r\n     style=\"display:block\"\r\n     data-ad-client=\"ca-pub-8106111766207173\"\r\n     data-ad-slot=\"1465712950\"\r\n     data-ad-format=\"auto\"\r\n     data-full-width-responsive=\"true\"><\/ins>\r\n<script>\r\n     (adsbygoogle = window.adsbygoogle || []).push({});\r\n<\/script><\/div><\/div>","protected":false},"excerpt":{"rendered":"<p>S pravom se umirovljenice umirovljene prije 2019. godine osje\u0107aju diskriminirano pa pitaju za\u0161to se ta nepravda oko maj\u010dinskog dodatka ne ispravi, a s tom temom bave se i umirovljeni\u010dke udruge. <\/p>\n","protected":false},"author":1,"featured_media":71118,"comment_status":"closed","ping_status":"closed","sticky":false,"template":"","format":"standard","meta":{"footnotes":""},"categories":[9],"tags":[476,563,1964,18],"class_list":["post-71110","post","type-post","status-publish","format-standard","has-post-thumbnail","hentry","category-vijesti","tag-diskriminacija","tag-hzmo","tag-majcinska-mirovina","tag-mirovine"],"_links":{"self":[{"href":"https:\/\/www.mojevrijeme.hr\/magazin\/wp-json\/wp\/v2\/posts\/71110","targetHints":{"allow":["GET"]}}],"collection":[{"href":"https:\/\/www.mojevrijeme.hr\/magazin\/wp-json\/wp\/v2\/posts"}],"about":[{"href":"https:\/\/www.mojevrijeme.hr\/magazin\/wp-json\/wp\/v2\/types\/post"}],"author":[{"embeddable":true,"href":"https:\/\/www.mojevrijeme.hr\/magazin\/wp-json\/wp\/v2\/users\/1"}],"replies":[{"embeddable":true,"href":"https:\/\/www.mojevrijeme.hr\/magazin\/wp-json\/wp\/v2\/comments?post=71110"}],"version-history":[{"count":0,"href":"https:\/\/www.mojevrijeme.hr\/magazin\/wp-json\/wp\/v2\/posts\/71110\/revisions"}],"wp:featuredmedia":[{"embeddable":true,"href":"https:\/\/www.mojevrijeme.hr\/magazin\/wp-json\/wp\/v2\/media\/71118"}],"wp:attachment":[{"href":"https:\/\/www.mojevrijeme.hr\/magazin\/wp-json\/wp\/v2\/media?parent=71110"}],"wp:term":[{"taxonomy":"category","embeddable":true,"href":"https:\/\/www.mojevrijeme.hr\/magazin\/wp-json\/wp\/v2\/categories?post=71110"},{"taxonomy":"post_tag","embeddable":true,"href":"https:\/\/www.mojevrijeme.hr\/magazin\/wp-json\/wp\/v2\/tags?post=71110"}],"curies":[{"name":"wp","href":"https:\/\/api.w.org\/{rel}","templated":true}]}}