{"id":71136,"date":"2023-04-15T11:16:38","date_gmt":"2023-04-15T09:16:38","guid":{"rendered":"https:\/\/www.mojevrijeme.hr\/magazin\/?p=71136"},"modified":"2023-04-15T13:40:24","modified_gmt":"2023-04-15T11:40:24","slug":"bozanic-danas-odlazi-papa-franjo-je-prihvatio-njegovo-odreknuce","status":"publish","type":"post","link":"https:\/\/www.mojevrijeme.hr\/magazin\/2023\/04\/bozanic-danas-odlazi-papa-franjo-je-prihvatio-njegovo-odreknuce\/","title":{"rendered":"Bozani\u0107 vi\u0161e nije nadbiskup, Franjo je prihvatio njegovo odreknu\u0107e"},"content":{"rendered":"\n<p>&#8220;Apostolska nuncijatura u Hrvatskoj ima \u010dast obavijestiti da je Sveti Otac prihvatio odreknu\u0107e nadbiskupa kardinala <strong>Josipa Bozani\u0107a<\/strong> od pastoralnoga upravljanja Zagreba\u010dkom nadbiskupijom. Naslijedit \u0107e ga Mons. <strong>Dra\u017een Kutle\u0161a<\/strong>, dosada\u0161nji nadbiskup kadjutor iste nadbiskupije&#8221;, priop\u0107ila je Apostolska nuncijatura. Zna\u010di li to da \u0107e ve\u0107 danas zapovjedni\u0161tvo nad hrvatskim sve\u0107enstvom preuzeti Kutle\u0161a, objasnio je Bozani\u0107 u priop\u0107enju.<\/p>\n\n\n\n<h3 class=\"wp-block-heading\">\u0160to ka\u017ee Bozani\u0107?<\/h3>\n\n\n\n<p>&#8220;Na dan imenovanja mons. Dra\u017eena Kutle\u0161e za nadbiskupa koadjutora zagreba\u010dkog, 14. velja\u010de 2023. godine, rekao sam:&nbsp;Zbog svoga naru\u0161enog zdravlja, jako \u017eelim da novi nadbiskup, koji nam je sada dan kao koadjutor, \u0161to prije preuzme potpunu odgovornost za svetu Crkvu zagreba\u010dku. Imaju\u0107i to u vidu kao i nove okolnosti u Crkvi u Hrvatskoj usred kojih je predsjednik HBK nadbiskup koadjutor, smatrao sam \u010dinom ljubavi prema Crkvi zamoliti Svetog Oca da \u0161to prije prihvati moje odreknu\u0107e\u201d, komentar je  Josipa Bozani\u0107a odaslan preko Tiskovnog ureda Zagreba\u010dke nadbiskupije.<\/p>\n\n\n\n<p>\u201cStoga zahvaljujem papi&nbsp;<strong>Franji<\/strong>&nbsp;\u0161to je u smislu mog prijedloga danas prihvatio moje odreknu\u0107e od slu\u017ebe nadbiskupa metropolita zagreba\u010dkog i time je, snagom Papinog dekreta, mons. Kutle\u0161a postao zagreba\u010dki nadbiskup. On je sada 77. zagreba\u010dki biskup, odnosno 9. nadbiskup metropolit zagreba\u010dki. Drevna Crkva zagreba\u010dka, obdarena \u010dudesnim djelovanjem Bo\u017ejega Duha sada na podlozi sinodskoga hoda i objavljenih Izjava i odluka Druge sinode Zagreba\u010dke nadbiskupije, zapo\u010dinje jedno novo razdoblje \u0161to, kako je to redovito bivalo i u pro\u0161losti, ostavlja svoj trag ne samo na crkvenom nego i dru\u0161tvenom podru\u010dju\u201d, stoji u priop\u0107enju.<\/p><div id=\"mojev-994010965\" class=\"mojev-u-tekstu mojev-entity-placement\" style=\"margin-left: auto;margin-right: auto;text-align: center;\"><div class=\"mojev-adlabel\">oglas<\/div><div style=\"height: 250px;\"><script async src=\"https:\/\/pagead2.googlesyndication.com\/pagead\/js\/adsbygoogle.js?client=ca-pub-8106111766207173\"\r\n     crossorigin=\"anonymous\"><\/script>\r\n<!-- Prikazni 1 u tekstu -->\r\n<ins class=\"adsbygoogle\"\r\n     style=\"display:block\"\r\n     data-ad-client=\"ca-pub-8106111766207173\"\r\n     data-ad-slot=\"8535551207\"\r\n     data-ad-format=\"auto\"\r\n     data-full-width-responsive=\"true\"><\/ins>\r\n<script>\r\n     (adsbygoogle = window.adsbygoogle || []).push({});\r\n<\/script><\/div><\/div><br style=\"clear: both; display: block; float: none;\"\/>\n\n\n\n<p>&#8220;Ujedno, ovime obavje\u0161tavam da \u0107e liturgijski po\u010detak slu\u017ebe zagreba\u010dkoga nadbiskupa mons. Dra\u017eena Kutle\u0161e biti u Bogoslu\u017enom prostoru bl. Alojzija Stepinca u Zagrebu, u subotu 29. travnja 2023. godine s po\u010detkom u 10 sati\u201d, napisao je Bozani\u0107 uz \u010destitke Kutle\u0161i i napomenu da &#8220;od sada treba u euharistijskoj molitvi spomenuti ime novoga nadbiskupa.&#8221;<\/p>\n\n\n\n<h3 class=\"wp-block-heading\">Tko je Dra\u017een Kutle\u0161a?<\/h3>\n\n\n\n<p>Podsjetimo, Splitsko-makarski nadbiskup i predsjednik Hrvatske biskupske konferencije (HBK) Dra\u017een Kutle\u0161a imenovan je u velja\u010di za nadbiskupa&nbsp;koadjutora&nbsp;Zagreba\u010dke nadbiskupije i time za nasljednika kardinala Josipa Bozani\u0107a. U crkvenim redovima va\u017ei za \u010dovjeka odanog papi Franji i njegovoj doktrini. Na Kaptolu je izazvao nemir, budu\u0107i da se, prema navodima medija, dio doma\u0107eg sve\u0107enstva pobunio zbog dovo\u0111enja koadjutora iz provincije. <\/p>\n\n\n\n<p>Bozani\u0107 \u0107e idu\u0107e godine (20. o\u017eujka) navr\u0161iti 75 godina i to je dob u kojoj treba poslati papi molbu za odreknu\u0107em od slu\u017ebe. No s molbom je uranio godinu dana, odmah nakon \u0161to mu je Franjo odredio nasljednika. <\/p>\n\n\n\n<p>Bozani\u0107a je Papa Ivan Pavao II. objavio 5. srpnja 1997. godine kao novog zagreba\u010dkog nadbiskupa, \u0161to je iznenadilo i politiku i javnost u tada\u0161njoj Hrvatskoj. Papin blagoslov za novoga zagreba\u010dkog nadbiskupa zatekao ga je na mjestu predsjednika Nadzornog odbora Vije\u0107a hrvatskog Caritasa, \u010dlana Hrvatske biskupske konferencije i predsjednika Odbora za obilje\u017eavanje Nove&nbsp;2000.&nbsp;godine. Sudjelovao je i u sastavljanju takozvanih Vatikanskih ugovora kojima je definirano dr\u017eavno financiranje Crkve u Hrvatskoj. O njima i danas traje polemika te ih dio gra\u0111ana, razli\u010ditim inicijativama, poku\u0161ava razvrgnuti.<\/p>\n\n\n\n<p><a target=\"_blank\" href=\"https:\/\/www.facebook.com\/sharer.php?u=https%3A%2F%2Fwww.jutarnji.hr%2Fvijesti%2Fhrvatska%2Fiznenadujuca-vijest-s-kaptola-kardinal-bozanic-odlazi-odmah-kutlesa-od-danas-novi-nadbiskup-15325918\" rel=\"noreferrer noopener\"><\/a><\/p>\n<div id=\"mojev-2797300749\" class=\"mojev-kraj-teksta mojev-entity-placement\" style=\"margin-bottom: 20px;margin-left: auto;margin-right: auto;text-align: center;\"><div class=\"mojev-adlabel\">oglas<\/div><div style=\"height: 250px;\"><script async src=\"https:\/\/pagead2.googlesyndication.com\/pagead\/js\/adsbygoogle.js?client=ca-pub-8106111766207173\"\r\n     crossorigin=\"anonymous\"><\/script>\r\n<!-- Display-1 -->\r\n<ins class=\"adsbygoogle\"\r\n     style=\"display:block\"\r\n     data-ad-client=\"ca-pub-8106111766207173\"\r\n     data-ad-slot=\"1465712950\"\r\n     data-ad-format=\"auto\"\r\n     data-full-width-responsive=\"true\"><\/ins>\r\n<script>\r\n     (adsbygoogle = window.adsbygoogle || []).push({});\r\n<\/script><\/div><\/div>","protected":false},"excerpt":{"rendered":"<p>Bozani\u0107 \u0107e idu\u0107e godine (20. o\u017eujka) navr\u0161iti 75 godina i to je dob u kojoj treba poslati Papi molbu za odreknu\u0107em od slu\u017ebe. No s molbom je uranio godinu dana.<\/p>\n","protected":false},"author":1,"featured_media":35278,"comment_status":"closed","ping_status":"closed","sticky":false,"template":"","format":"standard","meta":{"footnotes":""},"categories":[9],"tags":[739,1285,1124],"class_list":["post-71136","post","type-post","status-publish","format-standard","has-post-thumbnail","hentry","category-vijesti","tag-crkva","tag-josip-bozanic","tag-papa-franjo"],"_links":{"self":[{"href":"https:\/\/www.mojevrijeme.hr\/magazin\/wp-json\/wp\/v2\/posts\/71136","targetHints":{"allow":["GET"]}}],"collection":[{"href":"https:\/\/www.mojevrijeme.hr\/magazin\/wp-json\/wp\/v2\/posts"}],"about":[{"href":"https:\/\/www.mojevrijeme.hr\/magazin\/wp-json\/wp\/v2\/types\/post"}],"author":[{"embeddable":true,"href":"https:\/\/www.mojevrijeme.hr\/magazin\/wp-json\/wp\/v2\/users\/1"}],"replies":[{"embeddable":true,"href":"https:\/\/www.mojevrijeme.hr\/magazin\/wp-json\/wp\/v2\/comments?post=71136"}],"version-history":[{"count":0,"href":"https:\/\/www.mojevrijeme.hr\/magazin\/wp-json\/wp\/v2\/posts\/71136\/revisions"}],"wp:featuredmedia":[{"embeddable":true,"href":"https:\/\/www.mojevrijeme.hr\/magazin\/wp-json\/wp\/v2\/media\/35278"}],"wp:attachment":[{"href":"https:\/\/www.mojevrijeme.hr\/magazin\/wp-json\/wp\/v2\/media?parent=71136"}],"wp:term":[{"taxonomy":"category","embeddable":true,"href":"https:\/\/www.mojevrijeme.hr\/magazin\/wp-json\/wp\/v2\/categories?post=71136"},{"taxonomy":"post_tag","embeddable":true,"href":"https:\/\/www.mojevrijeme.hr\/magazin\/wp-json\/wp\/v2\/tags?post=71136"}],"curies":[{"name":"wp","href":"https:\/\/api.w.org\/{rel}","templated":true}]}}