{"id":71191,"date":"2023-04-15T20:22:03","date_gmt":"2023-04-15T18:22:03","guid":{"rendered":"https:\/\/www.mojevrijeme.hr\/magazin\/?p=71191"},"modified":"2023-04-15T20:23:59","modified_gmt":"2023-04-15T18:23:59","slug":"fortuna-vlada-je-stvarno-puno-napravila-za-umirovljenike-trazimo-13-mirovinu","status":"publish","type":"post","link":"https:\/\/www.mojevrijeme.hr\/magazin\/2023\/04\/fortuna-vlada-je-stvarno-puno-napravila-za-umirovljenike-trazimo-13-mirovinu\/","title":{"rendered":"Fortuna: Tra\u017eimo 13. mirovinu, Vlada je stvarno puno napravila za umirovljenike"},"content":{"rendered":"\n<p>Vi\u0161nja Fortuna, predsjednica Matice umirovljenika Hrvatske (MUH) za <a href=\"https:\/\/n1info.hr\/vijesti\/iz-matice-umirovljenika-ocijenili-plenkovicevu-vladu-stvarno-su-puno-napravili\/\" target=\"_blank\" rel=\"noreferrer noopener\">N1<\/a> televiziju komentirala je goru\u0107e teme kada je rije\u010d o umirovljenicima. Za razliku od drugih umirovljeni\u010dkih aktivista, Fortuna je izrazito benevolentna prema garnituri Andreja Plenkovi\u0107a. <\/p>\n\n\n\n<p>&#8220;Upozoravamo uvijek na lo\u0161 polo\u017eaj umirovljenika jer inflacija udara najvi\u0161e na lijekove i hranu, a to je ono \u0161to najvi\u0161e treba umirovljenicima. Nije da se Vlada hvali, nego su stvarno puno napravili&#8221;, pohvalila je trud Banskih dvora. Dodaje kako se obiteljska mirovina pove\u0107ala se 10 posto, najni\u017ea mirovina i\u0161la je gore 3 posto, a s po\u010detkom godine korisnici obiteljske mirovine mogu koristiti dio mirovina pokojnog supru\u017enika.<\/p>\n\n\n\n<p>&#8220;Nadalje, cenzus za dopunsko osiguranje vi\u0161estruko je pove\u0107an, za korisnike mirovina po posebnim propisima, vra\u0107en je postotak, pomak je u uskla\u0111ivanju mirovina. Kroz Nacionalno vije\u0107e sudjelujemo cijelo vrijeme i uva\u017eavaju nas&#8221;, nabraja Fortuna, ali i dodaje da to nije dovoljno. <\/p><div id=\"mojev-1034366502\" class=\"mojev-u-tekstu mojev-entity-placement\" style=\"margin-left: auto;margin-right: auto;text-align: center;\"><div class=\"mojev-adlabel\">oglas<\/div><div style=\"height: 250px;\"><script async src=\"https:\/\/pagead2.googlesyndication.com\/pagead\/js\/adsbygoogle.js?client=ca-pub-8106111766207173\"\r\n     crossorigin=\"anonymous\"><\/script>\r\n<!-- Prikazni 1 u tekstu -->\r\n<ins class=\"adsbygoogle\"\r\n     style=\"display:block\"\r\n     data-ad-client=\"ca-pub-8106111766207173\"\r\n     data-ad-slot=\"8535551207\"\r\n     data-ad-format=\"auto\"\r\n     data-full-width-responsive=\"true\"><\/ins>\r\n<script>\r\n     (adsbygoogle = window.adsbygoogle || []).push({});\r\n<\/script><\/div><\/div><br style=\"clear: both; display: block; float: none;\"\/>\n\n\n\n<p>&#8220;Bila su \u010detiri paketa mjera, sada je peti. Za svaku jednokratnu mjeru uklju\u010deno je preko 700.000 umirovljenika i izdvojeno je iz prora\u010duna 1,8 milijardi kuna izdvojeno. Nikada nisu umirovljenici izostavljeni. Vlada ima empatiju prema ranjivim skupinama&#8221;, dodala je.<\/p>\n\n\n\n<p>Napomenula je da imamo milijun i preko 200 tisu\u0107a umirovljenika, a 1980. je bilo \u010detiri osiguranika na jednog umirovljenika, dok je sada \u010detiri umirovljenika na jednog osiguranika.<\/p>\n\n\n\n<p>&#8220;Tra\u017eit \u0107emo nastavak uskla\u0111ivanja mirovina i predla\u017eemo 13. mirovinu. To imaju mnoge zemlje. U ponedjeljak je prva sjednica radne skupine na temu izmjena i dopuna Zakona o nacionalnoj naknadi. Predvi\u0111alo se da \u0107e biti puno vi\u0161e korisnika ali u stvarnosti je daleko vi\u0161e od onog \u0161to smo planirali. Moramo vidjeti \u0161to se dogodilo. Radi se o korisnicima koji nisu stekli uvjete za mirovinu, a to su uglavnom korisnici socijalne skrbi i radi se o mnogima koji imaju problema s dokumentacijom, nemaju OIB ili stalno prebivali\u0161te. U tom djelu \u0107emo morati napraviti izmjene&#8221;, rekla je Fortuna za <a rel=\"noreferrer noopener\" href=\"https:\/\/n1info.hr\/vijesti\/iz-matice-umirovljenika-ocijenili-plenkovicevu-vladu-stvarno-su-puno-napravili\/\" target=\"_blank\">N1<\/a>.<\/p>\n<div id=\"mojev-1754953662\" class=\"mojev-kraj-teksta mojev-entity-placement\" style=\"margin-bottom: 20px;margin-left: auto;margin-right: auto;text-align: center;\"><div class=\"mojev-adlabel\">oglas<\/div><div style=\"height: 250px;\"><script async src=\"https:\/\/pagead2.googlesyndication.com\/pagead\/js\/adsbygoogle.js?client=ca-pub-8106111766207173\"\r\n     crossorigin=\"anonymous\"><\/script>\r\n<!-- Display-1 -->\r\n<ins class=\"adsbygoogle\"\r\n     style=\"display:block\"\r\n     data-ad-client=\"ca-pub-8106111766207173\"\r\n     data-ad-slot=\"1465712950\"\r\n     data-ad-format=\"auto\"\r\n     data-full-width-responsive=\"true\"><\/ins>\r\n<script>\r\n     (adsbygoogle = window.adsbygoogle || []).push({});\r\n<\/script><\/div><\/div>","protected":false},"excerpt":{"rendered":"<p>&#8216;Tra\u017eit \u0107emo nastavak uskla\u0111ivanja mirovina i predla\u017eemo 13. mirovinu. To imaju mnoge zemlje&#8217;, ka\u017ee Fortuna.<\/p>\n","protected":false},"author":1,"featured_media":42363,"comment_status":"closed","ping_status":"closed","sticky":false,"template":"","format":"standard","meta":{"footnotes":""},"categories":[9],"tags":[3398,888,1221],"class_list":["post-71191","post","type-post","status-publish","format-standard","has-post-thumbnail","hentry","category-vijesti","tag-13-mirovina","tag-andrej-plenkovic","tag-visnja-fortuna"],"_links":{"self":[{"href":"https:\/\/www.mojevrijeme.hr\/magazin\/wp-json\/wp\/v2\/posts\/71191","targetHints":{"allow":["GET"]}}],"collection":[{"href":"https:\/\/www.mojevrijeme.hr\/magazin\/wp-json\/wp\/v2\/posts"}],"about":[{"href":"https:\/\/www.mojevrijeme.hr\/magazin\/wp-json\/wp\/v2\/types\/post"}],"author":[{"embeddable":true,"href":"https:\/\/www.mojevrijeme.hr\/magazin\/wp-json\/wp\/v2\/users\/1"}],"replies":[{"embeddable":true,"href":"https:\/\/www.mojevrijeme.hr\/magazin\/wp-json\/wp\/v2\/comments?post=71191"}],"version-history":[{"count":0,"href":"https:\/\/www.mojevrijeme.hr\/magazin\/wp-json\/wp\/v2\/posts\/71191\/revisions"}],"wp:featuredmedia":[{"embeddable":true,"href":"https:\/\/www.mojevrijeme.hr\/magazin\/wp-json\/wp\/v2\/media\/42363"}],"wp:attachment":[{"href":"https:\/\/www.mojevrijeme.hr\/magazin\/wp-json\/wp\/v2\/media?parent=71191"}],"wp:term":[{"taxonomy":"category","embeddable":true,"href":"https:\/\/www.mojevrijeme.hr\/magazin\/wp-json\/wp\/v2\/categories?post=71191"},{"taxonomy":"post_tag","embeddable":true,"href":"https:\/\/www.mojevrijeme.hr\/magazin\/wp-json\/wp\/v2\/tags?post=71191"}],"curies":[{"name":"wp","href":"https:\/\/api.w.org\/{rel}","templated":true}]}}