{"id":71214,"date":"2023-04-16T10:10:25","date_gmt":"2023-04-16T08:10:25","guid":{"rendered":"https:\/\/www.mojevrijeme.hr\/magazin\/?p=71214"},"modified":"2023-04-16T10:10:29","modified_gmt":"2023-04-16T08:10:29","slug":"stize-jos-jedno-izvanredno-uskladivanje-mirovina-u-federaciji-bih","status":"publish","type":"post","link":"https:\/\/www.mojevrijeme.hr\/magazin\/2023\/04\/stize-jos-jedno-izvanredno-uskladivanje-mirovina-u-federaciji-bih\/","title":{"rendered":"Sti\u017ee jo\u0161 jedno izvanredno uskla\u0111ivanje mirovina u Federaciji BiH"},"content":{"rendered":"\n<p>Odgovaraju\u0107i na pitanje kada se o\u010dekuje isplata novih uve\u0107anih primanja za umirovljenike i ho\u0107e li eventualno biti jo\u0161 dobrih vijesti za ovu populaciju, <strong>Fadil Novali\u0107<\/strong>, premijer Federacije BiH, najavio je novo izvanredno uskla\u0111ivanje mirovina.<\/p>\n\n\n\n<p>U razgovoru za Fenu podsjetio je da je Vlada FBiH, po\u010detkom travnja, uz ranije pove\u0107anje od akontativnih 11,1 posto, pove\u0107ala mirovine za jo\u0161 5,15 posto. &#8220;To je ukupno pove\u0107anje od 16,25 posto u ovoj godini. I primjenjivat \u0107e se retroaktivno od 1. sije\u010dnja ove godine. To zna\u010di da \u0107e razlika od 5,15 posto za razdoblje od sije\u010dnja do travnja biti ispla\u0107ena zajedno sa uve\u0107anim mirovinama za travanj, a \u010dija isplata treba biti 5. svibnja.&#8221;<\/p>\n\n\n\n<p>&#8220;Ina\u010de, mirovine se u Federaciji BiH redovito ispla\u0107uju za razliku od razdoblja prije mandata moje Vlade. Ovih 16,25 posto je najve\u0107i pojedina\u010dni rast mirovina u Federaciji BiH do sada. Za posljednjih godinu dana, ubla\u017eavaju\u0107i posljedice globalne inflacije, mi smo pove\u0107ali mirovine \u010dak pet puta. Zahvaljuju\u0107i na\u0161em reformskom Zakonu o MIO koji smo donijeli 2018. godine, uz stabilnost Fonda prelaskom na prora\u010dun i redovitost u isplatama, mirovine su redovito i rasle&#8221;, naveo je premijer.<\/p><div id=\"mojev-3889535342\" class=\"mojev-u-tekstu mojev-entity-placement\" style=\"margin-left: auto;margin-right: auto;text-align: center;\"><div class=\"mojev-adlabel\">oglas<\/div><div style=\"height: 250px;\"><script async src=\"https:\/\/pagead2.googlesyndication.com\/pagead\/js\/adsbygoogle.js?client=ca-pub-8106111766207173\"\r\n     crossorigin=\"anonymous\"><\/script>\r\n<!-- Prikazni 1 u tekstu -->\r\n<ins class=\"adsbygoogle\"\r\n     style=\"display:block\"\r\n     data-ad-client=\"ca-pub-8106111766207173\"\r\n     data-ad-slot=\"8535551207\"\r\n     data-ad-format=\"auto\"\r\n     data-full-width-responsive=\"true\"><\/ins>\r\n<script>\r\n     (adsbygoogle = window.adsbygoogle || []).push({});\r\n<\/script><\/div><\/div><br style=\"clear: both; display: block; float: none;\"\/>\n\n\n\n<p>&#8220;Mi smo tim zakonom zajam\u010dili ispunjenje obveze da se dva puta godi\u0161nje uskla\u0111uje visina mirovine svakog travnja redovito, a u lipnju izvanredno. Tako da mogu najaviti jo\u0161 dobrih vijesti za na\u0161e umirovljenike, jer u lipnju treba uslijediti i izvanredno uskla\u0111ivanje mirovina. Podsjetit \u0107emo da je najni\u017ea mirovina krajem 2021. godine bila 382 KM (195 eura), a sada je 517,3 KM (264 eura). To je rast od 135,3 KM (69 eura) ili 35,42 posto&#8221;, isti\u010de Novali\u0107.<\/p>\n<div id=\"mojev-2319722081\" class=\"mojev-kraj-teksta mojev-entity-placement\" style=\"margin-bottom: 20px;margin-left: auto;margin-right: auto;text-align: center;\"><div class=\"mojev-adlabel\">oglas<\/div><div style=\"height: 250px;\"><script async src=\"https:\/\/pagead2.googlesyndication.com\/pagead\/js\/adsbygoogle.js?client=ca-pub-8106111766207173\"\r\n     crossorigin=\"anonymous\"><\/script>\r\n<!-- Display-1 -->\r\n<ins class=\"adsbygoogle\"\r\n     style=\"display:block\"\r\n     data-ad-client=\"ca-pub-8106111766207173\"\r\n     data-ad-slot=\"1465712950\"\r\n     data-ad-format=\"auto\"\r\n     data-full-width-responsive=\"true\"><\/ins>\r\n<script>\r\n     (adsbygoogle = window.adsbygoogle || []).push({});\r\n<\/script><\/div><\/div>","protected":false},"excerpt":{"rendered":"<p>U razgovoru za Fenu Novali\u0107 je podsjetio da je Vlada FBiH, po\u010detkom travnja, uz ranije pove\u0107anje od akontativnih 11,1 posto, pove\u0107ala mirovine za jo\u0161 5,15 posto. <\/p>\n","protected":false},"author":1,"featured_media":71216,"comment_status":"closed","ping_status":"closed","sticky":false,"template":"","format":"standard","meta":{"footnotes":""},"categories":[9],"tags":[3411,18,971],"class_list":["post-71214","post","type-post","status-publish","format-standard","has-post-thumbnail","hentry","category-vijesti","tag-federacija-bih","tag-mirovine","tag-uskladivanje-mirovina"],"_links":{"self":[{"href":"https:\/\/www.mojevrijeme.hr\/magazin\/wp-json\/wp\/v2\/posts\/71214","targetHints":{"allow":["GET"]}}],"collection":[{"href":"https:\/\/www.mojevrijeme.hr\/magazin\/wp-json\/wp\/v2\/posts"}],"about":[{"href":"https:\/\/www.mojevrijeme.hr\/magazin\/wp-json\/wp\/v2\/types\/post"}],"author":[{"embeddable":true,"href":"https:\/\/www.mojevrijeme.hr\/magazin\/wp-json\/wp\/v2\/users\/1"}],"replies":[{"embeddable":true,"href":"https:\/\/www.mojevrijeme.hr\/magazin\/wp-json\/wp\/v2\/comments?post=71214"}],"version-history":[{"count":0,"href":"https:\/\/www.mojevrijeme.hr\/magazin\/wp-json\/wp\/v2\/posts\/71214\/revisions"}],"wp:featuredmedia":[{"embeddable":true,"href":"https:\/\/www.mojevrijeme.hr\/magazin\/wp-json\/wp\/v2\/media\/71216"}],"wp:attachment":[{"href":"https:\/\/www.mojevrijeme.hr\/magazin\/wp-json\/wp\/v2\/media?parent=71214"}],"wp:term":[{"taxonomy":"category","embeddable":true,"href":"https:\/\/www.mojevrijeme.hr\/magazin\/wp-json\/wp\/v2\/categories?post=71214"},{"taxonomy":"post_tag","embeddable":true,"href":"https:\/\/www.mojevrijeme.hr\/magazin\/wp-json\/wp\/v2\/tags?post=71214"}],"curies":[{"name":"wp","href":"https:\/\/api.w.org\/{rel}","templated":true}]}}