{"id":71256,"date":"2023-04-17T09:07:07","date_gmt":"2023-04-17T07:07:07","guid":{"rendered":"https:\/\/www.mojevrijeme.hr\/magazin\/?p=71256"},"modified":"2023-04-17T09:07:11","modified_gmt":"2023-04-17T07:07:11","slug":"mirovine-iz-2-stupa-gube-na-vrijednosti-ovo-su-sve-njegove-mane","status":"publish","type":"post","link":"https:\/\/www.mojevrijeme.hr\/magazin\/2023\/04\/mirovine-iz-2-stupa-gube-na-vrijednosti-ovo-su-sve-njegove-mane\/","title":{"rendered":"Mirovine iz 2. stupa gube na vrijednosti, ovo su sve njegove mane"},"content":{"rendered":"\n<p>Zanimljivu raspravu svojom objavom na dru\u0161tvenoj mre\u017ei LinkedIn pokrenuo je Nenad Baki\u0107, matemati\u010dar i poduzetnik. U objavi pod nazivom &#8220;Katastrofa mirovinskih fondova&#8221; osvrnuo se na te\u0161ke gubitke koje su ostvarili ti fondovi i tako umanjili mirovine iz 2. obveznog mirovinskog stupa, pi\u0161e <a href=\"https:\/\/www.suh.hr\/naslovna\/posast-za-mirovine-i-javne-financije\/\" target=\"_blank\" rel=\"noreferrer noopener\">Glas umirovljenika<\/a>.<\/p>\n\n\n\n<p>Baki\u0107 tako pi\u0161e kako su mirovinski fondovi tipa B, u kojima je ogromna ve\u0107ina mirovinske \u0161tednje gra\u0111ana, u zadnjih 18 mjeseci od kad je nastupilo razdoblje visoke inflacije izgubili oko 1,5 posto vrijednosti. Problem je u tome, napisao je, \u0161to je inflacija u tom razdoblju bila oko 14 posto, zbog \u010dega su mirovine iz 2. stupa realno smanjene za 15 posto!<\/p>\n\n\n\n<p>Baki\u0107 je naveo i kako je jo\u0161 gora situacija s navodno &#8220;najsigurnijim&#8221; mirovinskim fondovima kategorije C, gdje se ula\u017ee prete\u017eito u obveznice i oro\u010dene depozite. Od po\u010detka 2021. do danas oni su izgubili oko 5 posto vrijednosti, a inflacija u tom razdoblju je bila oko 20 posto. U kategoriju C svi osiguranici koji imaju manje od 5 godina do ispunjenja uvjeta za starosnu mirovinu isklju\u010divo su \u010dlanovi fonda te kategorije, \u0161to zna\u010di da su mirovine i tu poprili\u010dno nastradale.<\/p><div id=\"mojev-3736637833\" class=\"mojev-u-tekstu mojev-entity-placement\" style=\"margin-left: auto;margin-right: auto;text-align: center;\"><div class=\"mojev-adlabel\">oglas<\/div><div style=\"height: 250px;\"><script async src=\"https:\/\/pagead2.googlesyndication.com\/pagead\/js\/adsbygoogle.js?client=ca-pub-8106111766207173\"\r\n     crossorigin=\"anonymous\"><\/script>\r\n<!-- Prikazni 1 u tekstu -->\r\n<ins class=\"adsbygoogle\"\r\n     style=\"display:block\"\r\n     data-ad-client=\"ca-pub-8106111766207173\"\r\n     data-ad-slot=\"8535551207\"\r\n     data-ad-format=\"auto\"\r\n     data-full-width-responsive=\"true\"><\/ins>\r\n<script>\r\n     (adsbygoogle = window.adsbygoogle || []).push({});\r\n<\/script><\/div><\/div><br style=\"clear: both; display: block; float: none;\"\/>\n\n\n\n<h3 class=\"wp-block-heading\">Vlada ne odustaje<\/h3>\n\n\n\n<p>Ve\u0107 pro\u0161log ljeta se znalo da je kategorija C u debelom minusu, odnosno da je vrijednost \u0161tednje u C kategoriji tijekom 2021. i pola 2022. godine pala sa 10 milijardi na 9,2 miljarde kuna (7 posto), s tim da je inflacija prema\u0161ila 10,8 posto, pa je realni pad imovine bio 15-ak posto. Iz Ministarstva rada i mirovinskog sustava poku\u0161ali su &#8220;popeglati&#8221; situaciju te je re\u010deno kako mirovinske fondove treba gledati dugoro\u010dno, i da su u petogodi\u0161njem razdoblju fondovi C kategorije ostvarili pozitivne prinose, vje\u0161to izbjegavaju\u0107i \u010dinjenicu da su prikazivali nominalni rast, a ne realni u koji su trebali uklju\u010diti i inflaciju.<\/p>\n\n\n\n<p>Gr\u010devito branjenje 2. obveznog mirovinskog stupa uvedenog jo\u0161 2002. godine od strane SDP-ove Vlade i dalje je politika i ove HDZ-ove Vlade i resornog ministarstva, iz kojeg dodu\u0161e priznaju da 2. stup nije jo\u0161 za\u017eivio, ali isti\u010du tezu da je normalno da su za to potrebna desetlje\u0107a. I dok su sve postsocijalisti\u010dke europske dr\u017eave ukinule ili transformirale 2. stup iz obveznog u dobrovoljni, Hrvatska je jedina koja i dalje inzistira na neuspjelom eksperimentu Svjetske banke.<\/p>\n\n\n\n<p>Baki\u0107evu objavu pozitivno je komentirao i profesor Ekonomskog fakulteta u Splitu \u017deljko Gara\u010da, koji mu je napisao &#8220;dobro do\u0161li u temu, sada \u0107e mi biti lak\u0161e&#8221;. Nije bez razloga, s obzirom da Gara\u010da i jo\u0161 nekoliko stru\u010dnjaka, poput prof. Gojka Be\u017eovana s Pravnog fakulteta u Zagrebu, Ante Samodola, a od pro\u0161le godine javno i profesori Ljubo Jur\u010di\u0107, Drago Jakov\u010devi\u0107 i Ivan Lovrinovi\u0107 te\u0161ko pronalaze put do medija sa svojim analizama koje ogoljavaju sve negativnosti i financijske \u0161tetnosti 2. stupa.<\/p>\n\n\n\n<h3 class=\"wp-block-heading\">Preko 100 milijardi kuna gubitaka<\/h3>\n\n\n\n<p>Baki\u0107eve izjave i objave, ponekad i kontra <em>mainstream<\/em> mi\u0161ljenja, \u010desto se prenose u javnosti i u medijima, pa je svaki stru\u010dnjak koji mo\u017ee osvijestiti javnost o problemu 2. stupa svakako dobrodo\u0161ao.<\/p>\n\n\n\n<p>Podsjetimo, profesori Gara\u010da i Be\u017eovan ve\u0107 dugi niz godina problematiziraju obvezni 2. stup, kojim se 5 posto bruto pla\u0107e daje na raspolaganje stranim bankama, a zatim dr\u017eava kod tih istih banaka zadu\u017euje isti taj novac preko obveznica. Gara\u010da u svojim javnim istupima je kazao kako je 2. stup stajao dr\u017eavni prora\u010dun preko 100 milijardi kuna, jer godi\u0161nje sada ve\u0107 pla\u0107amo 10 milijardi kuna poreza koje ne bi trebali pla\u0107ati da nije bilo nakaradne mirovinske reforme iz 2002. godine.<\/p>\n\n\n\n<p>Kao primjer proma\u0161enosti obveznog 2. stupa Gara\u010da isti\u010de i \u010dinjenicu da oko 71 posto novoumirovljenih prilikom odlaska u mirovinu bira mirovinu iz 1. stupa, a ne iz oba, jer im je povoljnija. I ne samo to, Gara\u010da procjenjuje da \u0107e do kraja sljede\u0107e godine preko 90 posto novoumirovljenih izabrati mirovinu samo iz 1. stupa. Dakako, prozvani mirovinski fondovi nisu mogli dugo ignorirati sve negativne brojke, pa su nedavno u javnost iza\u0161li s procjenom da \u0107e &#8220;za pet godina, ne bude li nekih globalnih \u0161okova kao pro\u0161le godine, polovica osiguranika ostajati u dvostupnoj mirovini, a do 2042. godine samo \u0107e se 20 posto radnika s najni\u017eim pla\u0107ama vra\u0107ati u dr\u017eavni 1. stup&#8221;.<\/p>\n\n\n\n<h3 class=\"wp-block-heading\">Kad bankari obe\u0107avaju<\/h3>\n\n\n\n<p>Banke o\u010dito ovakvim izjavama \u017eele kupiti vrijeme kako bi i dalje upravljali na\u0161im novcem i zara\u0111ivali na tome, a ogra\u0111ivanjem izjavom ako ne\u0107e biti globalnih \u0161okova odri\u010du se i svake odgovornosti ako se njihove procjene ne ostvare. Ali, tko \u017eiv, tko mrtav 2042. godine, dotad \u0107e se ionako zaboraviti na njihova obe\u0107anja, ili \u0107e se promijeniti okolnosti. Bitno im je da ne izgube svoj dio kola\u010da, pi\u0161e Igor Kne\u017eevi\u0107 za <a href=\"https:\/\/www.suh.hr\/naslovna\/posast-za-mirovine-i-javne-financije\/\" target=\"_blank\" rel=\"noreferrer noopener\">Glas umirovljenika<\/a>. <\/p>\n\n\n\n<p>Ono \u0161to \u010desto prolazi ispod radara je da bi stvarna brojka onih kojima je isplativija mirovina samo iz 1. stupa bila ve\u0107a od sada\u0161njih 71 posto, ali onima koji se odlu\u010de za mirovinu iz oba stupa nudi se primamljivi mamac, jednokratna brza isplata 15 posto u\u0161te\u0111enih sredstava iz 2. stupa, pa se mnogi koji su u financijskoj besparici odlu\u010duju za isplatu ke\u0161a. No, oni zapravo ne dobiju svih 15 posto iznosa, jer je on umanjen za 10 ili 15 posto poreza, te jo\u0161 i prirez.<\/p>\n\n\n\n<p>Ostvare li se crne prognoze profesora Gara\u010de o preko 90 posto onih koji se vra\u0107aju u prvi stup, to bi trebao biti i kona\u010dni dokaz, posljednji \u010davao u lijes proma\u0161ene mirovinske reforme i nebuloznosti odr\u017eavanja obveznog 2. stupa i dalje na \u017eivotu.<\/p>\n<div id=\"mojev-2042486896\" class=\"mojev-kraj-teksta mojev-entity-placement\" style=\"margin-bottom: 20px;margin-left: auto;margin-right: auto;text-align: center;\"><div class=\"mojev-adlabel\">oglas<\/div><div style=\"height: 250px;\"><script async src=\"https:\/\/pagead2.googlesyndication.com\/pagead\/js\/adsbygoogle.js?client=ca-pub-8106111766207173\"\r\n     crossorigin=\"anonymous\"><\/script>\r\n<!-- Display-1 -->\r\n<ins class=\"adsbygoogle\"\r\n     style=\"display:block\"\r\n     data-ad-client=\"ca-pub-8106111766207173\"\r\n     data-ad-slot=\"1465712950\"\r\n     data-ad-format=\"auto\"\r\n     data-full-width-responsive=\"true\"><\/ins>\r\n<script>\r\n     (adsbygoogle = window.adsbygoogle || []).push({});\r\n<\/script><\/div><\/div>","protected":false},"excerpt":{"rendered":"<p>Ostvare li se crne prognoze profesora Gara\u010de o preko 90 posto onih koji se vra\u0107aju u prvi stup, to bi trebao biti i kona\u010dni dokaz, posljednji \u010davao u lijes proma\u0161ene mirovinske reforme i nebuloznosti odr\u017eavanja obveznog 2. stupa i dalje na \u017eivotu.<\/p>\n","protected":false},"author":1,"featured_media":55682,"comment_status":"closed","ping_status":"closed","sticky":false,"template":"","format":"standard","meta":{"footnotes":""},"categories":[9],"tags":[1133,18,17],"class_list":["post-71256","post","type-post","status-publish","format-standard","has-post-thumbnail","hentry","category-vijesti","tag-drugi-stup","tag-mirovine","tag-novac"],"_links":{"self":[{"href":"https:\/\/www.mojevrijeme.hr\/magazin\/wp-json\/wp\/v2\/posts\/71256","targetHints":{"allow":["GET"]}}],"collection":[{"href":"https:\/\/www.mojevrijeme.hr\/magazin\/wp-json\/wp\/v2\/posts"}],"about":[{"href":"https:\/\/www.mojevrijeme.hr\/magazin\/wp-json\/wp\/v2\/types\/post"}],"author":[{"embeddable":true,"href":"https:\/\/www.mojevrijeme.hr\/magazin\/wp-json\/wp\/v2\/users\/1"}],"replies":[{"embeddable":true,"href":"https:\/\/www.mojevrijeme.hr\/magazin\/wp-json\/wp\/v2\/comments?post=71256"}],"version-history":[{"count":0,"href":"https:\/\/www.mojevrijeme.hr\/magazin\/wp-json\/wp\/v2\/posts\/71256\/revisions"}],"wp:featuredmedia":[{"embeddable":true,"href":"https:\/\/www.mojevrijeme.hr\/magazin\/wp-json\/wp\/v2\/media\/55682"}],"wp:attachment":[{"href":"https:\/\/www.mojevrijeme.hr\/magazin\/wp-json\/wp\/v2\/media?parent=71256"}],"wp:term":[{"taxonomy":"category","embeddable":true,"href":"https:\/\/www.mojevrijeme.hr\/magazin\/wp-json\/wp\/v2\/categories?post=71256"},{"taxonomy":"post_tag","embeddable":true,"href":"https:\/\/www.mojevrijeme.hr\/magazin\/wp-json\/wp\/v2\/tags?post=71256"}],"curies":[{"name":"wp","href":"https:\/\/api.w.org\/{rel}","templated":true}]}}