{"id":71281,"date":"2023-04-17T13:22:50","date_gmt":"2023-04-17T11:22:50","guid":{"rendered":"https:\/\/www.mojevrijeme.hr\/magazin\/?p=71281"},"modified":"2023-04-17T17:36:35","modified_gmt":"2023-04-17T15:36:35","slug":"umirovljenici-koja-je-nadogradila-balkon-danas-stizu-inspektori-a-mozda-i-kazna","status":"publish","type":"post","link":"https:\/\/www.mojevrijeme.hr\/magazin\/2023\/04\/umirovljenici-koja-je-nadogradila-balkon-danas-stizu-inspektori-a-mozda-i-kazna\/","title":{"rendered":"Umirovljenici koja je nadogradila balkon danas sti\u017eu inspektori, a mo\u017eda i kazna"},"content":{"rendered":"\n<p>Umirovljenica koja je u samom sredi\u0161tu Zagreba sru\u0161ila balkon i umjesto njega na stambenu zgradu postavila nakaradnu i nesigurnu drvenu konstrukciju, ve\u0107 danima je vijest svih medija. Ne zbog te\u017eine njenog grijeha, ve\u0107 zbog bizarnosti samog slu\u010daja. Time je dobila kvadrat ili dva vi\u0161e povr\u0161ine, ali i ne\u017eeljeni publicitet koji bi joj u kona\u010dnici mogao priskrbiti masnu kaznu. <\/p>\n\n\n\n<p>Vlasnica balkona nije \u017eeljela razgovarati s novinarima te je poru\u010dila da \u0107e razgovarati samo s inspekcijom. A inspekciji se obratio i&nbsp;<a rel=\"noreferrer noopener\" href=\"https:\/\/danas.hr\/rtl-danas\/rtl-danas-uzivo-ispred-najpoznatijeg-balkona-u-ponedjeljak-izlazi-inspekcija-mora-se-ukloniti-4cdb6b22-dbac-11ed-9dba-bed8ed2f1049\" target=\"_blank\">RTL<\/a>&nbsp;koji je doznao da \u0107e balkon, koji je privatno vlasni\u0161tvo te se ne mo\u017ee vidjeti s ulice, gra\u0111evinska inspekcija obi\u0107i ve\u0107 danas.<\/p>\n\n\n\n<p>Iz Dr\u017eavnog inspektorata ka\u017eu da im radi balkona nije pristigla nikakva prijava susjeda umirovljene vlasnice balkona. Zbog \u010dega onda izlaze na teren? Ka\u017eu, vidjeli su fotografije na dru\u0161tvenim mre\u017eama i sami su odlu\u010dili reagirati.<\/p><div id=\"mojev-1220352895\" class=\"mojev-u-tekstu mojev-entity-placement\" style=\"margin-left: auto;margin-right: auto;text-align: center;\"><div class=\"mojev-adlabel\">oglas<\/div><div style=\"height: 250px;\"><script async src=\"https:\/\/pagead2.googlesyndication.com\/pagead\/js\/adsbygoogle.js?client=ca-pub-8106111766207173\"\r\n     crossorigin=\"anonymous\"><\/script>\r\n<!-- Prikazni 1 u tekstu -->\r\n<ins class=\"adsbygoogle\"\r\n     style=\"display:block\"\r\n     data-ad-client=\"ca-pub-8106111766207173\"\r\n     data-ad-slot=\"8535551207\"\r\n     data-ad-format=\"auto\"\r\n     data-full-width-responsive=\"true\"><\/ins>\r\n<script>\r\n     (adsbygoogle = window.adsbygoogle || []).push({});\r\n<\/script><\/div><\/div><br style=\"clear: both; display: block; float: none;\"\/>\n\n\n\n<p>Tako \u0107e se vlasnica balkona morati o\u010ditovati o cijelom slu\u010daju, a Inspektorat \u0107e joj u roku 30 dana &#8211; nakon \u0161to prou\u010di sve papire &#8211; vjerojatno dostaviti rje\u0161enje da mora ukloniti svoju drvenu instalaciju. Kazne za ovako ne\u0161to su od 30 do 100 tisu\u0107a kuna, jer nije isto radi li o nadogra\u0111enoj ku\u0107i ili improviziranom balkonu.<\/p>\n\n\n\n<p>Prema najnovijim informacija, inspektori su utvrdili kako je nelegalna gradnja uklonjena prije njihovog dolaska na teren. <\/p>\n<div id=\"mojev-87489063\" class=\"mojev-kraj-teksta mojev-entity-placement\" style=\"margin-bottom: 20px;margin-left: auto;margin-right: auto;text-align: center;\"><div class=\"mojev-adlabel\">oglas<\/div><div style=\"height: 250px;\"><script async src=\"https:\/\/pagead2.googlesyndication.com\/pagead\/js\/adsbygoogle.js?client=ca-pub-8106111766207173\"\r\n     crossorigin=\"anonymous\"><\/script>\r\n<!-- Display-1 -->\r\n<ins class=\"adsbygoogle\"\r\n     style=\"display:block\"\r\n     data-ad-client=\"ca-pub-8106111766207173\"\r\n     data-ad-slot=\"1465712950\"\r\n     data-ad-format=\"auto\"\r\n     data-full-width-responsive=\"true\"><\/ins>\r\n<script>\r\n     (adsbygoogle = window.adsbygoogle || []).push({});\r\n<\/script><\/div><\/div>","protected":false},"excerpt":{"rendered":"<p>Kazne za ovako ne\u0161to su od 30 do 100 tisu\u0107a kuna, jer nije isto radi li o nadogra\u0111enoj ku\u0107i ili improviziranom balkonu.<\/p>\n","protected":false},"author":1,"featured_media":71283,"comment_status":"closed","ping_status":"closed","sticky":false,"template":"","format":"standard","meta":{"footnotes":""},"categories":[2],"tags":[3438,39],"class_list":["post-71281","post","type-post","status-publish","format-standard","has-post-thumbnail","hentry","category-mozaik","tag-nelegalna-gradnja","tag-zagreb"],"_links":{"self":[{"href":"https:\/\/www.mojevrijeme.hr\/magazin\/wp-json\/wp\/v2\/posts\/71281","targetHints":{"allow":["GET"]}}],"collection":[{"href":"https:\/\/www.mojevrijeme.hr\/magazin\/wp-json\/wp\/v2\/posts"}],"about":[{"href":"https:\/\/www.mojevrijeme.hr\/magazin\/wp-json\/wp\/v2\/types\/post"}],"author":[{"embeddable":true,"href":"https:\/\/www.mojevrijeme.hr\/magazin\/wp-json\/wp\/v2\/users\/1"}],"replies":[{"embeddable":true,"href":"https:\/\/www.mojevrijeme.hr\/magazin\/wp-json\/wp\/v2\/comments?post=71281"}],"version-history":[{"count":0,"href":"https:\/\/www.mojevrijeme.hr\/magazin\/wp-json\/wp\/v2\/posts\/71281\/revisions"}],"wp:featuredmedia":[{"embeddable":true,"href":"https:\/\/www.mojevrijeme.hr\/magazin\/wp-json\/wp\/v2\/media\/71283"}],"wp:attachment":[{"href":"https:\/\/www.mojevrijeme.hr\/magazin\/wp-json\/wp\/v2\/media?parent=71281"}],"wp:term":[{"taxonomy":"category","embeddable":true,"href":"https:\/\/www.mojevrijeme.hr\/magazin\/wp-json\/wp\/v2\/categories?post=71281"},{"taxonomy":"post_tag","embeddable":true,"href":"https:\/\/www.mojevrijeme.hr\/magazin\/wp-json\/wp\/v2\/tags?post=71281"}],"curies":[{"name":"wp","href":"https:\/\/api.w.org\/{rel}","templated":true}]}}