{"id":71352,"date":"2023-04-18T11:32:38","date_gmt":"2023-04-18T09:32:38","guid":{"rendered":"https:\/\/www.mojevrijeme.hr\/magazin\/?p=71352"},"modified":"2023-04-18T11:32:42","modified_gmt":"2023-04-18T09:32:42","slug":"varazdin-ce-umirovljenicima-ipak-isplatiti-uskrsnice","status":"publish","type":"post","link":"https:\/\/www.mojevrijeme.hr\/magazin\/2023\/04\/varazdin-ce-umirovljenicima-ipak-isplatiti-uskrsnice\/","title":{"rendered":"Vara\u017edin \u0107e umirovljenicima ipak isplatiti uskrsnice"},"content":{"rendered":"\n<p>Dva dana nakon izvanrednih izbora za vara\u017edinsko Gradsko vije\u0107e, na kojima je lista gradona\u010delnika Nevena Bosilja (SDP) osvojila apsolutnu ve\u0107inu mandata, Bosilj i njegov zamjenik najavili su da \u0107e konstituiraju\u0107a sjednica Gradskog vije\u0107a biti ve\u0107 sljede\u0107i tjedan.<\/p>\n\n\n\n<p>&#8220;Nismo zaboravili ni na na\u0161e umirovljenike. \u010cim izglasamo prora\u010dun, pokrenut \u0107emo isplatu zaka\u0161njelih uskrsnica&#8221;, najavio je gradona\u010delnikov zamjenik Miroslav Markovi\u0107. Rekao je i da je osobno i\u00a0vi\u0161e nego zadovoljan rezultatima izbora.<\/p>\n\n\n\n<p>Prema ranijim najavama, svi koji imaju uvjete i mirovinu do 400 eura dobit \u0107e 50 eura uskrsnice. Prora\u010dun bi trebao biti &#8220;ovih dana&#8221;, ka\u017ee gradona\u010delnik, a nakon toga ide u javno savjetovanje. Predvidivo, u prvom tjednu svibnja odr\u017eat \u0107e se prva radna sjednica na kojoj \u0107e se usvojiti novi vara\u017edinski prora\u010dun, nakon \u010dega bi trebala biti i pokrenuta isplata uskrsnice umirovljenicima. <\/p><div id=\"mojev-3776878140\" class=\"mojev-u-tekstu mojev-entity-placement\" style=\"margin-left: auto;margin-right: auto;text-align: center;\"><div class=\"mojev-adlabel\">oglas<\/div><div style=\"height: 250px;\"><script async src=\"https:\/\/pagead2.googlesyndication.com\/pagead\/js\/adsbygoogle.js?client=ca-pub-8106111766207173\"\r\n     crossorigin=\"anonymous\"><\/script>\r\n<!-- Prikazni 1 u tekstu -->\r\n<ins class=\"adsbygoogle\"\r\n     style=\"display:block\"\r\n     data-ad-client=\"ca-pub-8106111766207173\"\r\n     data-ad-slot=\"8535551207\"\r\n     data-ad-format=\"auto\"\r\n     data-full-width-responsive=\"true\"><\/ins>\r\n<script>\r\n     (adsbygoogle = window.adsbygoogle || []).push({});\r\n<\/script><\/div><\/div><br style=\"clear: both; display: block; float: none;\"\/>\n\n\n\n<p>Budu\u0107i da do 31. prosinca 2022. nije izglasan gradski prora\u010dun niti je donesena Odluka o privremenom financiranju, Vara\u017edinci su prije nekoliko dana iza\u0161li na izbore. Stari-novi gradona\u010delnik je zadovoljan ishodom izbora i sastavom Gradskog vije\u0107a te smatra da vi\u0161e ne\u0107e biti problema prilikom dono\u0161enja odluka i provo\u0111enja projekata.<\/p>\n<div id=\"mojev-1203948236\" class=\"mojev-kraj-teksta mojev-entity-placement\" style=\"margin-bottom: 20px;margin-left: auto;margin-right: auto;text-align: center;\"><div class=\"mojev-adlabel\">oglas<\/div><div style=\"height: 250px;\"><script async src=\"https:\/\/pagead2.googlesyndication.com\/pagead\/js\/adsbygoogle.js?client=ca-pub-8106111766207173\"\r\n     crossorigin=\"anonymous\"><\/script>\r\n<!-- Display-1 -->\r\n<ins class=\"adsbygoogle\"\r\n     style=\"display:block\"\r\n     data-ad-client=\"ca-pub-8106111766207173\"\r\n     data-ad-slot=\"1465712950\"\r\n     data-ad-format=\"auto\"\r\n     data-full-width-responsive=\"true\"><\/ins>\r\n<script>\r\n     (adsbygoogle = window.adsbygoogle || []).push({});\r\n<\/script><\/div><\/div>","protected":false},"excerpt":{"rendered":"<p>Stari-novi gradona\u010delnik je zadovoljan ishodom izbora i sastavom Gradskog vije\u0107a te smatra da vi\u0161e ne\u0107e biti problema prilikom dono\u0161enja odluka i provo\u0111enja projekata.<\/p>\n","protected":false},"author":1,"featured_media":71298,"comment_status":"closed","ping_status":"closed","sticky":false,"template":"","format":"standard","meta":{"footnotes":""},"categories":[9],"tags":[17,1077,877],"class_list":["post-71352","post","type-post","status-publish","format-standard","has-post-thumbnail","hentry","category-vijesti","tag-novac","tag-uskrsnica","tag-varazdin"],"_links":{"self":[{"href":"https:\/\/www.mojevrijeme.hr\/magazin\/wp-json\/wp\/v2\/posts\/71352","targetHints":{"allow":["GET"]}}],"collection":[{"href":"https:\/\/www.mojevrijeme.hr\/magazin\/wp-json\/wp\/v2\/posts"}],"about":[{"href":"https:\/\/www.mojevrijeme.hr\/magazin\/wp-json\/wp\/v2\/types\/post"}],"author":[{"embeddable":true,"href":"https:\/\/www.mojevrijeme.hr\/magazin\/wp-json\/wp\/v2\/users\/1"}],"replies":[{"embeddable":true,"href":"https:\/\/www.mojevrijeme.hr\/magazin\/wp-json\/wp\/v2\/comments?post=71352"}],"version-history":[{"count":0,"href":"https:\/\/www.mojevrijeme.hr\/magazin\/wp-json\/wp\/v2\/posts\/71352\/revisions"}],"wp:featuredmedia":[{"embeddable":true,"href":"https:\/\/www.mojevrijeme.hr\/magazin\/wp-json\/wp\/v2\/media\/71298"}],"wp:attachment":[{"href":"https:\/\/www.mojevrijeme.hr\/magazin\/wp-json\/wp\/v2\/media?parent=71352"}],"wp:term":[{"taxonomy":"category","embeddable":true,"href":"https:\/\/www.mojevrijeme.hr\/magazin\/wp-json\/wp\/v2\/categories?post=71352"},{"taxonomy":"post_tag","embeddable":true,"href":"https:\/\/www.mojevrijeme.hr\/magazin\/wp-json\/wp\/v2\/tags?post=71352"}],"curies":[{"name":"wp","href":"https:\/\/api.w.org\/{rel}","templated":true}]}}