{"id":71475,"date":"2023-04-19T12:04:12","date_gmt":"2023-04-19T10:04:12","guid":{"rendered":"https:\/\/www.mojevrijeme.hr\/magazin\/?p=71475"},"modified":"2023-04-19T12:04:16","modified_gmt":"2023-04-19T10:04:16","slug":"imamo-vise-od-220-000-nevazecih-osobnih-iskaznica-to-bi-mogao-biti-problem","status":"publish","type":"post","link":"https:\/\/www.mojevrijeme.hr\/magazin\/2023\/04\/imamo-vise-od-220-000-nevazecih-osobnih-iskaznica-to-bi-mogao-biti-problem\/","title":{"rendered":"Imamo vi\u0161e od 220.000 neva\u017ee\u0107ih osobnih iskaznica, to bi mogao biti problem"},"content":{"rendered":"\n<p>U kontekstu ure\u0111ivanja Popisa bira\u010da saborski zastupnik<strong> Boris Milo\u0161evi\u0107<\/strong> (SDSS) upozorio je na alarmantan broj isteklih osobnih iskaznica koje bi, u jednom trenutku, mogle postati veliki problem.<\/p>\n\n\n\n<p>&#8220;Od po\u010detka pandemije, unatrag tri godine, imamo preko 221.000 osobnih iskaznica kojima je istekao rok va\u017eenja, ali se zbog pandemije smatraju va\u017ee\u0107ima. Kada se u Hrvatskoj proglasi prestanak epidemije, gra\u0111ani \u0107e svoje istekle osobne iskaznice morati zamijeniti novima u roku 30 dana&#8221;, kazao je Milo\u0161evi\u0107 sa saborske govornice.<\/p>\n\n\n\n<p>Sabor je, kako bi se za\u0161titili gra\u0111ani i slu\u017ebenici te smanjili fizi\u010dki kontakti, u travnju 2020. godine po hitnom postupku donio Zakon o dopunama Zakona o osobnoj iskaznici. Time je osobnim iskaznicama isteklima za vrijeme epidemije u Republici Hrvatskoj produ\u017een rok va\u017eenja i to na najdu\u017ee 30 dana nakon dana progla\u0161enja prestanka epidemije. Kako prestanak epidemije u Republici Hrvatskoj jo\u0161 uvijek nije progla\u0161en, osobne iskaznice kojima je rok istekao nakon 11. o\u017eujka 2020. godine jo\u0161 su uvijek va\u017ee\u0107e. <\/p><div id=\"mojev-1115409069\" class=\"mojev-u-tekstu mojev-entity-placement\" style=\"margin-left: auto;margin-right: auto;text-align: center;\"><div class=\"mojev-adlabel\">oglas<\/div><div style=\"height: 250px;\"><script async src=\"https:\/\/pagead2.googlesyndication.com\/pagead\/js\/adsbygoogle.js?client=ca-pub-8106111766207173\"\r\n     crossorigin=\"anonymous\"><\/script>\r\n<!-- Prikazni 1 u tekstu -->\r\n<ins class=\"adsbygoogle\"\r\n     style=\"display:block\"\r\n     data-ad-client=\"ca-pub-8106111766207173\"\r\n     data-ad-slot=\"8535551207\"\r\n     data-ad-format=\"auto\"\r\n     data-full-width-responsive=\"true\"><\/ins>\r\n<script>\r\n     (adsbygoogle = window.adsbygoogle || []).push({});\r\n<\/script><\/div><\/div><br style=\"clear: both; display: block; float: none;\"\/>\n\n\n\n<p>Do kada \u0107e to biti tako, nije poznato. U slu\u010daju da se osobna iskaznica ne obnovi u propisanom roku, predvi\u0111ena kazna je 60 eura.<\/p>\n<div id=\"mojev-314657041\" class=\"mojev-kraj-teksta mojev-entity-placement\" style=\"margin-bottom: 20px;margin-left: auto;margin-right: auto;text-align: center;\"><div class=\"mojev-adlabel\">oglas<\/div><div style=\"height: 250px;\"><script async src=\"https:\/\/pagead2.googlesyndication.com\/pagead\/js\/adsbygoogle.js?client=ca-pub-8106111766207173\"\r\n     crossorigin=\"anonymous\"><\/script>\r\n<!-- Display-1 -->\r\n<ins class=\"adsbygoogle\"\r\n     style=\"display:block\"\r\n     data-ad-client=\"ca-pub-8106111766207173\"\r\n     data-ad-slot=\"1465712950\"\r\n     data-ad-format=\"auto\"\r\n     data-full-width-responsive=\"true\"><\/ins>\r\n<script>\r\n     (adsbygoogle = window.adsbygoogle || []).push({});\r\n<\/script><\/div><\/div>","protected":false},"excerpt":{"rendered":"<p>Kako prestanak epidemije u Republici Hrvatskoj jo\u0161 uvijek nije progla\u0161en, osobne iskaznice kojima je rok istekao nakon 11. o\u017eujka 2020. godine jo\u0161 su uvijek va\u017ee\u0107e. <\/p>\n","protected":false},"author":1,"featured_media":71480,"comment_status":"closed","ping_status":"closed","sticky":false,"template":"","format":"standard","meta":{"footnotes":""},"categories":[9],"tags":[2314,2313,2499],"class_list":["post-71475","post","type-post","status-publish","format-standard","has-post-thumbnail","hentry","category-vijesti","tag-dokumenti","tag-osobna-iskaznica","tag-pandemija"],"_links":{"self":[{"href":"https:\/\/www.mojevrijeme.hr\/magazin\/wp-json\/wp\/v2\/posts\/71475","targetHints":{"allow":["GET"]}}],"collection":[{"href":"https:\/\/www.mojevrijeme.hr\/magazin\/wp-json\/wp\/v2\/posts"}],"about":[{"href":"https:\/\/www.mojevrijeme.hr\/magazin\/wp-json\/wp\/v2\/types\/post"}],"author":[{"embeddable":true,"href":"https:\/\/www.mojevrijeme.hr\/magazin\/wp-json\/wp\/v2\/users\/1"}],"replies":[{"embeddable":true,"href":"https:\/\/www.mojevrijeme.hr\/magazin\/wp-json\/wp\/v2\/comments?post=71475"}],"version-history":[{"count":0,"href":"https:\/\/www.mojevrijeme.hr\/magazin\/wp-json\/wp\/v2\/posts\/71475\/revisions"}],"wp:featuredmedia":[{"embeddable":true,"href":"https:\/\/www.mojevrijeme.hr\/magazin\/wp-json\/wp\/v2\/media\/71480"}],"wp:attachment":[{"href":"https:\/\/www.mojevrijeme.hr\/magazin\/wp-json\/wp\/v2\/media?parent=71475"}],"wp:term":[{"taxonomy":"category","embeddable":true,"href":"https:\/\/www.mojevrijeme.hr\/magazin\/wp-json\/wp\/v2\/categories?post=71475"},{"taxonomy":"post_tag","embeddable":true,"href":"https:\/\/www.mojevrijeme.hr\/magazin\/wp-json\/wp\/v2\/tags?post=71475"}],"curies":[{"name":"wp","href":"https:\/\/api.w.org\/{rel}","templated":true}]}}