{"id":71507,"date":"2023-04-19T15:45:06","date_gmt":"2023-04-19T13:45:06","guid":{"rendered":"https:\/\/www.mojevrijeme.hr\/magazin\/?p=71507"},"modified":"2023-04-19T17:02:53","modified_gmt":"2023-04-19T15:02:53","slug":"sramotan-prizor-iz-sisacke-bolnice-dvije-pacijentice-zgurane-u-jedan-krevet","status":"publish","type":"post","link":"https:\/\/www.mojevrijeme.hr\/magazin\/2023\/04\/sramotan-prizor-iz-sisacke-bolnice-dvije-pacijentice-zgurane-u-jedan-krevet\/","title":{"rendered":"Sramotan prizor iz sisa\u010dke bolnice, dvije pacijentice zgurane u jedan krevet"},"content":{"rendered":"\n<p>&#8220;Dok saborska zastupnica Maja Grba Bujevi\u0107 obilazi objedinjene hitne bolni\u010dke prijemove (OHBP) po Hrvatskoj te se naslikava s ravnateljima bolnica povodom proslava desetogodi\u0161njica otvorenja, iz Siska nam dolazi slika gdje djelatnici hitnog prijema nemaju dovoljno le\u017ee\u0107ih mjesta te stavljaju dvije pacijentice na jedan stre\u010der&#8221;, objavili su administratori Facebook stranice Hitna u\u017eivo 194. <\/p>\n\n\n\n<p>Na prilo\u017eenoj fotografiji snimljenoj u OHBP Op\u0107e bolnice &#8220;Dr. Ivo Pedi\u0161i\u0107&#8221; vide se dvije starije pacijentice zamu\u0107enih lica, zgurane u jedan bolni\u010dki krevet.&nbsp; Tko je autor fotografije koja svjedo\u010di o nedostojanstvenim uvjetima u koje se stavljaju stari, nemo\u0107ni i bolesni, nije objavljeno. <\/p>\n\n\n\n<p>&#8220;Jako humano za 21. stolje\u0107e! Hitni bolni\u010dki prijemovi ina\u010de slove za rudnike zdravstvenog sustava! Podr\u0161ka svim kolegama na OHBP u nadi da \u0107e vam saborska zastupnica Maja Grba-Bujevi\u0107, zajedno s va\u0161im ravnateljima, do idu\u0107e obljetnice osigurati krevete na kat&#8221;, zaklju\u010duje se objavi.<\/p><div id=\"mojev-3731534719\" class=\"mojev-u-tekstu mojev-entity-placement\" style=\"margin-left: auto;margin-right: auto;text-align: center;\"><div class=\"mojev-adlabel\">oglas<\/div><div style=\"height: 250px;\"><script async src=\"https:\/\/pagead2.googlesyndication.com\/pagead\/js\/adsbygoogle.js?client=ca-pub-8106111766207173\"\r\n     crossorigin=\"anonymous\"><\/script>\r\n<!-- Prikazni 1 u tekstu -->\r\n<ins class=\"adsbygoogle\"\r\n     style=\"display:block\"\r\n     data-ad-client=\"ca-pub-8106111766207173\"\r\n     data-ad-slot=\"8535551207\"\r\n     data-ad-format=\"auto\"\r\n     data-full-width-responsive=\"true\"><\/ins>\r\n<script>\r\n     (adsbygoogle = window.adsbygoogle || []).push({});\r\n<\/script><\/div><\/div><br style=\"clear: both; display: block; float: none;\"\/>\n\n\n\n<h3 class=\"wp-block-heading\">Ravnatelj priznaje: Trajalo je kratko, snimljeno je 14. travnja<\/h3>\n\n\n\n<p>Autenti\u010dnost fotografije tu\u017enog prizora hrvatskog zdravstva, na kojem dvije starije \u017eene le\u017ee na boku naslonjene jedna na drugu, jer druga\u010dije ne mogu stati na krevet, potvrdio je za <a rel=\"noreferrer noopener\" href=\"https:\/\/www.jutarnji.hr\/vijesti\/hrvatska\/ovo-je-prizor-iz-sisacke-bolnice-dvije-starije-zene-ugurali-su-na-maleni-krevet-ma-to-je-bilo-samo-na-kratko-15327283\" target=\"_blank\">Jutarnji list<\/a> ravnatelj bolnice mr. sc.<strong>&nbsp;Tomislav Dujmenovi\u0107<\/strong>. Objasnio je da je u to vrijeme bilo previ\u0161e pacijenata te da su dvije gospo\u0111e samo kratko bile zajedno u krevetu.<\/p>\n\n\n\n<p>&#8220;Nastavno na nedavna doga\u0111anja u OHBP u Op\u0107oj bolnici Sisak, u petak 14. travnja u periodu od 13-15 h bilo je vi\u0161e od 60 pacijenata, a od toga veliki broj te\u0161kih pacijenata koji su se morali pregledati, obaviti dijagnosti\u010dku obradu i hospitalizirati&#8221;, ka\u017ee Dujmenovi\u0107.<\/p>\n\n\n\n<h3 class=\"wp-block-heading\">Plenkovi\u0107: Ne trebate biti pametnjakovi\u0107&#8230;<\/h3>\n\n\n\n<p>Slu\u010daj je komentirao i premijer <strong>Andrej Plenkovi\u0107<\/strong> (HDZ). &#8220;Ne trebate ba\u0161 biti neki pametnjakovi\u0107 da znate da ne mo\u017eete dozvoliti da dvije osobe spavaju u istome krevetu&#8221;, rekao je kratko novinarima.<\/p>\n<div id=\"mojev-1069888290\" class=\"mojev-kraj-teksta mojev-entity-placement\" style=\"margin-bottom: 20px;margin-left: auto;margin-right: auto;text-align: center;\"><div class=\"mojev-adlabel\">oglas<\/div><div style=\"height: 250px;\"><script async src=\"https:\/\/pagead2.googlesyndication.com\/pagead\/js\/adsbygoogle.js?client=ca-pub-8106111766207173\"\r\n     crossorigin=\"anonymous\"><\/script>\r\n<!-- Display-1 -->\r\n<ins class=\"adsbygoogle\"\r\n     style=\"display:block\"\r\n     data-ad-client=\"ca-pub-8106111766207173\"\r\n     data-ad-slot=\"1465712950\"\r\n     data-ad-format=\"auto\"\r\n     data-full-width-responsive=\"true\"><\/ins>\r\n<script>\r\n     (adsbygoogle = window.adsbygoogle || []).push({});\r\n<\/script><\/div><\/div>","protected":false},"excerpt":{"rendered":"<p>&#8216;Podr\u0161ka svim kolegama na OHBP u nadi da \u0107e vam saborska zastupnica Maja Grba-Bujevi\u0107 zajedno s va\u0161im ravnateljima do idu\u0107e obljetnice osigurati krevete na kat&#8217;, napisali su hitnjaci uz prilo\u017eenu fotografiju.<\/p>\n","protected":false},"author":1,"featured_media":71508,"comment_status":"closed","ping_status":"closed","sticky":false,"template":"","format":"standard","meta":{"footnotes":""},"categories":[9],"tags":[1166,1076,236,51],"class_list":["post-71507","post","type-post","status-publish","format-standard","has-post-thumbnail","hentry","category-vijesti","tag-bolnice","tag-sisak","tag-standard","tag-zdravstvo"],"_links":{"self":[{"href":"https:\/\/www.mojevrijeme.hr\/magazin\/wp-json\/wp\/v2\/posts\/71507","targetHints":{"allow":["GET"]}}],"collection":[{"href":"https:\/\/www.mojevrijeme.hr\/magazin\/wp-json\/wp\/v2\/posts"}],"about":[{"href":"https:\/\/www.mojevrijeme.hr\/magazin\/wp-json\/wp\/v2\/types\/post"}],"author":[{"embeddable":true,"href":"https:\/\/www.mojevrijeme.hr\/magazin\/wp-json\/wp\/v2\/users\/1"}],"replies":[{"embeddable":true,"href":"https:\/\/www.mojevrijeme.hr\/magazin\/wp-json\/wp\/v2\/comments?post=71507"}],"version-history":[{"count":0,"href":"https:\/\/www.mojevrijeme.hr\/magazin\/wp-json\/wp\/v2\/posts\/71507\/revisions"}],"wp:featuredmedia":[{"embeddable":true,"href":"https:\/\/www.mojevrijeme.hr\/magazin\/wp-json\/wp\/v2\/media\/71508"}],"wp:attachment":[{"href":"https:\/\/www.mojevrijeme.hr\/magazin\/wp-json\/wp\/v2\/media?parent=71507"}],"wp:term":[{"taxonomy":"category","embeddable":true,"href":"https:\/\/www.mojevrijeme.hr\/magazin\/wp-json\/wp\/v2\/categories?post=71507"},{"taxonomy":"post_tag","embeddable":true,"href":"https:\/\/www.mojevrijeme.hr\/magazin\/wp-json\/wp\/v2\/tags?post=71507"}],"curies":[{"name":"wp","href":"https:\/\/api.w.org\/{rel}","templated":true}]}}