{"id":71537,"date":"2023-04-19T19:05:05","date_gmt":"2023-04-19T17:05:05","guid":{"rendered":"https:\/\/www.mojevrijeme.hr\/magazin\/?p=71537"},"modified":"2023-04-19T19:05:09","modified_gmt":"2023-04-19T17:05:09","slug":"hrvatska-i-kosovo-imaju-nacionalnu-mirovinu-sto-ceka-srbija","status":"publish","type":"post","link":"https:\/\/www.mojevrijeme.hr\/magazin\/2023\/04\/hrvatska-i-kosovo-imaju-nacionalnu-mirovinu-sto-ceka-srbija\/","title":{"rendered":"Hrvatska i Kosovo imaju nacionalnu mirovinu, \u0161to \u010deka Srbija?"},"content":{"rendered":"\n<p>Hrvatska, Makedonija i Kosovo, gra\u0111anima koji nisu prikupili dovoljno sta\u017ea ispla\u0107uju takozvanu nacionalnu mirovinu. U Hrvatskoj oni koji nemaju ni 15 godina sta\u017ea, a zadovoljavaju prihodovni cenzus, mogu ra\u010dunati na oko 120 eura mjese\u010dne naknade. No \u0161to je sa Srbijom koja ve\u0107 dva desetlje\u0107a govori o takozvanoj socijalnoj mirovini?<\/p>\n\n\n\n<p>Prema srbijanskoj Nacionalnoj strategiji o starenju, javlja <a rel=\"noreferrer noopener\" href=\"https:\/\/www.kurir.rs\/vesti\/biznis\/4147186\/do-penzije-i-bez-dana-staza-ova-grupa-gradjana-bi-mogla-da-dobije-socijalnu-penziju-neke-zemlje-u-okruzenju-je-vec-imaju\" target=\"_blank\">Kurir<\/a>, svi koji nemaju dovoljno sta\u017ea zabilje\u017eenog u radnoj knji\u017eici ili nisu ispunili druge zakonom propisane uvjete trebali bi biti kandidati za socijalnu mirovinu. Na\u017ealost, to se jo\u0161 nije dogodilo, unato\u010d tome \u0161to ovaj dokument datira jo\u0161 iz 2007. godine. <\/p>\n\n\n\n<p>Prof. dr. <strong>Danilo \u0160ukovi\u0107,<\/strong> javlja Kurir, smatra da s obzirom na \u0161iroko rasprostranjeno siroma\u0161tvo u Srbiji, posebno me\u0111u starijom populacijom, uvo\u0111enje socijalnih mirovina predstavlja imperativ koji bi trebalo \u0161to prije ostvariti. Veliki broj siroma\u0161nih osoba je materijalno neosiguran, kako zbog niskih primanja, tako i zbog \u010dinjenice da mnogi od njih nisu obuhva\u0107eni odgovaraju\u0107om socijalnom za\u0161titom, \u0161to posebno vrijedi za osobe starije od 65 godina.<\/p><div id=\"mojev-1399123949\" class=\"mojev-u-tekstu mojev-entity-placement\" style=\"margin-left: auto;margin-right: auto;text-align: center;\"><div class=\"mojev-adlabel\">oglas<\/div><div style=\"height: 250px;\"><script async src=\"https:\/\/pagead2.googlesyndication.com\/pagead\/js\/adsbygoogle.js?client=ca-pub-8106111766207173\"\r\n     crossorigin=\"anonymous\"><\/script>\r\n<!-- Prikazni 1 u tekstu -->\r\n<ins class=\"adsbygoogle\"\r\n     style=\"display:block\"\r\n     data-ad-client=\"ca-pub-8106111766207173\"\r\n     data-ad-slot=\"8535551207\"\r\n     data-ad-format=\"auto\"\r\n     data-full-width-responsive=\"true\"><\/ins>\r\n<script>\r\n     (adsbygoogle = window.adsbygoogle || []).push({});\r\n<\/script><\/div><\/div><br style=\"clear: both; display: block; float: none;\"\/>\n\n\n\n<p>Profesor isti\u010de da je globalno vi\u0161e od 100 zemalja ve\u0107 uvelo ovaj oblik davanja za najstarije stanovni\u0161tvo, uklju\u010duju\u0107i Sjedinjene Ameri\u010dke Dr\u017eave, \u0160vedsku i mnoge druge zemlje. Procjenjuje se da su ove mjere doprinijele smanjenju siroma\u0161tva i pobolj\u0161anju socijalne kohezije. Stoga, u Srbiji bi trebalo prou\u010diti iskustva drugih zemalja i odabrati model koji odgovara lokalnim uvjetima, uzimaju\u0107i u obzir specifi\u010dnosti zemlje, kako bi se uspostavilo efikasno rje\u0161enje.<\/p>\n\n\n\n<p><strong>Nada Satari\u0107<\/strong> iz Udruge &#8220;Snaga prijateljstva-Amiti&#8221; ka\u017ee da se o socijalnim mirovinama, kao mehanizmu za u\u010dinkovitiju borbu protiv siroma\u0161tva, u Srbiji pri\u010da punih 20 godina, od vremena izrade Strategije za smanjenje siroma\u0161tva.<\/p>\n\n\n\n<p>&#8220;Iako je rok za osiguravanje uvjeta za uvo\u0111enje prava na posebnu vrstu socijalne mirovine bio 2007. godina, do danas su postignuti samo relaksiraniji uvjeti za ostvarivanje prava na nov\u010danu socijalnu pomo\u0107 za osobe nesposobne za rad, uklju\u010duju\u0107i i starije od 65 godina. Imovinski cenzus je podignut sa pola na hektar zemlje, a iznos nov\u010dane pomo\u0107i je pove\u0107an za 20 posto u odnosu na onu koju primaju radno sposobni gra\u0111ani&#8221;, ka\u017ee Satari\u0107.<\/p>\n\n\n\n<p>Danas, obja\u0161njava, Fiskalni savjet radi analizu mogu\u0107nosti za pro\u0161irenje sustava nov\u010dane socijalne pomo\u0107i, razmi\u0161ljaju\u0107i prvenstveno o onima koji su radili, ali nisu dovoljan broj godina da bi stekli pravo na mirovinu.<\/p>\n\n\n\n<p>&#8220;Mislim da je to tako\u0111er dobar korak naprijed, jer nije mali broj ljudi koji su bili zaposleni, ali kra\u0107e od 15 godina, \u0161to je minimum za ostvarivanje prava na mirovinu, ili su bili zaposleni i du\u017ee, ali im poslodavci nisu upla\u0107ivali doprinose za mirovinsko osiguranje, a danas \u017eive u velikom siroma\u0161tvu. Za njih bi socijalna mirovina bila odli\u010dno rje\u0161enje. Naravno, treba misliti i o velikom broju starijih \u017eena iz ruralnih sredina koje su radile kao poma\u017eu\u0107i \u010dlanovi doma\u0107instva, a danas \u017eive u siroma\u0161tvu, bez podr\u0161ke \u010dlanova obitelji, bilo da je nemaju ili ni oni ne mogu pomo\u0107i&#8221;, zaklju\u010duje Satari\u0107.<\/p>\n<div id=\"mojev-2959499500\" class=\"mojev-kraj-teksta mojev-entity-placement\" style=\"margin-bottom: 20px;margin-left: auto;margin-right: auto;text-align: center;\"><div class=\"mojev-adlabel\">oglas<\/div><div style=\"height: 250px;\"><script async src=\"https:\/\/pagead2.googlesyndication.com\/pagead\/js\/adsbygoogle.js?client=ca-pub-8106111766207173\"\r\n     crossorigin=\"anonymous\"><\/script>\r\n<!-- Display-1 -->\r\n<ins class=\"adsbygoogle\"\r\n     style=\"display:block\"\r\n     data-ad-client=\"ca-pub-8106111766207173\"\r\n     data-ad-slot=\"1465712950\"\r\n     data-ad-format=\"auto\"\r\n     data-full-width-responsive=\"true\"><\/ins>\r\n<script>\r\n     (adsbygoogle = window.adsbygoogle || []).push({});\r\n<\/script><\/div><\/div>","protected":false},"excerpt":{"rendered":"<p>Nije mali broj ljudi koji su bili zaposleni, ali kra\u0107e od 15 godina, \u0161to je minimum za ostvarivanje prava na mirovinu, ili su bili zaposleni i du\u017ee, ali im poslodavci nisu upla\u0107ivali doprinose za mirovinsko osiguranje, a danas \u017eive u velikom siroma\u0161tvu.<\/p>\n","protected":false},"author":1,"featured_media":71539,"comment_status":"closed","ping_status":"closed","sticky":false,"template":"","format":"standard","meta":{"footnotes":""},"categories":[9],"tags":[1215,17,638],"class_list":["post-71537","post","type-post","status-publish","format-standard","has-post-thumbnail","hentry","category-vijesti","tag-nacionalna-mirovina","tag-novac","tag-srbija"],"_links":{"self":[{"href":"https:\/\/www.mojevrijeme.hr\/magazin\/wp-json\/wp\/v2\/posts\/71537","targetHints":{"allow":["GET"]}}],"collection":[{"href":"https:\/\/www.mojevrijeme.hr\/magazin\/wp-json\/wp\/v2\/posts"}],"about":[{"href":"https:\/\/www.mojevrijeme.hr\/magazin\/wp-json\/wp\/v2\/types\/post"}],"author":[{"embeddable":true,"href":"https:\/\/www.mojevrijeme.hr\/magazin\/wp-json\/wp\/v2\/users\/1"}],"replies":[{"embeddable":true,"href":"https:\/\/www.mojevrijeme.hr\/magazin\/wp-json\/wp\/v2\/comments?post=71537"}],"version-history":[{"count":0,"href":"https:\/\/www.mojevrijeme.hr\/magazin\/wp-json\/wp\/v2\/posts\/71537\/revisions"}],"wp:featuredmedia":[{"embeddable":true,"href":"https:\/\/www.mojevrijeme.hr\/magazin\/wp-json\/wp\/v2\/media\/71539"}],"wp:attachment":[{"href":"https:\/\/www.mojevrijeme.hr\/magazin\/wp-json\/wp\/v2\/media?parent=71537"}],"wp:term":[{"taxonomy":"category","embeddable":true,"href":"https:\/\/www.mojevrijeme.hr\/magazin\/wp-json\/wp\/v2\/categories?post=71537"},{"taxonomy":"post_tag","embeddable":true,"href":"https:\/\/www.mojevrijeme.hr\/magazin\/wp-json\/wp\/v2\/tags?post=71537"}],"curies":[{"name":"wp","href":"https:\/\/api.w.org\/{rel}","templated":true}]}}