{"id":71607,"date":"2023-04-20T11:58:06","date_gmt":"2023-04-20T09:58:06","guid":{"rendered":"https:\/\/www.mojevrijeme.hr\/magazin\/?p=71607"},"modified":"2023-04-20T11:59:27","modified_gmt":"2023-04-20T09:59:27","slug":"bakic-mozemo-treba-zagrabiti-u-proracun-i-upristojiti-mirovine-korak-po-korak","status":"publish","type":"post","link":"https:\/\/www.mojevrijeme.hr\/magazin\/2023\/04\/bakic-mozemo-treba-zagrabiti-u-proracun-i-upristojiti-mirovine-korak-po-korak\/","title":{"rendered":"Baki\u0107 (Mo\u017eemo!): Treba zagrabiti u prora\u010dun i upristojiti mirovine, korak po korak"},"content":{"rendered":"\n<p><strong>Damir Baki\u0107<\/strong>, saborski zastupnik stranke Mo\u017eemo u programu <a href=\"https:\/\/n1info.hr\/vijesti\/bakic-o-kaosu-u-saboru-dozivjeli-smo-jedno-od-nizih-dna\/\" target=\"_blank\" rel=\"noreferrer noopener\">N1<\/a> televizije komentirao je ju\u010dera\u0161nju burnu raspravu o Zakonu o mirovinama. Rasprava je ka\u017ee, bila vrlo razo\u010daravaju\u0107a: &#8220;Svi smo bili duboko deprimirani razinom rasprave pogotovo kad se govorilo o mirovinskom zakonu.&#8221;<\/p>\n\n\n\n<p>Podsjetio je da se raspravljalo &#8220;o korekciji, vra\u0107anju ili pove\u0107anju mirovina za 185 tisu\u0107a umirovljenika koji su ili umirovljeni ili su im mirovine obra\u010dunate po posebnim zakonima.&#8221; Napominje da nije istina da se to odnosi samo na veterane, odnosno sudionike Domovinskog rata, nego da su tu i biv\u0161i vatrogasci, policajci, umirovljeni saborski zastupnici, vladini slu\u017ebenici, suci Ustavnog suda, rudari\u2026<\/p>\n\n\n\n<p>&#8220;Sam po sebi taj zakon nikome nije bio sporan. U kriznim godinama Vlade Jadranke Kosor kad su bili uvedeni dodatni porezi, onda su i te povla\u0161tene mirovine bile smanjene. Sada je pred nas do\u0161ao zakon gdje se to smanjenje ukida. To nije sporno, treba ih vratiti na razinu na koju su bile priznate&#8221;, rekao je Baki\u0107 pa nastavio:<\/p><div id=\"mojev-3737872639\" class=\"mojev-u-tekstu mojev-entity-placement\" style=\"margin-left: auto;margin-right: auto;text-align: center;\"><div class=\"mojev-adlabel\">oglas<\/div><div style=\"height: 250px;\"><script async src=\"https:\/\/pagead2.googlesyndication.com\/pagead\/js\/adsbygoogle.js?client=ca-pub-8106111766207173\"\r\n     crossorigin=\"anonymous\"><\/script>\r\n<!-- Prikazni 1 u tekstu -->\r\n<ins class=\"adsbygoogle\"\r\n     style=\"display:block\"\r\n     data-ad-client=\"ca-pub-8106111766207173\"\r\n     data-ad-slot=\"8535551207\"\r\n     data-ad-format=\"auto\"\r\n     data-full-width-responsive=\"true\"><\/ins>\r\n<script>\r\n     (adsbygoogle = window.adsbygoogle || []).push({});\r\n<\/script><\/div><\/div><br style=\"clear: both; display: block; float: none;\"\/>\n\n\n\n<p>&#8220;Mi smo ukazivali na su\u0161tinske, koncepcijske slabosti u na\u0161em mirovinskom sustavu. Ukazivali smo na te\u017eak materijalni polo\u017eaj ve\u0107ine umirovljenika, posebno onih koji su zaradili svoju punu starosnu mirovinu s velikim sta\u017eom. Razina mirovina je apsolutno niska.&#8221;<\/p>\n\n\n\n<p>Baki\u0107 iznosi podatak da Hrvatska ima preko 500 tisu\u0107a umirovljenika koji su i\u0161li u starosnu mirovinu: &#8220;Njihov prosje\u010dan sta\u017e je 32 godine, a prosje\u010dna mirovina 477 eura, \u0161to je 43 posto od prosje\u010dne pla\u0107e u RH. To je nedopustivo. Moramo prona\u0107i prora\u010dunskih rezervi da mimo ovih regularnih uskla\u0111enja te mirovine korak po korak dovedemo na pristojnu razinu&#8221;, dodao je.<\/p>\n\n\n\n<p>Njihove kritike, tvrdi Baki\u0107, vladaju\u0107i su odbacili. &#8220;Pojedini zastupnici su pre\u0161li svaku granicu optu\u017euju\u0107i nas da smo protiv branitelja i Domovinskog rata&#8221;, kazao je Baki\u0107.<\/p>\n<div id=\"mojev-413101021\" class=\"mojev-kraj-teksta mojev-entity-placement\" style=\"margin-bottom: 20px;margin-left: auto;margin-right: auto;text-align: center;\"><div class=\"mojev-adlabel\">oglas<\/div><div style=\"height: 250px;\"><script async src=\"https:\/\/pagead2.googlesyndication.com\/pagead\/js\/adsbygoogle.js?client=ca-pub-8106111766207173\"\r\n     crossorigin=\"anonymous\"><\/script>\r\n<!-- Display-1 -->\r\n<ins class=\"adsbygoogle\"\r\n     style=\"display:block\"\r\n     data-ad-client=\"ca-pub-8106111766207173\"\r\n     data-ad-slot=\"1465712950\"\r\n     data-ad-format=\"auto\"\r\n     data-full-width-responsive=\"true\"><\/ins>\r\n<script>\r\n     (adsbygoogle = window.adsbygoogle || []).push({});\r\n<\/script><\/div><\/div>","protected":false},"excerpt":{"rendered":"<p>Ukazivali smo na te\u017eak materijalni polo\u017eaj ve\u0107ine umirovljenika, posebno onih koji su zaradili svoju punu starosnu mirovinu s velikim sta\u017eom, ka\u017ee ovaj saborski zastupnik<\/p>\n","protected":false},"author":1,"featured_media":48825,"comment_status":"closed","ping_status":"closed","sticky":false,"template":"","format":"standard","meta":{"footnotes":""},"categories":[9],"tags":[2763,18],"class_list":["post-71607","post","type-post","status-publish","format-standard","has-post-thumbnail","hentry","category-vijesti","tag-damir-bakic","tag-mirovine"],"_links":{"self":[{"href":"https:\/\/www.mojevrijeme.hr\/magazin\/wp-json\/wp\/v2\/posts\/71607","targetHints":{"allow":["GET"]}}],"collection":[{"href":"https:\/\/www.mojevrijeme.hr\/magazin\/wp-json\/wp\/v2\/posts"}],"about":[{"href":"https:\/\/www.mojevrijeme.hr\/magazin\/wp-json\/wp\/v2\/types\/post"}],"author":[{"embeddable":true,"href":"https:\/\/www.mojevrijeme.hr\/magazin\/wp-json\/wp\/v2\/users\/1"}],"replies":[{"embeddable":true,"href":"https:\/\/www.mojevrijeme.hr\/magazin\/wp-json\/wp\/v2\/comments?post=71607"}],"version-history":[{"count":0,"href":"https:\/\/www.mojevrijeme.hr\/magazin\/wp-json\/wp\/v2\/posts\/71607\/revisions"}],"wp:featuredmedia":[{"embeddable":true,"href":"https:\/\/www.mojevrijeme.hr\/magazin\/wp-json\/wp\/v2\/media\/48825"}],"wp:attachment":[{"href":"https:\/\/www.mojevrijeme.hr\/magazin\/wp-json\/wp\/v2\/media?parent=71607"}],"wp:term":[{"taxonomy":"category","embeddable":true,"href":"https:\/\/www.mojevrijeme.hr\/magazin\/wp-json\/wp\/v2\/categories?post=71607"},{"taxonomy":"post_tag","embeddable":true,"href":"https:\/\/www.mojevrijeme.hr\/magazin\/wp-json\/wp\/v2\/tags?post=71607"}],"curies":[{"name":"wp","href":"https:\/\/api.w.org\/{rel}","templated":true}]}}