{"id":71619,"date":"2023-04-20T12:54:31","date_gmt":"2023-04-20T10:54:31","guid":{"rendered":"https:\/\/www.mojevrijeme.hr\/magazin\/?p=71619"},"modified":"2023-06-05T11:25:24","modified_gmt":"2023-06-05T09:25:24","slug":"licka-snaha-svekrvi-ne-zelim-dati-ni-casu-vode-jesam-li-losa-osoba","status":"publish","type":"post","link":"https:\/\/www.mojevrijeme.hr\/magazin\/2023\/04\/licka-snaha-svekrvi-ne-zelim-dati-ni-casu-vode-jesam-li-losa-osoba\/","title":{"rendered":"Li\u010dka snaha: &#8216;Svekrvi ne \u017eelim dati ni \u010da\u0161u vode. Jesam li lo\u0161a osoba?&#8217;"},"content":{"rendered":"\n<p>Je li odnos snahe i svekrve na ve\u0107em isku\u0161enju kada potje\u010du iz razli\u010ditih okru\u017eenja? Na\u0161a \u010ditateljica misli da jest, a svoje mi\u0161ljenje temelji na iskustvu preseljenja u prelijepu, ali mnogi \u0107e re\u0107i, i okrutnu Liku. Ljepota krajolika i netaknuta priroda, na \u017ealost, ne zrcale se uvijek u obiteljskim odnosima.<\/p>\n\n\n\n<p>&#8220;Imam, blago re\u010deno, svekrvu iz pakla. Naime, snaha sam u Lici u kojoj \u017eene jo\u0161 uvijek \u010desto susre\u0107u predrasude i govori im se da moraju \u0161utjeti i trpjeti, samo zato \u0161to su &#8211; \u017eene. Do\u0161la sam iz grada, s fakultetskom diplomom, na selo me\u0111u krave i ovce, u mjesto gdje ljudi gotovo da i nema, a mla\u0111ih uop\u0107e nema&#8221;, govori na\u0161a \u010ditateljica koja za sebe ka\u017ee da radi o jutra do mraka.<\/p>\n\n\n\n<p>&#8220;\u017divotinje ne znaju za blagdane ni odmor, a ljeti je jo\u0161 gore jer krene ko\u0161nja. To \u0161to mu\u0161karci ne cijene sve \u0161to uradim, pa i nekako razumijem, ali&#8230; Pro\u0161le godine smo se suprug i ja dogovarali oko svih obaveza i ono malo slobodnog vremena koje smo imali. Svekrva je, revoltirana na\u0161im planiranjem, upala u na\u0161 dio ku\u0107e jer je ba\u0161 isplanirala da je moj suprug vozi k sestri. Ok, rekla sam, odlo\u017eit \u0107emo svoje planove za drugi dan.&#8221;<\/p><div id=\"mojev-1878111158\" class=\"mojev-u-tekstu mojev-entity-placement\" style=\"margin-left: auto;margin-right: auto;text-align: center;\"><div class=\"mojev-adlabel\">oglas<\/div><div style=\"height: 250px;\"><script async src=\"https:\/\/pagead2.googlesyndication.com\/pagead\/js\/adsbygoogle.js?client=ca-pub-8106111766207173\"\r\n     crossorigin=\"anonymous\"><\/script>\r\n<!-- Prikazni 1 u tekstu -->\r\n<ins class=\"adsbygoogle\"\r\n     style=\"display:block\"\r\n     data-ad-client=\"ca-pub-8106111766207173\"\r\n     data-ad-slot=\"8535551207\"\r\n     data-ad-format=\"auto\"\r\n     data-full-width-responsive=\"true\"><\/ins>\r\n<script>\r\n     (adsbygoogle = window.adsbygoogle || []).push({});\r\n<\/script><\/div><\/div><br style=\"clear: both; display: block; float: none;\"\/>\n\n\n\n<p>Napad je, govori ova snaha, do\u0161ao &#8220;s le\u0111a&#8221; galamom i optu\u017ebama. &#8220;Vikala je da uvijek \u017eelim nekamo i\u0107i, da nikad nisam kod ku\u0107e&#8230; \u0160lag na torti bila je re\u010denica: &#8216;Od jalove krave imam vi\u0161e koristi nego od tebe, jalova kobilo!&#8217; Vjerujte, nisam znala kako reagirati&#8221;, navodi. <\/p>\n\n\n\n\n\n<p><\/p>\n\n\n\n<p>&#8220;Moj suprug je stajao ukopan na mjestu. Da nije \u010duo na svoje u\u0161i, ne bi vjerovao da njegova majka to mo\u017ee izgovoriti. Iza\u0161la sam iz ku\u0107e, hodala dok su me noge mogle nositi prije nego \u0161to sam po\u010dela vri\u0161tati i plakati. Da sam tad ostala u ku\u0107i, vjerujem da bih zavr\u0161ila u zatvoru.&#8221;<\/p>\n\n\n\n<p>Stanje se od tada, nije popravilo, kazuje na\u0161a \u010ditateljica, iako se ova nemila epizoda dogodila prije dvije godine. &#8220;Ni dan danas ne komuniciram s njom. Njemu ne branim, jer mu je majka. Ali sam mu rekla da od mene ne o\u010dekuje da je u starosti gledam. Neka je po\u0161alje u dom ili neka plati nekoga tko \u0107e to raditi, jer od mene vi\u0161e ne mo\u017ee dobiti ni posljednju \u010da\u0161u vode.&#8221;<\/p>\n\n\n\n<p>&#8220;Jesam li ba\u0161 toliko lo\u0161a osoba? Ili je ona prenijela svoje frustracije na mene? Treba li \u0161utjeti i trpjeti dok te svi gaze?&#8221;, pita na\u0161a \u010ditateljica iz Like.<\/p>\n\n\n\n<div id=\"crveno\"><\/p>\n\n\n\n<h3 class=\"wp-block-heading\">Zanima nas va\u0161a pri\u010da<\/h3>\n\n\n\n<p>\u017delite li i vi, posve anonimno, podijeliti svoje iskustvo i vi\u0111enje ove teme s nama i na\u0161im \u010ditateljima, mo\u017eete to u\u010diniti putem web obrasca <a rel=\"noreferrer noopener\" href=\"https:\/\/www.mojevrijeme.hr\/magazin\/povjerljivo\/\" target=\"_blank\">Povjerljivo<\/a>. Napi\u0161ite svoju pri\u010du!<\/p>\n\n\n\n<p><\/div>\n<div id=\"mojev-2187010413\" class=\"mojev-kraj-teksta mojev-entity-placement\" style=\"margin-bottom: 20px;margin-left: auto;margin-right: auto;text-align: center;\"><div class=\"mojev-adlabel\">oglas<\/div><div style=\"height: 250px;\"><script async src=\"https:\/\/pagead2.googlesyndication.com\/pagead\/js\/adsbygoogle.js?client=ca-pub-8106111766207173\"\r\n     crossorigin=\"anonymous\"><\/script>\r\n<!-- Display-1 -->\r\n<ins class=\"adsbygoogle\"\r\n     style=\"display:block\"\r\n     data-ad-client=\"ca-pub-8106111766207173\"\r\n     data-ad-slot=\"1465712950\"\r\n     data-ad-format=\"auto\"\r\n     data-full-width-responsive=\"true\"><\/ins>\r\n<script>\r\n     (adsbygoogle = window.adsbygoogle || []).push({});\r\n<\/script><\/div><\/div>","protected":false},"excerpt":{"rendered":"<p>&#8216;Iza\u0161la sam van iz ku\u0107e, hodala dok su me noge mogle nositi prije nego \u0161to sam po\u010dela vri\u0161tati i plakati. Da sam tad ostala u ku\u0107i, vjerujem da bih zavr\u0161ila u zatvoru&#8217;, opisuje mu\u010dnu epizodu iz obiteljskog \u017eivota na\u0161a \u010ditateljica.<\/p>\n","protected":false},"author":1,"featured_media":71624,"comment_status":"closed","ping_status":"closed","sticky":false,"template":"","format":"standard","meta":{"footnotes":""},"categories":[3552],"tags":[1618,3437,1436,3374,3373],"class_list":["post-71619","post","type-post","status-publish","format-standard","has-post-thumbnail","hentry","category-povjerljivo","tag-lika","tag-obiteljski-odnosi","tag-povjerljivo","tag-snahe","tag-svekrve"],"_links":{"self":[{"href":"https:\/\/www.mojevrijeme.hr\/magazin\/wp-json\/wp\/v2\/posts\/71619","targetHints":{"allow":["GET"]}}],"collection":[{"href":"https:\/\/www.mojevrijeme.hr\/magazin\/wp-json\/wp\/v2\/posts"}],"about":[{"href":"https:\/\/www.mojevrijeme.hr\/magazin\/wp-json\/wp\/v2\/types\/post"}],"author":[{"embeddable":true,"href":"https:\/\/www.mojevrijeme.hr\/magazin\/wp-json\/wp\/v2\/users\/1"}],"replies":[{"embeddable":true,"href":"https:\/\/www.mojevrijeme.hr\/magazin\/wp-json\/wp\/v2\/comments?post=71619"}],"version-history":[{"count":0,"href":"https:\/\/www.mojevrijeme.hr\/magazin\/wp-json\/wp\/v2\/posts\/71619\/revisions"}],"wp:featuredmedia":[{"embeddable":true,"href":"https:\/\/www.mojevrijeme.hr\/magazin\/wp-json\/wp\/v2\/media\/71624"}],"wp:attachment":[{"href":"https:\/\/www.mojevrijeme.hr\/magazin\/wp-json\/wp\/v2\/media?parent=71619"}],"wp:term":[{"taxonomy":"category","embeddable":true,"href":"https:\/\/www.mojevrijeme.hr\/magazin\/wp-json\/wp\/v2\/categories?post=71619"},{"taxonomy":"post_tag","embeddable":true,"href":"https:\/\/www.mojevrijeme.hr\/magazin\/wp-json\/wp\/v2\/tags?post=71619"}],"curies":[{"name":"wp","href":"https:\/\/api.w.org\/{rel}","templated":true}]}}